{"id":21758,"date":"2025-04-03T10:37:55","date_gmt":"2025-04-03T07:37:55","guid":{"rendered":"https:\/\/kibrisayna.com\/index.php\/2025\/04\/03\/belediyelerde-calisan-hemsirelerin-kadro-ve-diger-sikintilari-ele-alindi-brtk\/"},"modified":"2025-04-03T10:37:55","modified_gmt":"2025-04-03T07:37:55","slug":"belediyelerde-calisan-hemsirelerin-kadro-ve-diger-sikintilari-ele-alindi-brtk","status":"publish","type":"post","link":"https:\/\/kibrisayna.com\/index.php\/2025\/04\/03\/belediyelerde-calisan-hemsirelerin-kadro-ve-diger-sikintilari-ele-alindi-brtk\/","title":{"rendered":"Belediyelerde \u00e7al\u0131\u015fan hem\u015firelerin kadro ve di\u011fer s\u0131k\u0131nt\u0131lar\u0131 ele al\u0131nd\u0131 \u2013 BRTK"},"content":{"rendered":"<p> <br \/>\n<\/p>\n<div>\n<div class=\"mariselle-image-container center\">\n                <img loading=\"lazy\" decoding=\"async\" width=\"1600\" height=\"814\" class=\"lazy-image\" alt=\"\" sizes=\"auto, (max-width: 1600px) 100vw, 1600px\" src=\"https:\/\/brtk.net\/wp-content\/uploads\/2025\/04\/03\/242244242.jpeg?ver=75e83af691b6005cd42a9634262f30bf\" srcset=\"https:\/\/brtk.net\/wp-content\/uploads\/2025\/04\/03\/242244242.jpeg?ver=75e83af691b6005cd42a9634262f30bf 1600w, https:\/\/brtk.net\/wp-content\/uploads\/2025\/04\/03\/242244242-300x153.jpeg?ver=3d6434b0dc4ad4c5011845df7f0f7b40 300w, https:\/\/brtk.net\/wp-content\/uploads\/2025\/04\/03\/242244242-1024x521.jpeg?ver=3d6434b0dc4ad4c5011845df7f0f7b40 1024w, https:\/\/brtk.net\/wp-content\/uploads\/2025\/04\/03\/242244242-768x391.jpeg?ver=3d6434b0dc4ad4c5011845df7f0f7b40 768w, https:\/\/brtk.net\/wp-content\/uploads\/2025\/04\/03\/242244242-1536x781.jpeg?ver=c5ebbe6dfab29b7a9f92c78e90d18b98 1536w\"\/>                            <\/div>\n<p>K\u0131br\u0131s T\u00fcrk Hem\u015fireler ve Ebeler Birli\u011fi Ba\u015fkan\u0131 Ali \u00d6zg\u00f6\u00e7men, belediye \u00e7al\u0131\u015fan\u0131 hem\u015firelerin g\u00f6rev, yetki ve sorumluluklar\u0131n\u0131n belirlenmesiyle ilgili bilgi al\u0131\u015fveri\u015finde bulunmak, dayan\u0131\u015fmay\u0131 g\u00fc\u00e7lendirmek i\u00e7in ilk kez belediye \u00e7al\u0131\u015fan\u0131 hem\u015firelerle birlik \u00e7at\u0131s\u0131 alt\u0131nda bir araya geldiklerini kaydetti.<\/p>\n<p>\u00d6zg\u00f6\u00e7men, yaz\u0131l\u0131 a\u00e7\u0131klamas\u0131nda, hem\u015fire kadrolar\u0131n\u0131n bulunmamas\u0131 nedeniyle s\u0131k\u0131nt\u0131 ya\u015fayan belediyelerdeki hem\u015firelerin sorunlar\u0131n\u0131n \u00e7\u00f6z\u00fcm\u00fc i\u00e7in \u0130\u00e7i\u015fleri Bakan\u0131 Dursun O\u011fuz ve Yerel Y\u00f6netimler M\u00fcd\u00fcr\u00fc Cenk D\u00f6kmen ile bir g\u00f6r\u00fc\u015fme ger\u00e7ekle\u015ftirdiklerini ifade etti. Bu g\u00f6r\u00fc\u015fmede, Belediyeler Personel (De\u011fi\u015fiklik) Yasa Tasar\u0131s\u0131\u2019n\u0131n Cumhuriyet Meclisi komitesine sunulmak \u00fczere oldu\u011fu bilgisinin payla\u015f\u0131ld\u0131\u011f\u0131n\u0131 kaydeden \u00d6zg\u00f6\u00e7men, hem\u015firelerin ihtiya\u00e7 duyaca\u011f\u0131 kadrolar konusunda g\u00f6r\u00fc\u015f ve \u00f6nerilerin komiteye iletilmesi gerekti\u011fini s\u00f6yledi.<\/p>\n<p>Belediye \u00e7al\u0131\u015fan\u0131 hem\u015fireler i\u00e7in uygun kadrolar\u0131n olu\u015fturulmas\u0131, g\u00f6rev, yetki ve sorumluluklar\u0131n\u0131n belirlenerek, komiteye ula\u015ft\u0131r\u0131lmas\u0131 i\u00e7in belediye \u00e7al\u0131\u015fan\u0131 meslekta\u015flar\u0131n\u0131 toplant\u0131ya davet ettiklerini belirten \u00d6zg\u00f6\u00e7men, ilk kez belediye \u00e7al\u0131\u015fan\u0131 hem\u015firelerle birlik \u00e7at\u0131s\u0131 alt\u0131nda bir araya geldiklerini kaydetti.<\/p>\n<p>Ali \u00d6zg\u00f6\u00e7men, Lefko\u015fa\u2019da, Thalassemia Konferans Salonu\u2019nda d\u00fcn yap\u0131lan ve ilk olma \u00f6zelli\u011fi ta\u015f\u0131yan toplant\u0131ya, De\u011firmenlik Ak\u0131nc\u0131lar Belediyesi, Lefko\u015fa T\u00fcrk Belediyesi, Dikmen Belediyesi, \u00c7atalk\u00f6y Esentepe Belediyesi, G\u00f6nyeli Alayk\u00f6y Belediyesi, Gazima\u011fusa Belediyesi, Lapta Alsancak \u00c7aml\u0131bel Belediyesi, \u0130skele Belediyesi ve Lefke Belediyesi \u00e7al\u0131\u015fan\u0131 hem\u015firelerin kat\u0131ld\u0131\u011f\u0131n\u0131 s\u00f6yledi.<\/p>\n<p>Yerel y\u00f6netimlerin sundu\u011fu sa\u011fl\u0131k hizmetlerinin etkin, kal\u0131c\u0131 ve bilimsel temellere dayal\u0131 \u015fekilde s\u00fcrd\u00fcr\u00fclebilmesi i\u00e7in hem\u015firelerin vazge\u00e7ilmez rol \u00fcstlendi\u011fini de ifade eden Ali \u00d6zg\u00f6\u00e7men, \u201c\u00c7al\u0131\u015fmalar\u0131m\u0131z\u0131 kararl\u0131l\u0131kla s\u00fcrd\u00fcrecek, kar\u015f\u0131la\u015f\u0131labilecek engelleri a\u015fmak i\u00e7in teredd\u00fct etmeyece\u011fiz\u201d dedi.<\/p>\n<\/p><\/div>\n<p><script async\n                    defer\n                    crossorigin=\"anonymous\"\n                    src=\"https:\/\/connect.facebook.net\/tr_TR\/sdk.js#xfbml=1&#038;version=v3.3\"\n            ><\/script><br \/>\n<br \/><br \/>\n<br \/><a href=\"https:\/\/brtk.net\/belediyelerde-calisan-hemsirelerin-kadro-ve-diger-sikintilari-ele-alindi\/\">Kaynak BRT <\/a><\/p>\n","protected":false},"excerpt":{"rendered":"<p>K\u0131br\u0131s T\u00fcrk Hem\u015fireler ve Ebeler Birli\u011fi Ba\u015fkan\u0131 Ali \u00d6zg\u00f6\u00e7men, belediye \u00e7al\u0131\u015fan\u0131 hem\u015firelerin g\u00f6rev, yetki ve sorumluluklar\u0131n\u0131n belirlenmesiyle ilgili bilgi al\u0131\u015fveri\u015finde bulunmak, dayan\u0131\u015fmay\u0131 g\u00fc\u00e7lendirmek i\u00e7in ilk kez belediye \u00e7al\u0131\u015fan\u0131 hem\u015firelerle birlik \u00e7at\u0131s\u0131 alt\u0131nda bir araya geldiklerini kaydetti. \u00d6zg\u00f6\u00e7men, yaz\u0131l\u0131 a\u00e7\u0131klamas\u0131nda, hem\u015fire kadrolar\u0131n\u0131n bulunmamas\u0131 nedeniyle s\u0131k\u0131nt\u0131 ya\u015fayan belediyelerdeki hem\u015firelerin sorunlar\u0131n\u0131n \u00e7\u00f6z\u00fcm\u00fc i\u00e7in \u0130\u00e7i\u015fleri Bakan\u0131 Dursun O\u011fuz ve [&hellip;]<\/p>\n","protected":false},"author":908,"featured_media":21759,"comment_status":"open","ping_status":"open","sticky":false,"template":"","format":"standard","meta":{"advanced_seo_description":"","jetpack_seo_html_title":"","jetpack_seo_noindex":false,"jetpack_seo_schema_type":"","_jetpack_newsletter_access":"","_jetpack_dont_email_post_to_subs":false,"_jetpack_newsletter_tier_id":0,"_jetpack_memberships_contains_paywalled_content":false,"_jetpack_feature_clip_id":0,"_jetpack_memberships_contains_paid_content":false,"footnotes":"","jetpack_publicize_message":"","jetpack_publicize_feature_enabled":true,"jetpack_social_post_already_shared":true,"jetpack_social_options":{"image_generator_settings":{"template":"highway","default_image_id":0,"font":"","enabled":false},"version":2},"jetpack_post_was_ever_published":false},"categories":[253],"tags":[],"class_list":["post-21758","post","type-post","status-publish","format-standard","has-post-thumbnail","hentry","category-gundem"],"jetpack_publicize_connections":[],"jetpack_featured_media_url":"https:\/\/kibrisayna.com\/wp-content\/uploads\/2025\/04\/242244242.jpeg","jetpack_sharing_enabled":true,"_links":{"self":[{"href":"https:\/\/kibrisayna.com\/index.php\/wp-json\/wp\/v2\/posts\/21758","targetHints":{"allow":["GET"]}}],"collection":[{"href":"https:\/\/kibrisayna.com\/index.php\/wp-json\/wp\/v2\/posts"}],"about":[{"href":"https:\/\/kibrisayna.com\/index.php\/wp-json\/wp\/v2\/types\/post"}],"author":[{"embeddable":true,"href":"https:\/\/kibrisayna.com\/index.php\/wp-json\/wp\/v2\/users\/908"}],"replies":[{"embeddable":true,"href":"https:\/\/kibrisayna.com\/index.php\/wp-json\/wp\/v2\/comments?post=21758"}],"version-history":[{"count":0,"href":"https:\/\/kibrisayna.com\/index.php\/wp-json\/wp\/v2\/posts\/21758\/revisions"}],"wp:featuredmedia":[{"embeddable":true,"href":"https:\/\/kibrisayna.com\/index.php\/wp-json\/wp\/v2\/media\/21759"}],"wp:attachment":[{"href":"https:\/\/kibrisayna.com\/index.php\/wp-json\/wp\/v2\/media?parent=21758"}],"wp:term":[{"taxonomy":"category","embeddable":true,"href":"https:\/\/kibrisayna.com\/index.php\/wp-json\/wp\/v2\/categories?post=21758"},{"taxonomy":"post_tag","embeddable":true,"href":"https:\/\/kibrisayna.com\/index.php\/wp-json\/wp\/v2\/tags?post=21758"}],"curies":[{"name":"wp","href":"https:\/\/api.w.org\/{rel}","templated":true}]}}