{"id":21752,"date":"2025-04-03T09:00:28","date_gmt":"2025-04-03T06:00:28","guid":{"rendered":"https:\/\/kibrisayna.com\/index.php\/2025\/04\/03\/surlarici-ve-girnede-elektrik-kesintisi-brtk\/"},"modified":"2025-04-03T09:00:28","modified_gmt":"2025-04-03T06:00:28","slug":"surlarici-ve-girnede-elektrik-kesintisi-brtk","status":"publish","type":"post","link":"https:\/\/kibrisayna.com\/index.php\/2025\/04\/03\/surlarici-ve-girnede-elektrik-kesintisi-brtk\/","title":{"rendered":"Surlari\u00e7i ve Girne\u2019de elektrik kesintisi \u2013 BRTK"},"content":{"rendered":"<p> <br \/>\n<\/p>\n<div>\n<div class=\"mariselle-image-container center\">\n                <img loading=\"lazy\" decoding=\"async\" width=\"332\" height=\"152\" class=\"lazy-image\" alt=\"\" sizes=\"auto, (max-width: 332px) 100vw, 332px\" src=\"https:\/\/brtk.net\/wp-content\/uploads\/2023\/01\/29\/elektrik-kesintisi.jpg?ver=fe22ed46cf078048ed3d944409b70846\" srcset=\"https:\/\/brtk.net\/wp-content\/uploads\/2023\/01\/29\/elektrik-kesintisi.jpg?ver=fe22ed46cf078048ed3d944409b70846 332w, https:\/\/brtk.net\/wp-content\/uploads\/2023\/01\/29\/elektrik-kesintisi-300x137.jpg?ver=fe22ed46cf078048ed3d944409b70846 300w\"\/>                            <\/div>\n<p> Orta gerilim elektrik \u015febekesinde yap\u0131lacak olan proje \u00e7al\u0131\u015fmas\u0131 nedeniyle bug\u00fcn, 09.00 ile 12.00 saatleri aras\u0131nda surlari\u00e7i belediye pazar\u0131 civar\u0131na elektrik verilemeyecek.<\/p>\n<p><em>-Girne<\/em><\/p>\n<p>Orta gerilim elektrik \u015febekesinde yap\u0131lacak olan proje \u00e7al\u0131\u015fmas\u0131 nedeniyle bug\u00fcn, 10.00 ile 14.00 saatleri aras\u0131nda Tarsan \u00c7iftli\u011fi ve civar\u0131, Be\u015fparmak k\u00f6y\u00fc De\u011firmenlik ta\u015focaklar\u0131, tesisler ve su motorlar\u0131, Alevkayas\u0131, Yayla Tepe ve Levent Ta\u015focaklar\u0131 b\u00f6lgelerine elektrik verilemeyecek.<\/p>\n<p>K\u0131br\u0131s T\u00fcrk Elektrik Kurumu (K\u0131b-Tek), \u00e7al\u0131\u015fman\u0131n seyrine g\u00f6re elektrik enerjisi belirtilen saatten daha ge\u00e7 ya da daha erken verilebilece\u011finden, \u015febekede her an elektrik varm\u0131\u015f gibi davran\u0131lmas\u0131 gerekti\u011fini  duyurdu.<\/p>\n<\/p><\/div>\n<p><script async\n                    defer\n                    crossorigin=\"anonymous\"\n                    src=\"https:\/\/connect.facebook.net\/tr_TR\/sdk.js#xfbml=1&#038;version=v3.3\"\n            ><\/script><br \/>\n<br \/><br \/>\n<br \/><a href=\"https:\/\/brtk.net\/surlarici-ve-girnede-elektrik-kesintisi\/\">Kaynak BRT <\/a><\/p>\n","protected":false},"excerpt":{"rendered":"<p>Orta gerilim elektrik \u015febekesinde yap\u0131lacak olan proje \u00e7al\u0131\u015fmas\u0131 nedeniyle bug\u00fcn, 09.00 ile 12.00 saatleri aras\u0131nda surlari\u00e7i belediye pazar\u0131 civar\u0131na elektrik verilemeyecek. -Girne Orta gerilim elektrik \u015febekesinde yap\u0131lacak olan proje \u00e7al\u0131\u015fmas\u0131 nedeniyle bug\u00fcn, 10.00 ile 14.00 saatleri aras\u0131nda Tarsan \u00c7iftli\u011fi ve civar\u0131, Be\u015fparmak k\u00f6y\u00fc De\u011firmenlik ta\u015focaklar\u0131, tesisler ve su motorlar\u0131, Alevkayas\u0131, Yayla Tepe ve Levent Ta\u015focaklar\u0131 [&hellip;]<\/p>\n","protected":false},"author":908,"featured_media":6287,"comment_status":"open","ping_status":"open","sticky":false,"template":"","format":"standard","meta":{"advanced_seo_description":"","jetpack_seo_html_title":"","jetpack_seo_noindex":false,"jetpack_seo_schema_type":"","_jetpack_newsletter_access":"","_jetpack_dont_email_post_to_subs":false,"_jetpack_newsletter_tier_id":0,"_jetpack_memberships_contains_paywalled_content":false,"_jetpack_feature_clip_id":0,"_jetpack_memberships_contains_paid_content":false,"footnotes":"","jetpack_publicize_message":"","jetpack_publicize_feature_enabled":true,"jetpack_social_post_already_shared":true,"jetpack_social_options":{"image_generator_settings":{"template":"highway","default_image_id":0,"font":"","enabled":false},"version":2},"jetpack_post_was_ever_published":false},"categories":[253],"tags":[],"class_list":["post-21752","post","type-post","status-publish","format-standard","has-post-thumbnail","hentry","category-gundem"],"jetpack_publicize_connections":[],"jetpack_featured_media_url":"https:\/\/kibrisayna.com\/wp-content\/uploads\/2024\/09\/elektrik-kesintisi.jpg","jetpack_sharing_enabled":true,"_links":{"self":[{"href":"https:\/\/kibrisayna.com\/index.php\/wp-json\/wp\/v2\/posts\/21752","targetHints":{"allow":["GET"]}}],"collection":[{"href":"https:\/\/kibrisayna.com\/index.php\/wp-json\/wp\/v2\/posts"}],"about":[{"href":"https:\/\/kibrisayna.com\/index.php\/wp-json\/wp\/v2\/types\/post"}],"author":[{"embeddable":true,"href":"https:\/\/kibrisayna.com\/index.php\/wp-json\/wp\/v2\/users\/908"}],"replies":[{"embeddable":true,"href":"https:\/\/kibrisayna.com\/index.php\/wp-json\/wp\/v2\/comments?post=21752"}],"version-history":[{"count":0,"href":"https:\/\/kibrisayna.com\/index.php\/wp-json\/wp\/v2\/posts\/21752\/revisions"}],"wp:featuredmedia":[{"embeddable":true,"href":"https:\/\/kibrisayna.com\/index.php\/wp-json\/wp\/v2\/media\/6287"}],"wp:attachment":[{"href":"https:\/\/kibrisayna.com\/index.php\/wp-json\/wp\/v2\/media?parent=21752"}],"wp:term":[{"taxonomy":"category","embeddable":true,"href":"https:\/\/kibrisayna.com\/index.php\/wp-json\/wp\/v2\/categories?post=21752"},{"taxonomy":"post_tag","embeddable":true,"href":"https:\/\/kibrisayna.com\/index.php\/wp-json\/wp\/v2\/tags?post=21752"}],"curies":[{"name":"wp","href":"https:\/\/api.w.org\/{rel}","templated":true}]}}