{"id":21591,"date":"2025-04-01T09:48:06","date_gmt":"2025-04-01T06:48:06","guid":{"rendered":"https:\/\/kibrisayna.com\/index.php\/2025\/04\/01\/basbakan-ustel-iskelede-vatandaslarla-bayramlasti-brtk\/"},"modified":"2025-04-01T09:48:06","modified_gmt":"2025-04-01T06:48:06","slug":"basbakan-ustel-iskelede-vatandaslarla-bayramlasti-brtk","status":"publish","type":"post","link":"https:\/\/kibrisayna.com\/index.php\/2025\/04\/01\/basbakan-ustel-iskelede-vatandaslarla-bayramlasti-brtk\/","title":{"rendered":"Ba\u015fbakan \u00dcstel, \u0130skele\u2019de vatanda\u015flarla bayramla\u015ft\u0131 \u2013 BRTK"},"content":{"rendered":"<p> <br \/>\n<\/p>\n<div>\n<div class=\"mariselle-image-container center\">\n                <img loading=\"lazy\" decoding=\"async\" width=\"900\" height=\"700\" class=\"lazy-image\" alt=\"\" sizes=\"auto, (max-width: 900px) 100vw, 900px\" src=\"https:\/\/brtk.net\/wp-content\/uploads\/2024\/09\/23\/ustel-212.jpg?ver=8e14187c27b07b58f5981f681d635619\" srcset=\"https:\/\/brtk.net\/wp-content\/uploads\/2024\/09\/23\/ustel-212.jpg?ver=8e14187c27b07b58f5981f681d635619 900w, https:\/\/brtk.net\/wp-content\/uploads\/2024\/09\/23\/ustel-212-300x233.jpg?ver=4412bf75be3a9defe6683da1fbde4f5e 300w, https:\/\/brtk.net\/wp-content\/uploads\/2024\/09\/23\/ustel-212-768x597.jpg?ver=4412bf75be3a9defe6683da1fbde4f5e 768w, https:\/\/brtk.net\/wp-content\/uploads\/2024\/09\/23\/ustel-212-130x100.jpg?ver=4412bf75be3a9defe6683da1fbde4f5e 130w\"\/>                            <\/div>\n<p>Ulusal Birlik Partisi Genel Ba\u015fkan\u0131 Ba\u015fbakan \u00dcnal \u00dcstel ve e\u015fi Zerrin \u00dcstel Ma\u011fusa\u2019n\u0131n ard\u0131ndan \u0130skele\u2019deydi.<\/p>\n<p>Halkla ve partililerle bir araya gelen Ba\u015fbakan \u00dcstel\u2019in ziyaretinde Cumhurba\u015fkan\u0131 Ersin Tatar da yer ald\u0131.<\/p>\n<p>Ulusal Birlik Partisi Genel Ba\u015fkan\u0131 Ba\u015fbakan \u00dcnal \u00dcstel e\u015fi Zerrin \u00dcstel ille bayram\u0131n ikinci g\u00fcn\u00fcnde \u0130skele deki vatanda\u015flar ve partilileriyle bir araya gelerek bayram tebri\u011fini kabul etti.<\/p>\n<p>Ulusal Birlik Partisi\u2019nin \u0130skele \u0130l\u00e7e Binas\u0131\u2019nda yer alan bayram tebri\u011finde Cumhurba\u015fkan\u0131 Ersin Tatar da yer ald\u0131.<\/p>\n<p>Partilileri ve vatanda\u015flarla bir araya gelerek bayramla\u015fan Ba\u015fbakan \u00dcnal \u00dcstel, a\u00e7\u0131klama yapmad\u0131.<\/p>\n<\/p><\/div>\n<p><script async\n                    defer\n                    crossorigin=\"anonymous\"\n                    src=\"https:\/\/connect.facebook.net\/tr_TR\/sdk.js#xfbml=1&#038;version=v3.3\"\n            ><\/script><br \/>\n<br \/><br \/>\n<br \/><a href=\"https:\/\/brtk.net\/basbakan-ustel-iskelede-vatandaslarla-bayramlasti\/\">Kaynak BRT <\/a><\/p>\n","protected":false},"excerpt":{"rendered":"<p>Ulusal Birlik Partisi Genel Ba\u015fkan\u0131 Ba\u015fbakan \u00dcnal \u00dcstel ve e\u015fi Zerrin \u00dcstel Ma\u011fusa\u2019n\u0131n ard\u0131ndan \u0130skele\u2019deydi. Halkla ve partililerle bir araya gelen Ba\u015fbakan \u00dcstel\u2019in ziyaretinde Cumhurba\u015fkan\u0131 Ersin Tatar da yer ald\u0131. Ulusal Birlik Partisi Genel Ba\u015fkan\u0131 Ba\u015fbakan \u00dcnal \u00dcstel e\u015fi Zerrin \u00dcstel ille bayram\u0131n ikinci g\u00fcn\u00fcnde \u0130skele deki vatanda\u015flar ve partilileriyle bir araya gelerek bayram tebri\u011fini [&hellip;]<\/p>\n","protected":false},"author":908,"featured_media":21592,"comment_status":"open","ping_status":"open","sticky":false,"template":"","format":"standard","meta":{"advanced_seo_description":"","jetpack_seo_html_title":"","jetpack_seo_noindex":false,"jetpack_seo_schema_type":"","_jetpack_newsletter_access":"","_jetpack_dont_email_post_to_subs":false,"_jetpack_newsletter_tier_id":0,"_jetpack_memberships_contains_paywalled_content":false,"_jetpack_feature_clip_id":0,"_jetpack_memberships_contains_paid_content":false,"footnotes":"","jetpack_publicize_message":"","jetpack_publicize_feature_enabled":true,"jetpack_social_post_already_shared":true,"jetpack_social_options":{"image_generator_settings":{"template":"highway","default_image_id":0,"font":"","enabled":false},"version":2},"jetpack_post_was_ever_published":false},"categories":[253],"tags":[],"class_list":["post-21591","post","type-post","status-publish","format-standard","has-post-thumbnail","hentry","category-gundem"],"jetpack_publicize_connections":[],"jetpack_featured_media_url":"https:\/\/kibrisayna.com\/wp-content\/uploads\/2025\/04\/ustel-212-2.jpg","jetpack_sharing_enabled":true,"_links":{"self":[{"href":"https:\/\/kibrisayna.com\/index.php\/wp-json\/wp\/v2\/posts\/21591","targetHints":{"allow":["GET"]}}],"collection":[{"href":"https:\/\/kibrisayna.com\/index.php\/wp-json\/wp\/v2\/posts"}],"about":[{"href":"https:\/\/kibrisayna.com\/index.php\/wp-json\/wp\/v2\/types\/post"}],"author":[{"embeddable":true,"href":"https:\/\/kibrisayna.com\/index.php\/wp-json\/wp\/v2\/users\/908"}],"replies":[{"embeddable":true,"href":"https:\/\/kibrisayna.com\/index.php\/wp-json\/wp\/v2\/comments?post=21591"}],"version-history":[{"count":0,"href":"https:\/\/kibrisayna.com\/index.php\/wp-json\/wp\/v2\/posts\/21591\/revisions"}],"wp:featuredmedia":[{"embeddable":true,"href":"https:\/\/kibrisayna.com\/index.php\/wp-json\/wp\/v2\/media\/21592"}],"wp:attachment":[{"href":"https:\/\/kibrisayna.com\/index.php\/wp-json\/wp\/v2\/media?parent=21591"}],"wp:term":[{"taxonomy":"category","embeddable":true,"href":"https:\/\/kibrisayna.com\/index.php\/wp-json\/wp\/v2\/categories?post=21591"},{"taxonomy":"post_tag","embeddable":true,"href":"https:\/\/kibrisayna.com\/index.php\/wp-json\/wp\/v2\/tags?post=21591"}],"curies":[{"name":"wp","href":"https:\/\/api.w.org\/{rel}","templated":true}]}}