{"id":21582,"date":"2025-03-31T17:56:01","date_gmt":"2025-03-31T14:56:01","guid":{"rendered":"https:\/\/kibrisayna.com\/index.php\/2025\/03\/31\/kibris-ve-kibrisli-asigi-volkan-konakin-vedasi-derinden-uzdu-brtk\/"},"modified":"2025-03-31T17:56:01","modified_gmt":"2025-03-31T14:56:01","slug":"kibris-ve-kibrisli-asigi-volkan-konakin-vedasi-derinden-uzdu-brtk","status":"publish","type":"post","link":"https:\/\/kibrisayna.com\/index.php\/2025\/03\/31\/kibris-ve-kibrisli-asigi-volkan-konakin-vedasi-derinden-uzdu-brtk\/","title":{"rendered":"K\u0131br\u0131s ve K\u0131br\u0131sl\u0131 a\u015f\u0131\u011f\u0131 Volkan Konak\u2019\u0131n vedas\u0131 derinden \u00fczd\u00fc \u2013 BRTK"},"content":{"rendered":"<p> <br \/>\n<\/p>\n<div>\n<div class=\"mariselle-image-container center\">\n                <img loading=\"lazy\" decoding=\"async\" width=\"1849\" height=\"1040\" class=\"lazy-image\" alt=\"\" sizes=\"auto, (max-width: 1849px) 100vw, 1849px\" src=\"https:\/\/brtk.net\/wp-content\/uploads\/2024\/11\/06\/UNAL-USTEL-YAZI-YAZARKEN-2.png?ver=33fbfc5ecb922c66c2f49029db2c92e3\" srcset=\"https:\/\/brtk.net\/wp-content\/uploads\/2024\/11\/06\/UNAL-USTEL-YAZI-YAZARKEN-2.png?ver=33fbfc5ecb922c66c2f49029db2c92e3 1849w, https:\/\/brtk.net\/wp-content\/uploads\/2024\/11\/06\/UNAL-USTEL-YAZI-YAZARKEN-2-300x169.png?ver=33fbfc5ecb922c66c2f49029db2c92e3 300w, https:\/\/brtk.net\/wp-content\/uploads\/2024\/11\/06\/UNAL-USTEL-YAZI-YAZARKEN-2-1024x576.png?ver=c02ce2dcb0e31ac192a51c7d3e128ec2 1024w, https:\/\/brtk.net\/wp-content\/uploads\/2024\/11\/06\/UNAL-USTEL-YAZI-YAZARKEN-2-768x432.png?ver=347a2786f871b56b6b52290a77fe4bc8 768w, https:\/\/brtk.net\/wp-content\/uploads\/2024\/11\/06\/UNAL-USTEL-YAZI-YAZARKEN-2-1536x864.png?ver=18383890eda6155acad002ceff0956be 1536w\"\/>                            <\/div>\n<p>Ba\u015fbakan \u00dcnal \u00dcstel, \u00fcnl\u00fc sanat\u00e7\u0131 Volkan Konak\u2019\u0131n sahnede ge\u00e7irdi\u011fi rahats\u0131zl\u0131k sonucu hayat\u0131n\u0131 kaybetmesinin ard\u0131ndan mesaj yay\u0131mlad\u0131. <\/p>\n<p>\u00dcstel mesaj\u0131nda, \u201cK\u0131br\u0131s T\u00fcrk Halk\u0131\u2019n\u0131n ezgilerini repertuarlar\u0131na alarak d\u00fcnyaya duyuran, Kuzeyin o\u011flu ismine uygun olarak T\u00fcrkiye\u2019nin Kuzeyi Karadenizle, K\u0131br\u0131s\u2019\u0131n Kuzeyini adeta kucakla\u015ft\u0131ran, K\u0131br\u0131s ve K\u0131br\u0131sl\u0131 a\u015f\u0131\u011f\u0131 \u00fcnl\u00fc ses sanat\u00e7\u0131s\u0131 Volkan Konak\u2019\u0131n, \u00e7ok sevdi\u011fi \u00fclkemizde sahnede ge\u00e7irdi\u011fi kalp krizi sonucu t\u00fcm sevenlerine zamans\u0131z vedas\u0131 bizleri derinden \u00fczm\u00fc\u015ft\u00fcr\u201d ifadelerini kulland\u0131.  <\/p>\n<p>Volkan Konak\u2019a Allah\u2019tan rahmet dileyen Ba\u015fbakan \u00dcstel, \u201cmilletimize ve t\u00fcm sevenlerine ba\u015fsa\u011fl\u0131\u011f\u0131 diliyorum\u201d dedi.<\/p>\n<\/p><\/div>\n<p><script async\n                    defer\n                    crossorigin=\"anonymous\"\n                    src=\"https:\/\/connect.facebook.net\/tr_TR\/sdk.js#xfbml=1&#038;version=v3.3\"\n            ><\/script><br \/>\n<br \/><br \/>\n<br \/><a href=\"https:\/\/brtk.net\/basbakan-ustel-kibris-ve-kibrisli-asigi-volkan-konakin-vedasi-derinden-uzdu\/\">Kaynak BRT <\/a><\/p>\n","protected":false},"excerpt":{"rendered":"<p>Ba\u015fbakan \u00dcnal \u00dcstel, \u00fcnl\u00fc sanat\u00e7\u0131 Volkan Konak\u2019\u0131n sahnede ge\u00e7irdi\u011fi rahats\u0131zl\u0131k sonucu hayat\u0131n\u0131 kaybetmesinin ard\u0131ndan mesaj yay\u0131mlad\u0131. \u00dcstel mesaj\u0131nda, \u201cK\u0131br\u0131s T\u00fcrk Halk\u0131\u2019n\u0131n ezgilerini repertuarlar\u0131na alarak d\u00fcnyaya duyuran, Kuzeyin o\u011flu ismine uygun olarak T\u00fcrkiye\u2019nin Kuzeyi Karadenizle, K\u0131br\u0131s\u2019\u0131n Kuzeyini adeta kucakla\u015ft\u0131ran, K\u0131br\u0131s ve K\u0131br\u0131sl\u0131 a\u015f\u0131\u011f\u0131 \u00fcnl\u00fc ses sanat\u00e7\u0131s\u0131 Volkan Konak\u2019\u0131n, \u00e7ok sevdi\u011fi \u00fclkemizde sahnede ge\u00e7irdi\u011fi kalp krizi sonucu [&hellip;]<\/p>\n","protected":false},"author":908,"featured_media":8330,"comment_status":"open","ping_status":"open","sticky":false,"template":"","format":"standard","meta":{"advanced_seo_description":"","jetpack_seo_html_title":"","jetpack_seo_noindex":false,"jetpack_seo_schema_type":"","_jetpack_newsletter_access":"","_jetpack_dont_email_post_to_subs":false,"_jetpack_newsletter_tier_id":0,"_jetpack_memberships_contains_paywalled_content":false,"_jetpack_feature_clip_id":0,"_jetpack_memberships_contains_paid_content":false,"footnotes":"","jetpack_publicize_message":"","jetpack_publicize_feature_enabled":true,"jetpack_social_post_already_shared":true,"jetpack_social_options":{"image_generator_settings":{"template":"highway","default_image_id":0,"font":"","enabled":false},"version":2},"jetpack_post_was_ever_published":false},"categories":[253],"tags":[],"class_list":["post-21582","post","type-post","status-publish","format-standard","has-post-thumbnail","hentry","category-gundem"],"jetpack_publicize_connections":[],"jetpack_featured_media_url":"https:\/\/kibrisayna.com\/wp-content\/uploads\/2024\/10\/UNAL-USTEL-YAZI-YAZARKEN-1.png","jetpack_sharing_enabled":true,"_links":{"self":[{"href":"https:\/\/kibrisayna.com\/index.php\/wp-json\/wp\/v2\/posts\/21582","targetHints":{"allow":["GET"]}}],"collection":[{"href":"https:\/\/kibrisayna.com\/index.php\/wp-json\/wp\/v2\/posts"}],"about":[{"href":"https:\/\/kibrisayna.com\/index.php\/wp-json\/wp\/v2\/types\/post"}],"author":[{"embeddable":true,"href":"https:\/\/kibrisayna.com\/index.php\/wp-json\/wp\/v2\/users\/908"}],"replies":[{"embeddable":true,"href":"https:\/\/kibrisayna.com\/index.php\/wp-json\/wp\/v2\/comments?post=21582"}],"version-history":[{"count":0,"href":"https:\/\/kibrisayna.com\/index.php\/wp-json\/wp\/v2\/posts\/21582\/revisions"}],"wp:featuredmedia":[{"embeddable":true,"href":"https:\/\/kibrisayna.com\/index.php\/wp-json\/wp\/v2\/media\/8330"}],"wp:attachment":[{"href":"https:\/\/kibrisayna.com\/index.php\/wp-json\/wp\/v2\/media?parent=21582"}],"wp:term":[{"taxonomy":"category","embeddable":true,"href":"https:\/\/kibrisayna.com\/index.php\/wp-json\/wp\/v2\/categories?post=21582"},{"taxonomy":"post_tag","embeddable":true,"href":"https:\/\/kibrisayna.com\/index.php\/wp-json\/wp\/v2\/tags?post=21582"}],"curies":[{"name":"wp","href":"https:\/\/api.w.org\/{rel}","templated":true}]}}