{"id":21564,"date":"2025-03-31T15:34:02","date_gmt":"2025-03-31T12:34:02","guid":{"rendered":"https:\/\/kibrisayna.com\/index.php\/2025\/03\/31\/cumhurbaskani-tatar-tbk-gaziler-dernegini-ziyaret-etti-brtk\/"},"modified":"2025-03-31T15:34:02","modified_gmt":"2025-03-31T12:34:02","slug":"cumhurbaskani-tatar-tbk-gaziler-dernegini-ziyaret-etti-brtk","status":"publish","type":"post","link":"https:\/\/kibrisayna.com\/index.php\/2025\/03\/31\/cumhurbaskani-tatar-tbk-gaziler-dernegini-ziyaret-etti-brtk\/","title":{"rendered":"Cumhurba\u015fkan\u0131 Tatar, TBK Gaziler Derne\u011fi\u2019ni ziyaret etti \u2013 BRTK"},"content":{"rendered":"<p> <br \/>\n<\/p>\n<div>\n<div class=\"mariselle-image-container center\">\n                <img loading=\"lazy\" decoding=\"async\" width=\"1080\" height=\"551\" class=\"lazy-image\" alt=\"\" sizes=\"auto, (max-width: 1080px) 100vw, 1080px\" src=\"https:\/\/brtk.net\/wp-content\/uploads\/2025\/03\/31\/Screenshot_20250331_155020_X.jpg?ver=3fbb4a9ea436f1a7a6ef9755885a27bd\" srcset=\"https:\/\/brtk.net\/wp-content\/uploads\/2025\/03\/31\/Screenshot_20250331_155020_X.jpg?ver=3fbb4a9ea436f1a7a6ef9755885a27bd 1080w, https:\/\/brtk.net\/wp-content\/uploads\/2025\/03\/31\/Screenshot_20250331_155020_X-300x153.jpg?ver=2e3c5d2403ad3c1d677c46f8d1a27d54 300w, https:\/\/brtk.net\/wp-content\/uploads\/2025\/03\/31\/Screenshot_20250331_155020_X-1024x522.jpg?ver=2e3c5d2403ad3c1d677c46f8d1a27d54 1024w, https:\/\/brtk.net\/wp-content\/uploads\/2025\/03\/31\/Screenshot_20250331_155020_X-768x392.jpg?ver=2e3c5d2403ad3c1d677c46f8d1a27d54 768w\"\/>                            <\/div>\n<p>Cumhurba\u015fkan\u0131 Ersin Tatar Ramazan Bayram\u0131 dolay\u0131s\u0131yla T\u00fcrk Bar\u0131\u015f Kuvvetleri Gaziler Derne\u011fini ziyaret etti.<\/p>\n<p>Cumhurba\u015fkan\u0131 Ersin Tatar,\u2019a ziyaretinde Ba\u015fbakan \u00dcnal \u00dcstel de e\u015flik etti.<\/p>\n<p>Tatar a\u00e7\u0131klamas\u0131nda, gazilerin Kuzey K\u0131br\u0131s T\u00fcrk Cumhuriyeti\u2019nin kurulu\u015funda \u00f6nemli katk\u0131lar\u0131 oldu\u011funu vurgulad\u0131.<\/p>\n<p>Cumhurba\u015fkan\u0131 Ersin Tatar Ramazan Bayram\u0131 \u00e7er\u00e7evesinde K\u0131br\u0131s T\u00fcrk Bar\u0131\u015f Kuvvetleri Gaziler Derne\u011fini ziyaret ederek, gazilerle bayramla\u015ft\u0131 . <\/p>\n<p>Ziyarette, Ba\u015fbakan \u00dcnal \u00dcstel, baz\u0131 bakan, milletvekili ve h\u00fck\u00fcmet yetkilileri de yer ald\u0131.<\/p>\n<p>Ziyarette konu\u015fan K\u0131br\u0131s T\u00fcrk Gaziler Derne\u011fi Genel Ba\u015fkan\u0131 Nusrettin Yuca bayram vesilesiyle devlet ve h\u00fck\u00fcmet yetkililerinin kendilerine yapt\u0131\u011f\u0131 ziyaretten b\u00fcy\u00fck mutluluk duyduklar\u0131n\u0131 ifade etti. <\/p>\n<p>Cumhurba\u015fkan\u0131 Ersin Tatar da, herkesin bayram\u0131n\u0131 kutlad\u0131. <\/p>\n<p>Tatar, g\u00fcn vesilesiyle K\u0131br\u0131s T\u00fcrk halk\u0131 \u00fcst\u00fcnde oynanan \u00e7e\u015fitli oyunlara da i\u015faret ederek, K\u0131br\u0131s T\u00fcrk halk\u0131n\u0131n her \u015feye ra\u011fmen ba\u015f\u0131 dik, onurlu bir \u015fekilde, birlik ve beraberlik i\u00e7erisinde m\u00fccadelesini s\u00fcrd\u00fcrd\u00fc\u011f\u00fcne vurgu yapt\u0131. <\/p>\n<p>Tatar, birlik, beraberlik ve kar\u015f\u0131l\u0131kl\u0131 sayg\u0131n\u0131n korunmas\u0131n\u0131n \u00f6nemine de\u011finerek, Gazilerin toplum i\u00e7in \u00e7ok \u00f6nemli oldu\u011funu s\u00f6yledi ve KKTC\u2019nin kurulu\u015funda gazilerin b\u00fcy\u00fck katk\u0131lar\u0131 oldu\u011funu kaydetti. <\/p>\n<p>K\u0131br\u0131s T\u00fcrk halk\u0131n\u0131n Anavatan T\u00fcrkiye\u2019nin  deste\u011fiyle, iki devletli bir \u00e7\u00f6z\u00fcmden yana oldu\u011funu an\u0131msatan Tatar, Anavatan T\u00fcrkiye\u2019nin Kuzey K\u0131br\u0131s T\u00fcrk Cumhuriyeti\u2019ne her t\u00fcrl\u00fc deste\u011fi vermesinin \u00e7ok k\u0131ymetli oldu\u011funu da vurgulad\u0131.<\/p>\n<\/p><\/div>\n<p><script async\n                    defer\n                    crossorigin=\"anonymous\"\n                    src=\"https:\/\/connect.facebook.net\/tr_TR\/sdk.js#xfbml=1&#038;version=v3.3\"\n            ><\/script><br \/>\n<br \/><br \/>\n<br \/><a href=\"https:\/\/brtk.net\/cumhurbaskani-tatar-tbk-gaziler-dernegini-ziyaret-etti\/\">Kaynak BRT <\/a><\/p>\n","protected":false},"excerpt":{"rendered":"<p>Cumhurba\u015fkan\u0131 Ersin Tatar Ramazan Bayram\u0131 dolay\u0131s\u0131yla T\u00fcrk Bar\u0131\u015f Kuvvetleri Gaziler Derne\u011fini ziyaret etti. Cumhurba\u015fkan\u0131 Ersin Tatar,\u2019a ziyaretinde Ba\u015fbakan \u00dcnal \u00dcstel de e\u015flik etti. Tatar a\u00e7\u0131klamas\u0131nda, gazilerin Kuzey K\u0131br\u0131s T\u00fcrk Cumhuriyeti\u2019nin kurulu\u015funda \u00f6nemli katk\u0131lar\u0131 oldu\u011funu vurgulad\u0131. Cumhurba\u015fkan\u0131 Ersin Tatar Ramazan Bayram\u0131 \u00e7er\u00e7evesinde K\u0131br\u0131s T\u00fcrk Bar\u0131\u015f Kuvvetleri Gaziler Derne\u011fini ziyaret ederek, gazilerle bayramla\u015ft\u0131 . Ziyarette, Ba\u015fbakan \u00dcnal [&hellip;]<\/p>\n","protected":false},"author":908,"featured_media":21565,"comment_status":"open","ping_status":"open","sticky":false,"template":"","format":"standard","meta":{"advanced_seo_description":"","jetpack_seo_html_title":"","jetpack_seo_noindex":false,"jetpack_seo_schema_type":"","_jetpack_newsletter_access":"","_jetpack_dont_email_post_to_subs":false,"_jetpack_newsletter_tier_id":0,"_jetpack_memberships_contains_paywalled_content":false,"_jetpack_feature_clip_id":0,"_jetpack_memberships_contains_paid_content":false,"footnotes":"","jetpack_publicize_message":"","jetpack_publicize_feature_enabled":true,"jetpack_social_post_already_shared":true,"jetpack_social_options":{"image_generator_settings":{"template":"highway","default_image_id":0,"font":"","enabled":false},"version":2},"jetpack_post_was_ever_published":false},"categories":[253],"tags":[],"class_list":["post-21564","post","type-post","status-publish","format-standard","has-post-thumbnail","hentry","category-gundem"],"jetpack_publicize_connections":[],"jetpack_featured_media_url":"https:\/\/kibrisayna.com\/wp-content\/uploads\/2025\/03\/Screenshot_20250331_155020_X.jpg","jetpack_sharing_enabled":true,"_links":{"self":[{"href":"https:\/\/kibrisayna.com\/index.php\/wp-json\/wp\/v2\/posts\/21564","targetHints":{"allow":["GET"]}}],"collection":[{"href":"https:\/\/kibrisayna.com\/index.php\/wp-json\/wp\/v2\/posts"}],"about":[{"href":"https:\/\/kibrisayna.com\/index.php\/wp-json\/wp\/v2\/types\/post"}],"author":[{"embeddable":true,"href":"https:\/\/kibrisayna.com\/index.php\/wp-json\/wp\/v2\/users\/908"}],"replies":[{"embeddable":true,"href":"https:\/\/kibrisayna.com\/index.php\/wp-json\/wp\/v2\/comments?post=21564"}],"version-history":[{"count":0,"href":"https:\/\/kibrisayna.com\/index.php\/wp-json\/wp\/v2\/posts\/21564\/revisions"}],"wp:featuredmedia":[{"embeddable":true,"href":"https:\/\/kibrisayna.com\/index.php\/wp-json\/wp\/v2\/media\/21565"}],"wp:attachment":[{"href":"https:\/\/kibrisayna.com\/index.php\/wp-json\/wp\/v2\/media?parent=21564"}],"wp:term":[{"taxonomy":"category","embeddable":true,"href":"https:\/\/kibrisayna.com\/index.php\/wp-json\/wp\/v2\/categories?post=21564"},{"taxonomy":"post_tag","embeddable":true,"href":"https:\/\/kibrisayna.com\/index.php\/wp-json\/wp\/v2\/tags?post=21564"}],"curies":[{"name":"wp","href":"https:\/\/api.w.org\/{rel}","templated":true}]}}