{"id":21562,"date":"2025-03-31T15:26:56","date_gmt":"2025-03-31T12:26:56","guid":{"rendered":"https:\/\/kibrisayna.com\/index.php\/2025\/03\/31\/ataoglundan-konak-icin-taziye-mesaji-brtk\/"},"modified":"2025-03-31T15:26:56","modified_gmt":"2025-03-31T12:26:56","slug":"ataoglundan-konak-icin-taziye-mesaji-brtk","status":"publish","type":"post","link":"https:\/\/kibrisayna.com\/index.php\/2025\/03\/31\/ataoglundan-konak-icin-taziye-mesaji-brtk\/","title":{"rendered":"Atao\u011flu\u2019ndan Konak i\u00e7in taziye mesaj\u0131 \u2013 BRTK"},"content":{"rendered":"<p> <br \/>\n<\/p>\n<div>\n<div class=\"mariselle-image-container center\">\n                <img loading=\"lazy\" decoding=\"async\" width=\"1280\" height=\"640\" class=\"lazy-image\" alt=\"\" sizes=\"auto, (max-width: 1280px) 100vw, 1280px\" src=\"https:\/\/brtk.net\/wp-content\/uploads\/2025\/03\/31\/1743418991418558600.jpg?ver=c5631e77410b7dbc8c752cf53c0a1d44\" srcset=\"https:\/\/brtk.net\/wp-content\/uploads\/2025\/03\/31\/1743418991418558600.jpg?ver=c5631e77410b7dbc8c752cf53c0a1d44 1280w, https:\/\/brtk.net\/wp-content\/uploads\/2025\/03\/31\/1743418991418558600-300x150.jpg?ver=c5631e77410b7dbc8c752cf53c0a1d44 300w, https:\/\/brtk.net\/wp-content\/uploads\/2025\/03\/31\/1743418991418558600-1024x512.jpg?ver=77706c640fbc1d1eb4547db4d4cc98a1 1024w, https:\/\/brtk.net\/wp-content\/uploads\/2025\/03\/31\/1743418991418558600-768x384.jpg?ver=77706c640fbc1d1eb4547db4d4cc98a1 768w, https:\/\/brtk.net\/wp-content\/uploads\/2025\/03\/31\/1743418991418558600-720x360.jpg?ver=77706c640fbc1d1eb4547db4d4cc98a1 720w\"\/>                            <\/div>\n<p>Ba\u015fbakan Yard\u0131mc\u0131s\u0131, Turizm, K\u00fclt\u00fcr, Gen\u00e7lik ve \u00c7evre Bakan\u0131, Demokrat Parti (DP) Genel Ba\u015fkan\u0131 Fikri Atao\u011flu, Volkan Konak i\u00e7in taziye mesaj\u0131 yay\u0131mlad\u0131.<\/p>\n<p>Bakan Atao\u011flu yay\u0131mlad\u0131\u011f\u0131 mesajda, \u201cKuzey K\u0131br\u0131s T\u00fcrk Cumhuriyeti\u2019ne derin sevgisi ve ba\u011fl\u0131l\u0131\u011f\u0131yla tan\u0131nan de\u011ferli sanat\u00e7\u0131 Volkan Konak\u2019\u0131n, Gazima\u011fusa\u2019da verdi\u011fi konser s\u0131ras\u0131nda rahats\u0131zlanarak hayat\u0131n\u0131 kaybetmesi, bizleri derinden \u00fczd\u00fc. Sanat\u0131 ve y\u00fcre\u011fiyle adam\u0131z\u0131n k\u00fclt\u00fcrel zenginli\u011fine katk\u0131da bulunan Volkan Konak, Kuzey K\u0131br\u0131s\u2019\u0131 ne kadar sevdi\u011fini her f\u0131rsatta dile getirmi\u015f bir sanat\u00e7\u0131yd\u0131.\u201d ifadelerine yer verdi.   <\/p>\n<p>Konak\u2019\u0131n \u00fclkede d\u00fczenledi\u011fi konserlerle hem halk\u0131n g\u00f6nl\u00fcnde \u201ctaht kurdu\u011fu\u201d hem de \u00fclkenin k\u00fclt\u00fcr ve turizm hayat\u0131na katk\u0131lar sa\u011flad\u0131\u011f\u0131n\u0131 belirten Atao\u011flu, \u00f6zellikle Girne Amfi Tiyatro\u2019da binlerce ki\u015finin kat\u0131ld\u0131\u011f\u0131 konserinin haf\u0131zalardan silinmeyece\u011fini kaydetti.  <\/p>\n<p>Atao\u011flu, \u201cVolkan Konak\u2019\u0131n ani kayb\u0131 KKTC\u2019nin k\u00fclt\u00fcr ve sanat camias\u0131 i\u00e7in b\u00fcy\u00fck bir kay\u0131pt\u0131r. Onun \u015fark\u0131lar\u0131 ve \u015fiirleri, y\u00fcre\u011fimizde ya\u015famaya devam edecek; \u00fclkemize duydu\u011fu sevgi ve ba\u011fl\u0131l\u0131k, bizlere her zaman ilham kayna\u011f\u0131 olacakt\u0131r. Merhuma Allah\u2019tan rahmet, ailesine, sevenlerine ve t\u00fcm sanat camias\u0131na ba\u015fsa\u011fl\u0131\u011f\u0131 diliyorum.\u201d dedi.<\/p>\n<\/p><\/div>\n<p><script async\n                    defer\n                    crossorigin=\"anonymous\"\n                    src=\"https:\/\/connect.facebook.net\/tr_TR\/sdk.js#xfbml=1&#038;version=v3.3\"\n            ><\/script><br \/>\n<br \/><br \/>\n<br \/><a href=\"https:\/\/brtk.net\/ataoglundan-konak-icin-taziye-mesaji\/\">Kaynak BRT <\/a><\/p>\n","protected":false},"excerpt":{"rendered":"<p>Ba\u015fbakan Yard\u0131mc\u0131s\u0131, Turizm, K\u00fclt\u00fcr, Gen\u00e7lik ve \u00c7evre Bakan\u0131, Demokrat Parti (DP) Genel Ba\u015fkan\u0131 Fikri Atao\u011flu, Volkan Konak i\u00e7in taziye mesaj\u0131 yay\u0131mlad\u0131. Bakan Atao\u011flu yay\u0131mlad\u0131\u011f\u0131 mesajda, \u201cKuzey K\u0131br\u0131s T\u00fcrk Cumhuriyeti\u2019ne derin sevgisi ve ba\u011fl\u0131l\u0131\u011f\u0131yla tan\u0131nan de\u011ferli sanat\u00e7\u0131 Volkan Konak\u2019\u0131n, Gazima\u011fusa\u2019da verdi\u011fi konser s\u0131ras\u0131nda rahats\u0131zlanarak hayat\u0131n\u0131 kaybetmesi, bizleri derinden \u00fczd\u00fc. Sanat\u0131 ve y\u00fcre\u011fiyle adam\u0131z\u0131n k\u00fclt\u00fcrel zenginli\u011fine katk\u0131da [&hellip;]<\/p>\n","protected":false},"author":908,"featured_media":21563,"comment_status":"open","ping_status":"open","sticky":false,"template":"","format":"standard","meta":{"advanced_seo_description":"","jetpack_seo_html_title":"","jetpack_seo_noindex":false,"jetpack_seo_schema_type":"","_jetpack_newsletter_access":"","_jetpack_dont_email_post_to_subs":false,"_jetpack_newsletter_tier_id":0,"_jetpack_memberships_contains_paywalled_content":false,"_jetpack_feature_clip_id":0,"_jetpack_memberships_contains_paid_content":false,"footnotes":"","jetpack_publicize_message":"","jetpack_publicize_feature_enabled":true,"jetpack_social_post_already_shared":true,"jetpack_social_options":{"image_generator_settings":{"template":"highway","default_image_id":0,"font":"","enabled":false},"version":2},"jetpack_post_was_ever_published":false},"categories":[253],"tags":[],"class_list":["post-21562","post","type-post","status-publish","format-standard","has-post-thumbnail","hentry","category-gundem"],"jetpack_publicize_connections":[],"jetpack_featured_media_url":"https:\/\/kibrisayna.com\/wp-content\/uploads\/2025\/03\/1743418991418558600.jpg","jetpack_sharing_enabled":true,"_links":{"self":[{"href":"https:\/\/kibrisayna.com\/index.php\/wp-json\/wp\/v2\/posts\/21562","targetHints":{"allow":["GET"]}}],"collection":[{"href":"https:\/\/kibrisayna.com\/index.php\/wp-json\/wp\/v2\/posts"}],"about":[{"href":"https:\/\/kibrisayna.com\/index.php\/wp-json\/wp\/v2\/types\/post"}],"author":[{"embeddable":true,"href":"https:\/\/kibrisayna.com\/index.php\/wp-json\/wp\/v2\/users\/908"}],"replies":[{"embeddable":true,"href":"https:\/\/kibrisayna.com\/index.php\/wp-json\/wp\/v2\/comments?post=21562"}],"version-history":[{"count":0,"href":"https:\/\/kibrisayna.com\/index.php\/wp-json\/wp\/v2\/posts\/21562\/revisions"}],"wp:featuredmedia":[{"embeddable":true,"href":"https:\/\/kibrisayna.com\/index.php\/wp-json\/wp\/v2\/media\/21563"}],"wp:attachment":[{"href":"https:\/\/kibrisayna.com\/index.php\/wp-json\/wp\/v2\/media?parent=21562"}],"wp:term":[{"taxonomy":"category","embeddable":true,"href":"https:\/\/kibrisayna.com\/index.php\/wp-json\/wp\/v2\/categories?post=21562"},{"taxonomy":"post_tag","embeddable":true,"href":"https:\/\/kibrisayna.com\/index.php\/wp-json\/wp\/v2\/tags?post=21562"}],"curies":[{"name":"wp","href":"https:\/\/api.w.org\/{rel}","templated":true}]}}