{"id":21560,"date":"2025-03-31T15:16:09","date_gmt":"2025-03-31T12:16:09","guid":{"rendered":"https:\/\/kibrisayna.com\/index.php\/2025\/03\/31\/italyada-tesla-bayisinde-yangin-17-otomobil-kule-dondu-son-dakika-dunya-haberleri\/"},"modified":"2025-03-31T15:16:09","modified_gmt":"2025-03-31T12:16:09","slug":"italyada-tesla-bayisinde-yangin-17-otomobil-kule-dondu-son-dakika-dunya-haberleri","status":"publish","type":"post","link":"https:\/\/kibrisayna.com\/index.php\/2025\/03\/31\/italyada-tesla-bayisinde-yangin-17-otomobil-kule-dondu-son-dakika-dunya-haberleri\/","title":{"rendered":"\u0130talya&#8217;da Tesla bayisinde yang\u0131n: 17 otomobil k\u00fcle d\u00f6nd\u00fc &#8211; Son Dakika D\u00fcnya Haberleri"},"content":{"rendered":"<p> <br \/>\n<\/p>\n<div>\n<p>Ulusal bas\u0131nda yer alan haberlere g\u00f6re, ba\u015fkentin do\u011fusundaki Terranova b\u00f6lgesinde Serracapriola Caddesi&#8217;ndeki <a href=\"https:\/\/www.ntv.com.tr\/tesla\" target=\"_blank\" rel=\"tag noopener\">Tesla<\/a> bayisinde saat 04.30 s\u0131ralar\u0131nda hen\u00fcz bilinmeyen nedenle <a href=\"https:\/\/www.ntv.com.tr\/yangin\" target=\"_blank\" rel=\"tag noopener\">yang\u0131n<\/a> \u00e7\u0131kt\u0131.<\/p>\n<p>\u0130tfaiye ekiplerinin saatler s\u00fcren m\u00fcdahalesi sonucu s\u00f6nd\u00fcr\u00fclen yang\u0131nda, herhangi bir yaralanan olmad\u0131. Ancak olayda 17 otomobil yand\u0131.<\/p>\n<p>Polis, olay yerinde yang\u0131n\u0131n kaza m\u0131 yoksa kundaklama sonucu mu \u00e7\u0131kt\u0131\u011f\u0131n\u0131 ara\u015ft\u0131r\u0131yor.<\/p>\n<p>ABD dahil bir\u00e7ok \u00fclkede Tesla bayisi ve tesisleri, \u015firketin yol a\u00e7t\u0131\u011f\u0131 iklim krizi zararlar\u0131n\u0131n bedelini \u00f6demesi gerekti\u011fi gerek\u00e7esiyle protesto ve sald\u0131r\u0131 dalgas\u0131yla kar\u015f\u0131 kar\u015f\u0131ya kal\u0131yor.<\/p>\n<p>\u0130talya&#8217;da, k\u0131sa s\u00fcre \u00f6nce Milano kentindeki bir Tesla bayisi \u00f6n\u00fcnde baz\u0131 aktivistler protesto d\u00fczenlemi\u015fti.<\/p>\n<\/div>\n<p><br \/>\n<br \/><a href=\"https:\/\/www.ntv.com.tr\/dunya\/italyada-tesla-bayisinde-yangin-17-otomobil-kule-dondu,z31ehS6tnk289MYDBjYBKg\"><\/a><\/p>\n","protected":false},"excerpt":{"rendered":"<p>Ulusal bas\u0131nda yer alan haberlere g\u00f6re, ba\u015fkentin do\u011fusundaki Terranova b\u00f6lgesinde Serracapriola Caddesi&#8217;ndeki Tesla bayisinde saat 04.30 s\u0131ralar\u0131nda hen\u00fcz bilinmeyen nedenle yang\u0131n \u00e7\u0131kt\u0131. \u0130tfaiye ekiplerinin saatler s\u00fcren m\u00fcdahalesi sonucu s\u00f6nd\u00fcr\u00fclen yang\u0131nda, herhangi bir yaralanan olmad\u0131. Ancak olayda 17 otomobil yand\u0131. Polis, olay yerinde yang\u0131n\u0131n kaza m\u0131 yoksa kundaklama sonucu mu \u00e7\u0131kt\u0131\u011f\u0131n\u0131 ara\u015ft\u0131r\u0131yor. ABD dahil bir\u00e7ok \u00fclkede [&hellip;]<\/p>\n","protected":false},"author":908,"featured_media":21561,"comment_status":"open","ping_status":"open","sticky":false,"template":"","format":"standard","meta":{"advanced_seo_description":"","jetpack_seo_html_title":"","jetpack_seo_noindex":false,"jetpack_seo_schema_type":"","_jetpack_newsletter_access":"","_jetpack_dont_email_post_to_subs":false,"_jetpack_newsletter_tier_id":0,"_jetpack_memberships_contains_paywalled_content":false,"_jetpack_feature_clip_id":0,"_jetpack_memberships_contains_paid_content":false,"footnotes":"","jetpack_publicize_message":"","jetpack_publicize_feature_enabled":true,"jetpack_social_post_already_shared":true,"jetpack_social_options":{"image_generator_settings":{"template":"highway","default_image_id":0,"font":"","enabled":false},"version":2},"jetpack_post_was_ever_published":false},"categories":[13],"tags":[],"class_list":["post-21560","post","type-post","status-publish","format-standard","has-post-thumbnail","hentry","category-otomobil"],"jetpack_publicize_connections":[],"jetpack_featured_media_url":"https:\/\/kibrisayna.com\/wp-content\/uploads\/2025\/03\/BCnLqIMOe0mlFTDyIX2wIA.jpg","jetpack_sharing_enabled":true,"_links":{"self":[{"href":"https:\/\/kibrisayna.com\/index.php\/wp-json\/wp\/v2\/posts\/21560","targetHints":{"allow":["GET"]}}],"collection":[{"href":"https:\/\/kibrisayna.com\/index.php\/wp-json\/wp\/v2\/posts"}],"about":[{"href":"https:\/\/kibrisayna.com\/index.php\/wp-json\/wp\/v2\/types\/post"}],"author":[{"embeddable":true,"href":"https:\/\/kibrisayna.com\/index.php\/wp-json\/wp\/v2\/users\/908"}],"replies":[{"embeddable":true,"href":"https:\/\/kibrisayna.com\/index.php\/wp-json\/wp\/v2\/comments?post=21560"}],"version-history":[{"count":0,"href":"https:\/\/kibrisayna.com\/index.php\/wp-json\/wp\/v2\/posts\/21560\/revisions"}],"wp:featuredmedia":[{"embeddable":true,"href":"https:\/\/kibrisayna.com\/index.php\/wp-json\/wp\/v2\/media\/21561"}],"wp:attachment":[{"href":"https:\/\/kibrisayna.com\/index.php\/wp-json\/wp\/v2\/media?parent=21560"}],"wp:term":[{"taxonomy":"category","embeddable":true,"href":"https:\/\/kibrisayna.com\/index.php\/wp-json\/wp\/v2\/categories?post=21560"},{"taxonomy":"post_tag","embeddable":true,"href":"https:\/\/kibrisayna.com\/index.php\/wp-json\/wp\/v2\/tags?post=21560"}],"curies":[{"name":"wp","href":"https:\/\/api.w.org\/{rel}","templated":true}]}}