{"id":21558,"date":"2025-03-31T15:13:05","date_gmt":"2025-03-31T12:13:05","guid":{"rendered":"https:\/\/kibrisayna.com\/index.php\/2025\/03\/31\/bakan-gardiyanoglu-kalkanli-yasam-evini-ziyaret-etti-brtk\/"},"modified":"2025-03-31T15:13:05","modified_gmt":"2025-03-31T12:13:05","slug":"bakan-gardiyanoglu-kalkanli-yasam-evini-ziyaret-etti-brtk","status":"publish","type":"post","link":"https:\/\/kibrisayna.com\/index.php\/2025\/03\/31\/bakan-gardiyanoglu-kalkanli-yasam-evini-ziyaret-etti-brtk\/","title":{"rendered":"Bakan Gardiyano\u011flu Kalkanl\u0131 Ya\u015fam Evi\u2019ni ziyaret etti \u2013 BRTK"},"content":{"rendered":"<p> <br \/>\n<\/p>\n<div>\n<div class=\"mariselle-image-container center\">\n                <img loading=\"lazy\" decoding=\"async\" width=\"1080\" height=\"565\" class=\"lazy-image\" alt=\"\" sizes=\"auto, (max-width: 1080px) 100vw, 1080px\" src=\"https:\/\/brtk.net\/wp-content\/uploads\/2025\/03\/31\/Screenshot_20250331_144111_Facebook.jpg?ver=a175f14c507db7d9c5f6fbfa1e80d382\" srcset=\"https:\/\/brtk.net\/wp-content\/uploads\/2025\/03\/31\/Screenshot_20250331_144111_Facebook.jpg?ver=a175f14c507db7d9c5f6fbfa1e80d382 1080w, https:\/\/brtk.net\/wp-content\/uploads\/2025\/03\/31\/Screenshot_20250331_144111_Facebook-300x157.jpg?ver=d1e00e8818d2bd519bae926ed581fffb 300w, https:\/\/brtk.net\/wp-content\/uploads\/2025\/03\/31\/Screenshot_20250331_144111_Facebook-1024x536.jpg?ver=d1e00e8818d2bd519bae926ed581fffb 1024w, https:\/\/brtk.net\/wp-content\/uploads\/2025\/03\/31\/Screenshot_20250331_144111_Facebook-768x402.jpg?ver=d1e00e8818d2bd519bae926ed581fffb 768w, https:\/\/brtk.net\/wp-content\/uploads\/2025\/03\/31\/Screenshot_20250331_144111_Facebook-736x384.jpg?ver=1bfa1cec8bdbd582493cfda94abb4e6b 736w\"\/>                            <\/div>\n<p>\u00c7al\u0131\u015fma ve Sosyal G\u00fcvenlik Bakan\u0131 Sad\u0131k Gardiyano\u011flu bu sabah Kalkanl\u0131 Ya\u015fam Evi\u2019ni ziyaret ederek ya\u015fl\u0131lar\u0131n ve personelin bayram\u0131n\u0131 kutlad\u0131. <\/p>\n<p>\u00c7al\u0131\u015fma ve Sosyal G\u00fcvenlik Bakan\u0131 Sad\u0131k Gardiyano\u011flu, Ramazan Bayram\u0131 dolay\u0131s\u0131yla e\u015fi Zeli\u015f Gardiyano\u011flu ile birlikte Kalkanl\u0131 Ya\u015fam Evi\u2019ni ziyaret etti.  <\/p>\n<p>Sosyal Hizmetler Dairesi taraf\u0131ndan yenilenerek d\u00fczenlenen odalar\u0131 gezen Gardiyano\u011flu, ya\u015fl\u0131lar\u0131n ve personelin bayram\u0131n\u0131 kutlad\u0131. <\/p>\n<p>\u201cBayramlar, bizler i\u00e7in \u00e7ok de\u011ferli olan b\u00fcy\u00fcklerimizin g\u00f6nl\u00fcn\u00fc ho\u015fnut etme g\u00fcnleridir\u201d diyen Gardiyano\u011flu, Kalkanl\u0131 Ya\u015fam Evi\u2019nde kalan ya\u015fl\u0131lar\u0131 ziyaret ederek bayramlar\u0131n\u0131 kutlamak istediklerini s\u00f6yledi.  <\/p>\n<p>Gardiyano\u011flu, \u201cYa\u015fl\u0131lar\u0131m\u0131z tecr\u00fcbe \u00e7\u0131narlar\u0131d\u0131r. Onun i\u00e7in onlara h\u00fcrmet, sevgi ve sayg\u0131y\u0131 elden b\u0131rakmamal\u0131 ve hepimizin bir g\u00fcn ya\u015flanaca\u011f\u0131n\u0131 akl\u0131m\u0131zdan \u00e7\u0131karmamal\u0131y\u0131z\u201d dedi.   Ramazan Bayram\u0131 Bakan Gardiyano\u011flu Kalkanl\u0131 Ya\u015fam Evi\u2019ni ziyaret etti Gardiyano\u011flu: Ya\u015fl\u0131lar\u0131m\u0131z tecr\u00fcbe \u00e7\u0131narlar\u0131d\u0131r<\/p>\n<\/p><\/div>\n<p><script async\n                    defer\n                    crossorigin=\"anonymous\"\n                    src=\"https:\/\/connect.facebook.net\/tr_TR\/sdk.js#xfbml=1&#038;version=v3.3\"\n            ><\/script><br \/>\n<br \/><br \/>\n<br \/><a href=\"https:\/\/brtk.net\/bakan-gardiyanoglu-kalkanli-yasam-evini-ziyaret-etti\/\">Kaynak BRT <\/a><\/p>\n","protected":false},"excerpt":{"rendered":"<p>\u00c7al\u0131\u015fma ve Sosyal G\u00fcvenlik Bakan\u0131 Sad\u0131k Gardiyano\u011flu bu sabah Kalkanl\u0131 Ya\u015fam Evi\u2019ni ziyaret ederek ya\u015fl\u0131lar\u0131n ve personelin bayram\u0131n\u0131 kutlad\u0131. \u00c7al\u0131\u015fma ve Sosyal G\u00fcvenlik Bakan\u0131 Sad\u0131k Gardiyano\u011flu, Ramazan Bayram\u0131 dolay\u0131s\u0131yla e\u015fi Zeli\u015f Gardiyano\u011flu ile birlikte Kalkanl\u0131 Ya\u015fam Evi\u2019ni ziyaret etti. Sosyal Hizmetler Dairesi taraf\u0131ndan yenilenerek d\u00fczenlenen odalar\u0131 gezen Gardiyano\u011flu, ya\u015fl\u0131lar\u0131n ve personelin bayram\u0131n\u0131 kutlad\u0131. \u201cBayramlar, bizler [&hellip;]<\/p>\n","protected":false},"author":908,"featured_media":21559,"comment_status":"open","ping_status":"open","sticky":false,"template":"","format":"standard","meta":{"advanced_seo_description":"","jetpack_seo_html_title":"","jetpack_seo_noindex":false,"jetpack_seo_schema_type":"","_jetpack_newsletter_access":"","_jetpack_dont_email_post_to_subs":false,"_jetpack_newsletter_tier_id":0,"_jetpack_memberships_contains_paywalled_content":false,"_jetpack_feature_clip_id":0,"_jetpack_memberships_contains_paid_content":false,"footnotes":"","jetpack_publicize_message":"","jetpack_publicize_feature_enabled":true,"jetpack_social_post_already_shared":true,"jetpack_social_options":{"image_generator_settings":{"template":"highway","default_image_id":0,"font":"","enabled":false},"version":2},"jetpack_post_was_ever_published":false},"categories":[253],"tags":[],"class_list":["post-21558","post","type-post","status-publish","format-standard","has-post-thumbnail","hentry","category-gundem"],"jetpack_publicize_connections":[],"jetpack_featured_media_url":"https:\/\/kibrisayna.com\/wp-content\/uploads\/2025\/03\/Screenshot_20250331_144111_Facebook.jpg","jetpack_sharing_enabled":true,"_links":{"self":[{"href":"https:\/\/kibrisayna.com\/index.php\/wp-json\/wp\/v2\/posts\/21558","targetHints":{"allow":["GET"]}}],"collection":[{"href":"https:\/\/kibrisayna.com\/index.php\/wp-json\/wp\/v2\/posts"}],"about":[{"href":"https:\/\/kibrisayna.com\/index.php\/wp-json\/wp\/v2\/types\/post"}],"author":[{"embeddable":true,"href":"https:\/\/kibrisayna.com\/index.php\/wp-json\/wp\/v2\/users\/908"}],"replies":[{"embeddable":true,"href":"https:\/\/kibrisayna.com\/index.php\/wp-json\/wp\/v2\/comments?post=21558"}],"version-history":[{"count":0,"href":"https:\/\/kibrisayna.com\/index.php\/wp-json\/wp\/v2\/posts\/21558\/revisions"}],"wp:featuredmedia":[{"embeddable":true,"href":"https:\/\/kibrisayna.com\/index.php\/wp-json\/wp\/v2\/media\/21559"}],"wp:attachment":[{"href":"https:\/\/kibrisayna.com\/index.php\/wp-json\/wp\/v2\/media?parent=21558"}],"wp:term":[{"taxonomy":"category","embeddable":true,"href":"https:\/\/kibrisayna.com\/index.php\/wp-json\/wp\/v2\/categories?post=21558"},{"taxonomy":"post_tag","embeddable":true,"href":"https:\/\/kibrisayna.com\/index.php\/wp-json\/wp\/v2\/tags?post=21558"}],"curies":[{"name":"wp","href":"https:\/\/api.w.org\/{rel}","templated":true}]}}