{"id":21314,"date":"2025-03-28T11:16:59","date_gmt":"2025-03-28T08:16:59","guid":{"rendered":"https:\/\/kibrisayna.com\/index.php\/2025\/03\/28\/metadan-instagram-karari-son-dakika-teknoloji-haberleri\/"},"modified":"2025-03-28T11:16:59","modified_gmt":"2025-03-28T08:16:59","slug":"metadan-instagram-karari-son-dakika-teknoloji-haberleri","status":"publish","type":"post","link":"https:\/\/kibrisayna.com\/index.php\/2025\/03\/28\/metadan-instagram-karari-son-dakika-teknoloji-haberleri\/","title":{"rendered":"Meta&#8217;dan Instagram karar\u0131 &#8211; Son Dakika Teknoloji Haberleri"},"content":{"rendered":"<p> <br \/>\n<\/p>\n<div>\n<p>Instagram&#8217;\u0131n videolar\u0131 h\u0131zland\u0131rma se\u00e7ene\u011fi, platformun uzun videolar\u0131n sonuna kadar izlenme oranlar\u0131n\u0131 art\u0131rma hedefinin bir par\u00e7as\u0131 olarak de\u011ferlendiriliyor. Kullan\u0131c\u0131lar, bu yenilik sayesinde hem zamanlar\u0131n\u0131 daha verimli bir \u015fekilde de\u011ferlendirebilecek hem de i\u00e7erik t\u00fcketim al\u0131\u015fkanl\u0131klar\u0131n\u0131 kendi tercihlerine g\u00f6re \u015fekillendirebilecek. \u00d6zellik, yo\u011fun g\u00fcnl\u00fck tempoya sahip kullan\u0131c\u0131lar i\u00e7in k\u0131sa i\u00e7eriklerin \u00e7ekicili\u011fini art\u0131rmay\u0131 ama\u00e7l\u0131yor.<\/p>\n<p>Videolar\u0131 h\u0131zland\u0131rma \u00f6zelli\u011fi, Instagram kullan\u0131c\u0131lar\u0131n\u0131n platformda ge\u00e7irdikleri zaman\u0131 optimize etmelerine olanak tan\u0131yor. \u00d6zellikle e\u011fitici veya bilgilendirici i\u00e7eriklerin daha h\u0131zl\u0131 izlenebilmesi, \u00f6\u011frenme s\u00fcre\u00e7lerini destekliyor. Ayn\u0131 zamanda, yarat\u0131c\u0131 i\u00e7erik \u00fcreticileri, h\u0131zland\u0131r\u0131lm\u0131\u015f videolar\u0131 kullanarak izleyicilerine daha dinamik bir deneyim sunabilecek.<\/p>\n<p><strong>INSTAGRAM&#8217;IN \u0130\u00c7ER\u0130K STRATEJ\u0130S\u0130 \u00dcZER\u0130NDEK\u0130 ETK\u0130LER\u0130<\/strong><\/p>\n<p>Instagram&#8217;\u0131n videolar\u0131 h\u0131zland\u0131rma \u00f6zelli\u011fi, platformun kullan\u0131c\u0131 ihtiya\u00e7lar\u0131na daha duyarl\u0131 bir i\u00e7erik stratejisi benimsedi\u011finin g\u00fc\u00e7l\u00fc bir g\u00f6stergesi. \u00d6zellikle k\u0131sa formattaki i\u00e7eriklerin pop\u00fclerli\u011fi g\u00f6z \u00f6n\u00fcne al\u0131nd\u0131\u011f\u0131nda, bu yenilik, kullan\u0131c\u0131lar\u0131n video i\u00e7eriklerini daha etkin bir \u015fekilde t\u00fcketmelerini sa\u011flamay\u0131 hedefliyor. K\u0131sa ve h\u0131zl\u0131 i\u00e7erik t\u00fcketimi, modern dijital kullan\u0131c\u0131lar\u0131n b\u00fcy\u00fck bir k\u0131sm\u0131n\u0131 cezbediyor. Bu nedenle, h\u0131zland\u0131rma \u00f6zelli\u011fi, kullan\u0131c\u0131lar\u0131n dikkat s\u00fcresine uygun bir deneyim sunarak i\u00e7erik \u00fcreticiler ile izleyiciler aras\u0131nda daha g\u00fc\u00e7l\u00fc bir ba\u011f kurulmas\u0131n\u0131 kolayla\u015ft\u0131r\u0131yor.<\/p>\n<p>\u00a0Ayr\u0131ca, bu \u00f6zellik, Instagram&#8217;\u0131n i\u00e7erik yarat\u0131c\u0131lar\u0131n\u0131 destekleme stratejisini de derinle\u015ftiriyor. Videolar\u0131n h\u0131zland\u0131r\u0131labilir olmas\u0131, i\u00e7erik \u00fcreticilerine, hikayelerini daha etkili bir \u015fekilde anlatma ve farkl\u0131 t\u00fcrde i\u00e7erikler \u00fcretme f\u0131rsat\u0131 veriyor. \u00d6rne\u011fin, e\u011fitim i\u00e7erikleri, h\u0131zland\u0131r\u0131lm\u0131\u015f bi\u00e7imde sunuldu\u011funda daha fazla bilgi aktarabilirken, e\u011flence ama\u00e7l\u0131 i\u00e7erikler, izleyicilere daha dinamik bir deneyim ya\u015fatabilir. Bu, i\u00e7erik \u00fcreticilerinin etkile\u015fim oranlar\u0131n\u0131 art\u0131rarak daha geni\u015f kitlelere ula\u015fmalar\u0131na olanak tan\u0131yor.<\/p>\n<p>\u00a0Instagram&#8217;\u0131n bu hamlesi, platformun kullan\u0131c\u0131 deneyimini s\u00fcrekli olarak yenileme konusundaki kararl\u0131l\u0131\u011f\u0131n\u0131 da yans\u0131t\u0131yor. \u00d6zellik, kullan\u0131c\u0131lar\u0131n platformda ge\u00e7irdikleri s\u00fcreyi optimize etmenin yan\u0131 s\u0131ra, daha fazla i\u00e7erik t\u00fcketmelerine olanak tan\u0131yacak. TikTok gibi rakip platformlardan ilham alan bu hareket, Instagram&#8217;\u0131n s\u00fcrekli de\u011fi\u015fen <a href=\"https:\/\/www.ntv.com.tr\/sosyal-medya\" target=\"_blank\" rel=\"tag noopener\">sosyal medya<\/a> trendlerine h\u0131zla uyum sa\u011flama becerisini de g\u00f6zler \u00f6n\u00fcne seriyor. Sonu\u00e7 olarak, bu yenilik, yaln\u0131zca kullan\u0131c\u0131 deneyimini geli\u015ftirmekle kalmay\u0131p, ayn\u0131 zamanda Instagram&#8217;\u0131 sosyal medya pazar\u0131ndaki rekabet\u00e7i konumunu g\u00fc\u00e7lendirme yolunda bir ad\u0131m daha ileri ta\u015f\u0131yor.<\/p>\n<p>Instagram&#8217;\u0131n bu yenili\u011fi, kullan\u0131c\u0131lar taraf\u0131ndan nas\u0131l kar\u015f\u0131lanaca\u011f\u0131 konusunda merak uyand\u0131r\u0131yor. \u00d6zellik, yeni i\u00e7erik formatlar\u0131n\u0131n ve kullan\u0131m al\u0131\u015fkanl\u0131klar\u0131n\u0131n \u015fekillenmesinde \u00f6nemli bir rol oynayabilir.<\/p>\n<\/div>\n<p><br \/>\n<br \/><a href=\"https:\/\/www.ntv.com.tr\/teknoloji\/metadan-instagram-karari,_4uSb8tgz0Ks5MbqM8jYCw\"><\/a><\/p>\n","protected":false},"excerpt":{"rendered":"<p>Instagram&#8217;\u0131n videolar\u0131 h\u0131zland\u0131rma se\u00e7ene\u011fi, platformun uzun videolar\u0131n sonuna kadar izlenme oranlar\u0131n\u0131 art\u0131rma hedefinin bir par\u00e7as\u0131 olarak de\u011ferlendiriliyor. Kullan\u0131c\u0131lar, bu yenilik sayesinde hem zamanlar\u0131n\u0131 daha verimli bir \u015fekilde de\u011ferlendirebilecek hem de i\u00e7erik t\u00fcketim al\u0131\u015fkanl\u0131klar\u0131n\u0131 kendi tercihlerine g\u00f6re \u015fekillendirebilecek. \u00d6zellik, yo\u011fun g\u00fcnl\u00fck tempoya sahip kullan\u0131c\u0131lar i\u00e7in k\u0131sa i\u00e7eriklerin \u00e7ekicili\u011fini art\u0131rmay\u0131 ama\u00e7l\u0131yor. Videolar\u0131 h\u0131zland\u0131rma \u00f6zelli\u011fi, Instagram kullan\u0131c\u0131lar\u0131n\u0131n platformda [&hellip;]<\/p>\n","protected":false},"author":908,"featured_media":20720,"comment_status":"open","ping_status":"open","sticky":false,"template":"","format":"standard","meta":{"advanced_seo_description":"","jetpack_seo_html_title":"","jetpack_seo_noindex":false,"jetpack_seo_schema_type":"","_jetpack_newsletter_access":"","_jetpack_dont_email_post_to_subs":false,"_jetpack_newsletter_tier_id":0,"_jetpack_memberships_contains_paywalled_content":false,"_jetpack_feature_clip_id":0,"_jetpack_memberships_contains_paid_content":false,"footnotes":"","jetpack_publicize_message":"","jetpack_publicize_feature_enabled":true,"jetpack_social_post_already_shared":true,"jetpack_social_options":{"image_generator_settings":{"template":"highway","default_image_id":0,"font":"","enabled":false},"version":2},"jetpack_post_was_ever_published":false},"categories":[12],"tags":[],"class_list":["post-21314","post","type-post","status-publish","format-standard","has-post-thumbnail","hentry","category-teknoloji"],"jetpack_publicize_connections":[],"jetpack_featured_media_url":"https:\/\/kibrisayna.com\/wp-content\/uploads\/2025\/03\/rSjs5kMqiE2-pTzUIGgHHw.jpg","jetpack_sharing_enabled":true,"_links":{"self":[{"href":"https:\/\/kibrisayna.com\/index.php\/wp-json\/wp\/v2\/posts\/21314","targetHints":{"allow":["GET"]}}],"collection":[{"href":"https:\/\/kibrisayna.com\/index.php\/wp-json\/wp\/v2\/posts"}],"about":[{"href":"https:\/\/kibrisayna.com\/index.php\/wp-json\/wp\/v2\/types\/post"}],"author":[{"embeddable":true,"href":"https:\/\/kibrisayna.com\/index.php\/wp-json\/wp\/v2\/users\/908"}],"replies":[{"embeddable":true,"href":"https:\/\/kibrisayna.com\/index.php\/wp-json\/wp\/v2\/comments?post=21314"}],"version-history":[{"count":0,"href":"https:\/\/kibrisayna.com\/index.php\/wp-json\/wp\/v2\/posts\/21314\/revisions"}],"wp:featuredmedia":[{"embeddable":true,"href":"https:\/\/kibrisayna.com\/index.php\/wp-json\/wp\/v2\/media\/20720"}],"wp:attachment":[{"href":"https:\/\/kibrisayna.com\/index.php\/wp-json\/wp\/v2\/media?parent=21314"}],"wp:term":[{"taxonomy":"category","embeddable":true,"href":"https:\/\/kibrisayna.com\/index.php\/wp-json\/wp\/v2\/categories?post=21314"},{"taxonomy":"post_tag","embeddable":true,"href":"https:\/\/kibrisayna.com\/index.php\/wp-json\/wp\/v2\/tags?post=21314"}],"curies":[{"name":"wp","href":"https:\/\/api.w.org\/{rel}","templated":true}]}}