{"id":21271,"date":"2025-03-27T16:59:59","date_gmt":"2025-03-27T13:59:59","guid":{"rendered":"https:\/\/kibrisayna.com\/index.php\/2025\/03\/27\/avrupadan-abdye-otomobilde-misilleme-hazirligi\/"},"modified":"2025-03-27T16:59:59","modified_gmt":"2025-03-27T13:59:59","slug":"avrupadan-abdye-otomobilde-misilleme-hazirligi","status":"publish","type":"post","link":"https:\/\/kibrisayna.com\/index.php\/2025\/03\/27\/avrupadan-abdye-otomobilde-misilleme-hazirligi\/","title":{"rendered":"Avrupa&#8217;dan ABD&#8217;ye otomobilde misilleme haz\u0131rl\u0131\u011f\u0131"},"content":{"rendered":"<p> <br \/>\n<br \/><img decoding=\"async\" src=\"https:\/\/cdn1.ntv.com.tr\/gorsel\/IZf0Fm_6qUS3bPSJzUa_tQ.jpg?width=1200&amp;ampmode=crop&amp;ampscale=both\" class=\"type:primaryImage\" alt=\"Avrupa'dan ABD'ye otomobilde misilleme haz\u0131rl\u0131\u011f\u0131\" \/><\/p>\n<p>Avrupa Birli\u011fi, ABD&#8217;nin ithal otomobillere y\u00f6nelik yeni tarifelerine kar\u015f\u0131 al\u0131nacak \u00f6nlemler konusunda haz\u0131rl\u0131k yap\u0131yor.<\/p>\n<p>Avrupa Birli\u011fi (AB) Komisyonu S\u00f6zc\u00fcs\u00fc Olof Gill, Br\u00fcksel&#8217;de d\u00fczenlenen g\u00fcnl\u00fck bas\u0131n toplant\u0131s\u0131nda, ABD&#8217;nin ithal otomobillere y\u00f6nelik duyurdu\u011fu yeni tarifeler konusunda a\u00e7\u0131klamada bulundu.  &#8220;Ekonomik \u00e7\u0131karlar\u0131m\u0131z\u0131 korumaya haz\u0131r\u0131z.&#8221; diyen Gill, &#8220;Gerekti\u011fi takdirde ABD&#8217;den gelen herhangi bir haks\u0131z ve ters etki yaratan \u00f6nleme kar\u015f\u0131 sert, orant\u0131l\u0131, g\u00fc\u00e7l\u00fc, iyi kalibre edilmi\u015f ve zaman\u0131nda bir yan\u0131t verece\u011fiz.&#8221; ifadesini kulland\u0131.  Gill, \u00f6nceliklerinin sorunun m\u00fczakere ile giderilmesi oldu\u011funa i\u015faret ederek, AB ve ABD aras\u0131ndaki ili\u015fkiyi y\u0131kmak de\u011fil in\u015fa etmek istediklerini, ABD taraf\u0131ndan a\u00e7\u0131klanan \u00f6nlemlerin ise tamamen yanl\u0131\u015f y\u00f6nde oldu\u011funu s\u00f6yledi.  ABD taraf\u0131n\u0131n \u015fimdiye kadar resmen \u00e7elik ve al\u00fcminyum ithalat\u0131na tarifeler uygulamaya ba\u015flad\u0131\u011f\u0131n\u0131 an\u0131msatan Gill, Avrupa&#8217;n\u0131n buna etkili yan\u0131t verdi\u011fine vurgu yapt\u0131.  Gill, ABD&#8217;den bu a\u015famada otomobillerle ilgili duyuruyu ald\u0131klar\u0131n\u0131, gelecek hafta da kar\u015f\u0131l\u0131kl\u0131 tarifeler ad\u0131 verilen yeni bir dizi \u00f6nlemin y\u00fcr\u00fcrl\u00fc\u011fe girece\u011fini \u00f6\u011frendiklerini ifade etti.  &#8220;Bunlar\u0131 \u00fcz\u00fcnt\u00fcyle kar\u015f\u0131l\u0131yoruz ancak bunlara kar\u015f\u0131 da haz\u0131rlan\u0131yoruz.&#8221; de\u011ferlendirmesini yapan Gill, hen\u00fcz uygulanmam\u0131\u015f eylemlere kar\u015f\u0131 olas\u0131 yan\u0131t\u0131n ne zaman gelece\u011fini a\u00e7\u0131klayamayaca\u011f\u0131n\u0131 ancak AB&#8217;nin zaman\u0131nda, sert, iyi ayarlanm\u0131\u015f ve ama\u00e7lanan etkiyi do\u011furacak bi\u00e7imde kar\u015f\u0131l\u0131k verece\u011finin alt\u0131n\u0131 \u00e7izdi.  Gill, &#8220;AB, ortak pazar\u0131m\u0131z\u0131, sanayimizi ve \u015firketlerimizi korumak i\u00e7in gerekli t\u00fcm ad\u0131mlar\u0131 atacak.&#8221; dedi.  ABD Ba\u015fkan\u0131 Donald Trump, yerli \u00fcretimin art\u0131r\u0131lmas\u0131 amac\u0131yla ithal otomobil ve kamyonlara y\u00fczde 25 g\u00fcmr\u00fck vergisi uygulanmas\u0131na y\u00f6nelik kararnameyi d\u00fcn imzalad\u0131.  Yeni g\u00fcmr\u00fck tarifelerinin 2 Nisan&#8217;da y\u00fcr\u00fcrl\u00fc\u011fe girmesi bekleniyor.\u200b\u200b\u200b\u200b\u200b\u200b\u200b<br \/>\n<br \/><br \/>\n<br \/><a href=\"https:\/\/www.ntv.com.tr\/ntvpara\/avrupadan-abdye-otomobilde-misilleme-hazirligi,_GoJrqmZMEmfhgxs6By2Hg\"><\/a><\/p>\n","protected":false},"excerpt":{"rendered":"<p>Avrupa Birli\u011fi, ABD&#8217;nin ithal otomobillere y\u00f6nelik yeni tarifelerine kar\u015f\u0131 al\u0131nacak \u00f6nlemler konusunda haz\u0131rl\u0131k yap\u0131yor. Avrupa Birli\u011fi (AB) Komisyonu S\u00f6zc\u00fcs\u00fc Olof Gill, Br\u00fcksel&#8217;de d\u00fczenlenen g\u00fcnl\u00fck bas\u0131n toplant\u0131s\u0131nda, ABD&#8217;nin ithal otomobillere y\u00f6nelik duyurdu\u011fu yeni tarifeler konusunda a\u00e7\u0131klamada bulundu. &#8220;Ekonomik \u00e7\u0131karlar\u0131m\u0131z\u0131 korumaya haz\u0131r\u0131z.&#8221; diyen Gill, &#8220;Gerekti\u011fi takdirde ABD&#8217;den gelen herhangi bir haks\u0131z ve ters etki yaratan \u00f6nleme kar\u015f\u0131 [&hellip;]<\/p>\n","protected":false},"author":908,"featured_media":21272,"comment_status":"open","ping_status":"open","sticky":false,"template":"","format":"standard","meta":{"advanced_seo_description":"","jetpack_seo_html_title":"","jetpack_seo_noindex":false,"jetpack_seo_schema_type":"","_jetpack_newsletter_access":"","_jetpack_dont_email_post_to_subs":false,"_jetpack_newsletter_tier_id":0,"_jetpack_memberships_contains_paywalled_content":false,"_jetpack_feature_clip_id":0,"_jetpack_memberships_contains_paid_content":false,"footnotes":"","jetpack_publicize_message":"","jetpack_publicize_feature_enabled":true,"jetpack_social_post_already_shared":true,"jetpack_social_options":{"image_generator_settings":{"template":"highway","default_image_id":0,"font":"","enabled":false},"version":2},"jetpack_post_was_ever_published":false},"categories":[13],"tags":[],"class_list":["post-21271","post","type-post","status-publish","format-standard","has-post-thumbnail","hentry","category-otomobil"],"jetpack_publicize_connections":[],"jetpack_featured_media_url":"https:\/\/kibrisayna.com\/wp-content\/uploads\/2025\/03\/IZf0Fm_6qUS3bPSJzUa_tQ.jpg","jetpack_sharing_enabled":true,"_links":{"self":[{"href":"https:\/\/kibrisayna.com\/index.php\/wp-json\/wp\/v2\/posts\/21271","targetHints":{"allow":["GET"]}}],"collection":[{"href":"https:\/\/kibrisayna.com\/index.php\/wp-json\/wp\/v2\/posts"}],"about":[{"href":"https:\/\/kibrisayna.com\/index.php\/wp-json\/wp\/v2\/types\/post"}],"author":[{"embeddable":true,"href":"https:\/\/kibrisayna.com\/index.php\/wp-json\/wp\/v2\/users\/908"}],"replies":[{"embeddable":true,"href":"https:\/\/kibrisayna.com\/index.php\/wp-json\/wp\/v2\/comments?post=21271"}],"version-history":[{"count":0,"href":"https:\/\/kibrisayna.com\/index.php\/wp-json\/wp\/v2\/posts\/21271\/revisions"}],"wp:featuredmedia":[{"embeddable":true,"href":"https:\/\/kibrisayna.com\/index.php\/wp-json\/wp\/v2\/media\/21272"}],"wp:attachment":[{"href":"https:\/\/kibrisayna.com\/index.php\/wp-json\/wp\/v2\/media?parent=21271"}],"wp:term":[{"taxonomy":"category","embeddable":true,"href":"https:\/\/kibrisayna.com\/index.php\/wp-json\/wp\/v2\/categories?post=21271"},{"taxonomy":"post_tag","embeddable":true,"href":"https:\/\/kibrisayna.com\/index.php\/wp-json\/wp\/v2\/tags?post=21271"}],"curies":[{"name":"wp","href":"https:\/\/api.w.org\/{rel}","templated":true}]}}