{"id":21173,"date":"2025-03-26T19:55:02","date_gmt":"2025-03-26T16:55:02","guid":{"rendered":"https:\/\/kibrisayna.com\/index.php\/2025\/03\/26\/turkiye-cumhuriyeti-vakiflar-genel-mudurlugunun-kktcdeki-faaliyetleri-brtk\/"},"modified":"2025-03-26T19:55:02","modified_gmt":"2025-03-26T16:55:02","slug":"turkiye-cumhuriyeti-vakiflar-genel-mudurlugunun-kktcdeki-faaliyetleri-brtk","status":"publish","type":"post","link":"https:\/\/kibrisayna.com\/index.php\/2025\/03\/26\/turkiye-cumhuriyeti-vakiflar-genel-mudurlugunun-kktcdeki-faaliyetleri-brtk\/","title":{"rendered":"T\u00fcrkiye Cumhuriyeti Vak\u0131flar Genel M\u00fcd\u00fcrl\u00fc\u011f\u00fc\u2019n\u00fcn KKTC\u2019deki faaliyetleri \u2013 BRTK"},"content":{"rendered":"<p> <br \/>\n<\/p>\n<div>\n<p>\u00a0<\/p>\n<div class=\"mariselle-image-container center\">\n                <img loading=\"lazy\" decoding=\"async\" width=\"2560\" height=\"1920\" class=\"lazy-image\" alt=\"\" sizes=\"auto, (max-width: 2560px) 100vw, 2560px\" src=\"https:\/\/brtk.net\/wp-content\/uploads\/2025\/03\/26\/4533-scaled.jpg?ver=7dc1c1a69763569f981caead65cafe04\" srcset=\"https:\/\/brtk.net\/wp-content\/uploads\/2025\/03\/26\/4533-scaled.jpg?ver=7dc1c1a69763569f981caead65cafe04 2560w, https:\/\/brtk.net\/wp-content\/uploads\/2025\/03\/26\/4533-300x225.jpg?ver=7dc1c1a69763569f981caead65cafe04 300w, https:\/\/brtk.net\/wp-content\/uploads\/2025\/03\/26\/4533-1024x768.jpg?ver=f7b5785dfbcbcf03c4f140d45196bf27 1024w, https:\/\/brtk.net\/wp-content\/uploads\/2025\/03\/26\/4533-768x576.jpg?ver=f7b5785dfbcbcf03c4f140d45196bf27 768w, https:\/\/brtk.net\/wp-content\/uploads\/2025\/03\/26\/4533-1536x1152.jpg?ver=6a58af368ae2d70baeb5aa70ded84b2c 1536w, https:\/\/brtk.net\/wp-content\/uploads\/2025\/03\/26\/4533-2048x1536.jpg?ver=4dad4599b9d5d23050877fc113d82fd5 2048w\"\/>                            <\/div>\n<p style=\"font-weight: 300;\"><span style=\"font-weight: 300 !important;\">T\u00fcrkiye Cumhuriyeti (TC) Vak\u0131flar Genel M\u00fcd\u00fcrl\u00fc\u011f\u00fc, Kuzey K\u0131br\u0131s T\u00fcrk Cumhuriyeti\u2019ndeki (KKTC) faaliyetleriyle ilgili a\u00e7\u0131klama yapt\u0131.<\/span><\/p>\n<p style=\"font-weight: 300;\"><span style=\"font-weight: 300 !important;\">2010-2017 y\u0131llar\u0131 aras\u0131nda bir uluslararas\u0131 anla\u015fma ve d\u00f6rt i\u015f birli\u011fi protokol\u00fcn\u00fcn imzaland\u0131\u011f\u0131 ifade edilen a\u00e7\u0131klamada, Lefko\u015fa D\u00fckkanlar\u00f6n\u00fc Camisinin 2024 y\u0131l\u0131nda tamamland\u0131\u011f\u0131, Lefko\u015fa Selimiye Camisinin restorasyonunun tamamlanmak \u00fczere oldu\u011fu, Gazima\u011fusa Lala Mustafa Pa\u015fa Camisinin projesinin ise tamamland\u0131\u011f\u0131 ve uygulama ihalesine \u00e7\u0131k\u0131laca\u011f\u0131 belirtildi.<\/span><\/p>\n<p style=\"font-weight: 300;\"><span style=\"font-weight: 300 !important;\">2013-2015 y\u0131llar\u0131 aras\u0131nda 59 bin 500 adet kuru g\u0131da kolisi yard\u0131m\u0131, 2016-2020 y\u0131llar\u0131 aras\u0131nda ise g\u00fcnde 500 ki\u015fiye \u00e7orba da\u011f\u0131t\u0131m\u0131 yap\u0131ld\u0131\u011f\u0131 kaydedilen a\u00e7\u0131klamada, bu y\u0131l Ramazan ay\u0131nda 29 g\u00fcn boyunca Lefko\u015fa Hz. Ebubekir Camiinde 500 ki\u015fiye iftar verildi\u011fi belirtildi. A\u00e7\u0131klamada k\u00fclt\u00fcrel faaliyetlerle ilgili bilgiler de payla\u015f\u0131ld\u0131.<\/span><\/p>\n<p style=\"font-weight: 300;\"><span style=\"font-weight: 300 !important;\">2016 y\u0131l\u0131nda Vak\u0131flar Genel M\u00fcd\u00fcrl\u00fc\u011f\u00fc, KKTC Vak\u0131flar \u0130daresi ve K\u0131br\u0131s T\u00fcrk Rehberler Birli\u011fi ile ortakla\u015fa, Vak\u0131f Turizmi Projesi ger\u00e7ekle\u015ftirildi\u011fi ifade edilen a\u00e7\u0131klamada, \u201cVak\u0131f Medeniyeti, K\u0131br\u0131s\u2019ta Osmanl\u0131lar, Bir Vak\u0131f Ada: K\u0131br\u0131s, K\u0131br\u0131s Vak\u0131flar\u0131\u201d gibi ba\u015fl\u0131klar alt\u0131nda d\u00fczenlenen e\u011fitim program\u0131na 50 turist rehberinin kat\u0131ld\u0131\u011f\u0131 kaydedildi.<\/span><\/p>\n<p style=\"font-weight: 300;\"><span style=\"font-weight: 300 !important;\">E\u011fitim sonunda T\u00fcrkiye Cumhuriyeti Lefko\u015fa B\u00fcy\u00fckel\u00e7ili\u011fi, T\u00fcrkiye Cumhuriyeti Vak\u0131flar Genel M\u00fcd\u00fcrl\u00fc\u011f\u00fc ve K\u0131br\u0131s Vak\u0131flar \u0130daresinin kat\u0131l\u0131m\u0131yla d\u00fczenlenen resmi t\u00f6renle, e\u011fitimi ba\u015far\u0131yla tamamlayan rehberlere sertifika verildi\u011fi belirtildi.<\/span><\/p>\n<p style=\"font-weight: 300;\"><span style=\"font-weight: 300 !important;\">2017 y\u0131l\u0131nda K\u0131br\u0131s Vak\u0131flar \u0130daresi, K\u0131br\u0131s T\u00fcrk Turizm ve Seyahat Acenteleri Birli\u011fi (KITSAB) ve K\u0131br\u0131s T\u00fcrk Rehberler Birli\u011fi (KITREB) ile i\u015f birli\u011fi \u00e7er\u00e7evesinde \u201cVak\u0131f Ada K\u0131br\u0131s\u201d projesinin geli\u015ftirildi\u011fi kaydedilen a\u00e7\u0131klamada, proje \u00e7er\u00e7evesinde Vak\u0131f Rehber Sertifikas\u0131na sahip rehberler taraf\u0131ndan anlat\u0131m\u0131 yap\u0131labilecek \u201cVak\u0131f \u015eehir Lefko\u015fa\u201d tur program\u0131 belirlendi\u011fi ifade edildi. A\u00e7\u0131klamada, Turizm Haftas\u0131n\u0131n ba\u015flang\u0131c\u0131, ayn\u0131 zamanda KKTC\u2019de Vak\u0131flar Haftas\u0131n\u0131n ilk g\u00fcn\u00fc olan 15 Nisan 2018 tarihinde \u201cVak\u0131f \u015eehir: Lefko\u015fa\u201d turunun ilkinin yap\u0131ld\u0131\u011f\u0131 kaydedildi.<\/span><\/p>\n<p style=\"font-weight: 300;\"><span style=\"font-weight: 300 !important;\">5-10 Aral\u0131k 2022 tarihleri aras\u0131nda KKTC\u2019li 16 \u00fcniversite \u00f6\u011frencisi ve iki refakat\u00e7isinin \u201cHayal et, Ke\u015ffet, Vakfet\u201d Gen\u00e7lik Projesi kapsam\u0131nda \u0130stanbul ve Bursa\u2019da a\u011f\u0131rland\u0131\u011f\u0131 belirtilen a\u00e7\u0131klamada, Vak\u0131f Medeniyeti konusunda bilgilendirmeler, seminerler, vak\u0131f k\u00fclt\u00fcr varl\u0131\u011f\u0131 ziyaretleri yap\u0131ld\u0131\u011f\u0131 kaydedildi.<\/span><\/p>\n<p style=\"font-weight: 300;\"><span style=\"font-weight: 300 !important;\">-K\u0131br\u0131s Vak\u0131flar \u0130daresi\u2019nin yeniden yap\u0131land\u0131r\u0131lmas\u0131na ili\u015fkin faaliyetler<\/span><\/p>\n<p style=\"font-weight: 300;\"><span style=\"font-weight: 300 !important;\">K\u0131br\u0131s Vak\u0131flar\u0131 Genel M\u00fcd\u00fcrl\u00fc\u011f\u00fc ile K\u0131br\u0131s Vak\u0131flar \u0130daresi\u2019nden bir \u00e7al\u0131\u015fma ekibinin katk\u0131lar\u0131yla 2015 y\u0131l\u0131nda K\u0131br\u0131s Vak\u0131flar \u0130daresi b\u00fcnyesinde Entegre Vak\u0131f Otomasyon Sistemi (EVOS) program\u0131 yap\u0131ld\u0131\u011f\u0131 ifade edilen a\u00e7\u0131klamada, 2016 y\u0131l\u0131nda T\u00fcrkiye Cumhuriyeti Vak\u0131flar Genel M\u00fcd\u00fcrl\u00fc\u011f\u00fc uzmanlar\u0131 taraf\u0131ndan K\u0131br\u0131s Vak\u0131flar \u0130daresi\u2019ne dan\u0131\u015fmanl\u0131k hizmeti verildi\u011fi de belirtildi.<\/span><\/p>\n<\/p><\/div>\n<p><script async\n                    defer\n                    crossorigin=\"anonymous\"\n                    src=\"https:\/\/connect.facebook.net\/tr_TR\/sdk.js#xfbml=1&#038;version=v3.3\"\n            ><\/script><br \/>\n<br \/><br \/>\n<br \/><a href=\"https:\/\/brtk.net\/turkiye-cumhuriyeti-vakiflar-genel-mudurlugunun-kktcdeki-faaliyetleri\/\">Kaynak BRT <\/a><\/p>\n","protected":false},"excerpt":{"rendered":"<p>\u00a0 T\u00fcrkiye Cumhuriyeti (TC) Vak\u0131flar Genel M\u00fcd\u00fcrl\u00fc\u011f\u00fc, Kuzey K\u0131br\u0131s T\u00fcrk Cumhuriyeti\u2019ndeki (KKTC) faaliyetleriyle ilgili a\u00e7\u0131klama yapt\u0131. 2010-2017 y\u0131llar\u0131 aras\u0131nda bir uluslararas\u0131 anla\u015fma ve d\u00f6rt i\u015f birli\u011fi protokol\u00fcn\u00fcn imzaland\u0131\u011f\u0131 ifade edilen a\u00e7\u0131klamada, Lefko\u015fa D\u00fckkanlar\u00f6n\u00fc Camisinin 2024 y\u0131l\u0131nda tamamland\u0131\u011f\u0131, Lefko\u015fa Selimiye Camisinin restorasyonunun tamamlanmak \u00fczere oldu\u011fu, Gazima\u011fusa Lala Mustafa Pa\u015fa Camisinin projesinin ise tamamland\u0131\u011f\u0131 ve uygulama ihalesine [&hellip;]<\/p>\n","protected":false},"author":908,"featured_media":21174,"comment_status":"open","ping_status":"open","sticky":false,"template":"","format":"standard","meta":{"advanced_seo_description":"","jetpack_seo_html_title":"","jetpack_seo_noindex":false,"jetpack_seo_schema_type":"","_jetpack_newsletter_access":"","_jetpack_dont_email_post_to_subs":false,"_jetpack_newsletter_tier_id":0,"_jetpack_memberships_contains_paywalled_content":false,"_jetpack_feature_clip_id":0,"_jetpack_memberships_contains_paid_content":false,"footnotes":"","jetpack_publicize_message":"","jetpack_publicize_feature_enabled":true,"jetpack_social_post_already_shared":true,"jetpack_social_options":{"image_generator_settings":{"template":"highway","default_image_id":0,"font":"","enabled":false},"version":2},"jetpack_post_was_ever_published":false},"categories":[253],"tags":[],"class_list":["post-21173","post","type-post","status-publish","format-standard","has-post-thumbnail","hentry","category-gundem"],"jetpack_publicize_connections":[],"jetpack_featured_media_url":"https:\/\/kibrisayna.com\/wp-content\/uploads\/2025\/03\/4533-scaled.jpg","jetpack_sharing_enabled":true,"_links":{"self":[{"href":"https:\/\/kibrisayna.com\/index.php\/wp-json\/wp\/v2\/posts\/21173","targetHints":{"allow":["GET"]}}],"collection":[{"href":"https:\/\/kibrisayna.com\/index.php\/wp-json\/wp\/v2\/posts"}],"about":[{"href":"https:\/\/kibrisayna.com\/index.php\/wp-json\/wp\/v2\/types\/post"}],"author":[{"embeddable":true,"href":"https:\/\/kibrisayna.com\/index.php\/wp-json\/wp\/v2\/users\/908"}],"replies":[{"embeddable":true,"href":"https:\/\/kibrisayna.com\/index.php\/wp-json\/wp\/v2\/comments?post=21173"}],"version-history":[{"count":0,"href":"https:\/\/kibrisayna.com\/index.php\/wp-json\/wp\/v2\/posts\/21173\/revisions"}],"wp:featuredmedia":[{"embeddable":true,"href":"https:\/\/kibrisayna.com\/index.php\/wp-json\/wp\/v2\/media\/21174"}],"wp:attachment":[{"href":"https:\/\/kibrisayna.com\/index.php\/wp-json\/wp\/v2\/media?parent=21173"}],"wp:term":[{"taxonomy":"category","embeddable":true,"href":"https:\/\/kibrisayna.com\/index.php\/wp-json\/wp\/v2\/categories?post=21173"},{"taxonomy":"post_tag","embeddable":true,"href":"https:\/\/kibrisayna.com\/index.php\/wp-json\/wp\/v2\/tags?post=21173"}],"curies":[{"name":"wp","href":"https:\/\/api.w.org\/{rel}","templated":true}]}}