{"id":21146,"date":"2025-03-26T16:47:17","date_gmt":"2025-03-26T13:47:17","guid":{"rendered":"https:\/\/kibrisayna.com\/index.php\/2025\/03\/26\/bolger-hayatini-kaybetti-yilmaz-ve-tekin-olum-sebebi-kalp-brtk\/"},"modified":"2025-03-26T16:47:17","modified_gmt":"2025-03-26T13:47:17","slug":"bolger-hayatini-kaybetti-yilmaz-ve-tekin-olum-sebebi-kalp-brtk","status":"publish","type":"post","link":"https:\/\/kibrisayna.com\/index.php\/2025\/03\/26\/bolger-hayatini-kaybetti-yilmaz-ve-tekin-olum-sebebi-kalp-brtk\/","title":{"rendered":"Bolger hayat\u0131n\u0131 kaybetti, Y\u0131lmaz ve Tek\u2019in \u00f6l\u00fcm sebebi kalp \u2013 BRTK"},"content":{"rendered":"<p> <br \/>\n<\/p>\n<div>\n<p style=\"font-weight: 300;\"><span style=\"font-weight: 300 !important;\"> <\/p>\n<div class=\"mariselle-image-container center\">\n                <img loading=\"lazy\" decoding=\"async\" width=\"1280\" height=\"696\" class=\"lazy-image\" alt=\"\" sizes=\"auto, (max-width: 1280px) 100vw, 1280px\" src=\"https:\/\/brtk.net\/wp-content\/uploads\/2025\/02\/10\/ANI-OLUM.jpg?ver=fbb15355265c349d08d918acff307f32\" srcset=\"https:\/\/brtk.net\/wp-content\/uploads\/2025\/02\/10\/ANI-OLUM.jpg?ver=fbb15355265c349d08d918acff307f32 1280w, https:\/\/brtk.net\/wp-content\/uploads\/2025\/02\/10\/ANI-OLUM-300x163.jpg?ver=c9aff54abf89f34db1a4077d6c09c26b 300w, https:\/\/brtk.net\/wp-content\/uploads\/2025\/02\/10\/ANI-OLUM-1024x557.jpg?ver=8b39c458fb8ba051ac5508bb531643fa 1024w, https:\/\/brtk.net\/wp-content\/uploads\/2025\/02\/10\/ANI-OLUM-768x418.jpg?ver=8b39c458fb8ba051ac5508bb531643fa 768w\"\/>                            <\/div>\n<p><\/span><\/p>\n<p style=\"font-weight: 300;\"><span style=\"font-weight: 300 !important;\">Lefko\u015fa\u2019da Merkezi Cezaevi\u2019nde h\u00fck\u00fcml\u00fc olarak tutuklu bulunan 78 ya\u015f\u0131ndaki Anthony Edward Bolger, d\u00fcn tedavi g\u00f6rd\u00fc\u011f\u00fc Acil Durum Hastanesi \u00dcroloji Servisi\u2019nde ya\u015fam\u0131n\u0131 yitirdi.<\/span><\/p>\n<p style=\"font-weight: 300;\"><span style=\"font-weight: 300 !important;\">Polis Bas\u0131n B\u00fcltenine g\u00f6re, Bolger\u2019in \u00f6l\u00fcm sebebi, yap\u0131lacak otopsinin ard\u0131ndan netlik kazanacak.<\/span><\/p>\n<p style=\"font-weight: 300;\"><span style=\"font-weight: 300 !important;\"><em>-Y\u0131lmaz ve Tek\u2019in \u00f6l\u00fcm sebebi kalp<\/em><br \/>Girne\u2019de 22 Mart\u2019ta bir restoranda aniden rahats\u0131zlanarak hayat\u0131n\u0131 kaybeden \u0130brahim Y\u0131lmaz\u2019\u0131n\u00a0 otopsisinde, \u00f6l\u00fcm sebebinin \u201cbypass\u2019l\u0131 aterosklerotik ve hipertrofik kalp hastal\u0131\u011f\u0131, kalp yetmezli\u011fi ve kalp krizi\u201d oldu\u011fu belirlendi.<\/span><\/p>\n<p style=\"font-weight: 300;\"><span style=\"font-weight: 300 !important;\">Zeytinlik\u2019te 23 Mart tarihinde hayat\u0131n\u0131 kaybeden Mehmet Feridun Tek\u2019in otopsisinde ise \u00f6l\u00fcm sebebinin \u201caterosklerotik kalp hastal\u0131\u011f\u0131, kalp krizi, dola\u015f\u0131m ve solunum yetmezli\u011fi\u201d oldu\u011fu a\u00e7\u0131kland\u0131.<\/span><\/p>\n<p style=\"font-weight: 300;\">Olaylarla ilgili soru\u015fturma devam ediyor.<\/p>\n<\/p><\/div>\n<p><script async\n                    defer\n                    crossorigin=\"anonymous\"\n                    src=\"https:\/\/connect.facebook.net\/tr_TR\/sdk.js#xfbml=1&#038;version=v3.3\"\n            ><\/script><br \/>\n<br \/><br \/>\n<br \/><a href=\"https:\/\/brtk.net\/ani-ve-gayri-tabii-olum-olaylari-bolger-hayatini-kaybetti-yilmaz-ve-tekin-olum-sebebi-kalp\/\"> <\/a><\/p>\n","protected":false},"excerpt":{"rendered":"<p>Lefko\u015fa\u2019da Merkezi Cezaevi\u2019nde h\u00fck\u00fcml\u00fc olarak tutuklu bulunan 78 ya\u015f\u0131ndaki Anthony Edward Bolger, d\u00fcn tedavi g\u00f6rd\u00fc\u011f\u00fc Acil Durum Hastanesi \u00dcroloji Servisi\u2019nde ya\u015fam\u0131n\u0131 yitirdi. Polis Bas\u0131n B\u00fcltenine g\u00f6re, Bolger\u2019in \u00f6l\u00fcm sebebi, yap\u0131lacak otopsinin ard\u0131ndan netlik kazanacak. -Y\u0131lmaz ve Tek\u2019in \u00f6l\u00fcm sebebi kalpGirne\u2019de 22 Mart\u2019ta bir restoranda aniden rahats\u0131zlanarak hayat\u0131n\u0131 kaybeden \u0130brahim Y\u0131lmaz\u2019\u0131n\u00a0 otopsisinde, \u00f6l\u00fcm sebebinin \u201cbypass\u2019l\u0131 aterosklerotik [&hellip;]<\/p>\n","protected":false},"author":908,"featured_media":19255,"comment_status":"open","ping_status":"open","sticky":false,"template":"","format":"standard","meta":{"advanced_seo_description":"","jetpack_seo_html_title":"","jetpack_seo_noindex":false,"jetpack_seo_schema_type":"","_jetpack_newsletter_access":"","_jetpack_dont_email_post_to_subs":false,"_jetpack_newsletter_tier_id":0,"_jetpack_memberships_contains_paywalled_content":false,"_jetpack_feature_clip_id":0,"_jetpack_memberships_contains_paid_content":false,"footnotes":"","jetpack_publicize_message":"","jetpack_publicize_feature_enabled":true,"jetpack_social_post_already_shared":true,"jetpack_social_options":{"image_generator_settings":{"template":"highway","default_image_id":0,"font":"","enabled":false},"version":2},"jetpack_post_was_ever_published":false},"categories":[253,19],"tags":[],"class_list":["post-21146","post","type-post","status-publish","format-standard","has-post-thumbnail","hentry","category-gundem","category-manset"],"jetpack_publicize_connections":[],"jetpack_featured_media_url":"https:\/\/kibrisayna.com\/wp-content\/uploads\/2025\/03\/ANI-OLUM.jpg","jetpack_sharing_enabled":true,"_links":{"self":[{"href":"https:\/\/kibrisayna.com\/index.php\/wp-json\/wp\/v2\/posts\/21146","targetHints":{"allow":["GET"]}}],"collection":[{"href":"https:\/\/kibrisayna.com\/index.php\/wp-json\/wp\/v2\/posts"}],"about":[{"href":"https:\/\/kibrisayna.com\/index.php\/wp-json\/wp\/v2\/types\/post"}],"author":[{"embeddable":true,"href":"https:\/\/kibrisayna.com\/index.php\/wp-json\/wp\/v2\/users\/908"}],"replies":[{"embeddable":true,"href":"https:\/\/kibrisayna.com\/index.php\/wp-json\/wp\/v2\/comments?post=21146"}],"version-history":[{"count":0,"href":"https:\/\/kibrisayna.com\/index.php\/wp-json\/wp\/v2\/posts\/21146\/revisions"}],"wp:featuredmedia":[{"embeddable":true,"href":"https:\/\/kibrisayna.com\/index.php\/wp-json\/wp\/v2\/media\/19255"}],"wp:attachment":[{"href":"https:\/\/kibrisayna.com\/index.php\/wp-json\/wp\/v2\/media?parent=21146"}],"wp:term":[{"taxonomy":"category","embeddable":true,"href":"https:\/\/kibrisayna.com\/index.php\/wp-json\/wp\/v2\/categories?post=21146"},{"taxonomy":"post_tag","embeddable":true,"href":"https:\/\/kibrisayna.com\/index.php\/wp-json\/wp\/v2\/tags?post=21146"}],"curies":[{"name":"wp","href":"https:\/\/api.w.org\/{rel}","templated":true}]}}