{"id":21030,"date":"2025-03-25T15:01:31","date_gmt":"2025-03-25T12:01:31","guid":{"rendered":"https:\/\/kibrisayna.com\/index.php\/2025\/03\/25\/ramazanda-5-bin-kuru-gida-kolisi-ihtiyac-sahiplerine-ulastirildi-brtk\/"},"modified":"2025-03-25T15:01:31","modified_gmt":"2025-03-25T12:01:31","slug":"ramazanda-5-bin-kuru-gida-kolisi-ihtiyac-sahiplerine-ulastirildi-brtk","status":"publish","type":"post","link":"https:\/\/kibrisayna.com\/index.php\/2025\/03\/25\/ramazanda-5-bin-kuru-gida-kolisi-ihtiyac-sahiplerine-ulastirildi-brtk\/","title":{"rendered":"\u201cRamazan\u2019da 5 bin kuru g\u0131da kolisi ihtiya\u00e7 sahiplerine ula\u015ft\u0131r\u0131ld\u0131\u201d \u2013 BRTK"},"content":{"rendered":"<p> <br \/>\n<\/p>\n<div>\n<div class=\"mariselle-image-container center\">\n                <img loading=\"lazy\" decoding=\"async\" width=\"880\" height=\"440\" class=\"lazy-image\" alt=\"\" sizes=\"auto, (max-width: 880px) 100vw, 880px\" src=\"https:\/\/brtk.net\/wp-content\/uploads\/2025\/03\/25\/1742900694441115582.jpg?ver=54dbeb2eb954a5c6430239d794c4f3b4\" srcset=\"https:\/\/brtk.net\/wp-content\/uploads\/2025\/03\/25\/1742900694441115582.jpg?ver=54dbeb2eb954a5c6430239d794c4f3b4 880w, https:\/\/brtk.net\/wp-content\/uploads\/2025\/03\/25\/1742900694441115582-300x150.jpg?ver=e20b7c84daef1dc5e4aa9c20040931ea 300w, https:\/\/brtk.net\/wp-content\/uploads\/2025\/03\/25\/1742900694441115582-768x384.jpg?ver=670812ef8e0f2c771e2f3d52b2e6f57e 768w, https:\/\/brtk.net\/wp-content\/uploads\/2025\/03\/25\/1742900694441115582-720x360.jpg?ver=670812ef8e0f2c771e2f3d52b2e6f57e 720w\"\/>                            <\/div>\n<p>K\u0131br\u0131s Vak\u0131flar \u0130daresi, Ramazan ay\u0131nda ihtiya\u00e7 sahibi ailelere 5 bin kuru g\u0131da kolisinin ula\u015ft\u0131r\u0131ld\u0131\u011f\u0131n\u0131 duyurdu.<\/p>\n<p>Vak\u0131flar\u2019dan yap\u0131lan a\u00e7\u0131klamada, T\u00fcrkiye K\u00fclt\u00fcr ve Turizm Bakanl\u0131\u011f\u0131 Vak\u0131flar Genel M\u00fcd\u00fcrl\u00fc\u011f\u00fc taraf\u0131ndan g\u00f6nderilen g\u0131da kolilerinin Ramazan ay\u0131n\u0131n ilk haftas\u0131nda tespit edilen ihtiya\u00e7 sahiplerine \u015feffaf bir \u015fekilde da\u011f\u0131t\u0131ld\u0131\u011f\u0131 belirtildi.<\/p>\n<p>Ramazan ay\u0131n\u0131n yard\u0131mla\u015fma ve dayan\u0131\u015fma ay\u0131 oldu\u011fu dikkate al\u0131narak, s\u00f6z konusu kolilerin da\u011f\u0131t\u0131m\u0131nda gerekli t\u00fcm \u00f6nlemlerin al\u0131nd\u0131\u011f\u0131 ve takibinin yap\u0131ld\u0131\u011f\u0131 vurgulanan a\u00e7\u0131klamada, kolilerin bantlar\u0131n\u0131n s\u00f6k\u00fcld\u00fc\u011f\u00fc veya \u00fcr\u00fcnlerin \u00e7al\u0131nd\u0131\u011f\u0131 y\u00f6n\u00fcndeki iddialar\u0131n ger\u00e7e\u011fi yans\u0131tmad\u0131\u011f\u0131 kaydedildi.<\/p>\n<\/p><\/div>\n<p><script async\n                    defer\n                    crossorigin=\"anonymous\"\n                    src=\"https:\/\/connect.facebook.net\/tr_TR\/sdk.js#xfbml=1&#038;version=v3.3\"\n            ><\/script><br \/>\n<br \/><br \/>\n<br \/><a href=\"https:\/\/brtk.net\/vakiflar-idaresi-ramazanda-5-bin-kuru-gida-kolisi-ihtiyac-sahiplerine-ulastirildi\/\">Kaynak BRT <\/a><\/p>\n","protected":false},"excerpt":{"rendered":"<p>K\u0131br\u0131s Vak\u0131flar \u0130daresi, Ramazan ay\u0131nda ihtiya\u00e7 sahibi ailelere 5 bin kuru g\u0131da kolisinin ula\u015ft\u0131r\u0131ld\u0131\u011f\u0131n\u0131 duyurdu. Vak\u0131flar\u2019dan yap\u0131lan a\u00e7\u0131klamada, T\u00fcrkiye K\u00fclt\u00fcr ve Turizm Bakanl\u0131\u011f\u0131 Vak\u0131flar Genel M\u00fcd\u00fcrl\u00fc\u011f\u00fc taraf\u0131ndan g\u00f6nderilen g\u0131da kolilerinin Ramazan ay\u0131n\u0131n ilk haftas\u0131nda tespit edilen ihtiya\u00e7 sahiplerine \u015feffaf bir \u015fekilde da\u011f\u0131t\u0131ld\u0131\u011f\u0131 belirtildi. Ramazan ay\u0131n\u0131n yard\u0131mla\u015fma ve dayan\u0131\u015fma ay\u0131 oldu\u011fu dikkate al\u0131narak, s\u00f6z konusu kolilerin [&hellip;]<\/p>\n","protected":false},"author":908,"featured_media":21031,"comment_status":"open","ping_status":"open","sticky":false,"template":"","format":"standard","meta":{"advanced_seo_description":"","jetpack_seo_html_title":"","jetpack_seo_noindex":false,"jetpack_seo_schema_type":"","_jetpack_newsletter_access":"","_jetpack_dont_email_post_to_subs":false,"_jetpack_newsletter_tier_id":0,"_jetpack_memberships_contains_paywalled_content":false,"_jetpack_feature_clip_id":0,"_jetpack_memberships_contains_paid_content":false,"footnotes":"","jetpack_publicize_message":"","jetpack_publicize_feature_enabled":true,"jetpack_social_post_already_shared":true,"jetpack_social_options":{"image_generator_settings":{"template":"highway","default_image_id":0,"font":"","enabled":false},"version":2},"jetpack_post_was_ever_published":false},"categories":[253],"tags":[],"class_list":["post-21030","post","type-post","status-publish","format-standard","has-post-thumbnail","hentry","category-gundem"],"jetpack_publicize_connections":[],"jetpack_featured_media_url":"https:\/\/kibrisayna.com\/wp-content\/uploads\/2025\/03\/1742900694441115582.jpg","jetpack_sharing_enabled":true,"_links":{"self":[{"href":"https:\/\/kibrisayna.com\/index.php\/wp-json\/wp\/v2\/posts\/21030","targetHints":{"allow":["GET"]}}],"collection":[{"href":"https:\/\/kibrisayna.com\/index.php\/wp-json\/wp\/v2\/posts"}],"about":[{"href":"https:\/\/kibrisayna.com\/index.php\/wp-json\/wp\/v2\/types\/post"}],"author":[{"embeddable":true,"href":"https:\/\/kibrisayna.com\/index.php\/wp-json\/wp\/v2\/users\/908"}],"replies":[{"embeddable":true,"href":"https:\/\/kibrisayna.com\/index.php\/wp-json\/wp\/v2\/comments?post=21030"}],"version-history":[{"count":0,"href":"https:\/\/kibrisayna.com\/index.php\/wp-json\/wp\/v2\/posts\/21030\/revisions"}],"wp:featuredmedia":[{"embeddable":true,"href":"https:\/\/kibrisayna.com\/index.php\/wp-json\/wp\/v2\/media\/21031"}],"wp:attachment":[{"href":"https:\/\/kibrisayna.com\/index.php\/wp-json\/wp\/v2\/media?parent=21030"}],"wp:term":[{"taxonomy":"category","embeddable":true,"href":"https:\/\/kibrisayna.com\/index.php\/wp-json\/wp\/v2\/categories?post=21030"},{"taxonomy":"post_tag","embeddable":true,"href":"https:\/\/kibrisayna.com\/index.php\/wp-json\/wp\/v2\/tags?post=21030"}],"curies":[{"name":"wp","href":"https:\/\/api.w.org\/{rel}","templated":true}]}}