{"id":21012,"date":"2025-03-25T13:27:01","date_gmt":"2025-03-25T10:27:01","guid":{"rendered":"https:\/\/kibrisayna.com\/index.php\/2025\/03\/25\/basbakan-ustel-ktoeos-ve-ktos-yetkilileri-ile-gorusuyor-brtk\/"},"modified":"2025-03-25T13:27:01","modified_gmt":"2025-03-25T10:27:01","slug":"basbakan-ustel-ktoeos-ve-ktos-yetkilileri-ile-gorusuyor-brtk","status":"publish","type":"post","link":"https:\/\/kibrisayna.com\/index.php\/2025\/03\/25\/basbakan-ustel-ktoeos-ve-ktos-yetkilileri-ile-gorusuyor-brtk\/","title":{"rendered":"Ba\u015fbakan \u00dcstel, KTOE\u00d6S ve KT\u00d6S yetkilileri ile g\u00f6r\u00fc\u015f\u00fcyor \u2013 BRTK"},"content":{"rendered":"<p> <br \/>\n<\/p>\n<div>\n<div class=\"mariselle-image-container center\">\n                <img loading=\"lazy\" decoding=\"async\" width=\"2560\" height=\"1709\" class=\"lazy-image\" alt=\"\" sizes=\"auto, (max-width: 2560px) 100vw, 2560px\" src=\"https:\/\/brtk.net\/wp-content\/uploads\/2025\/03\/25\/1742896660775Ustel-Ogretmen-Sendikalari-gorusme-scaled.jpg?ver=ed7c352222e8227a49cd05505407b26a\" srcset=\"https:\/\/brtk.net\/wp-content\/uploads\/2025\/03\/25\/1742896660775Ustel-Ogretmen-Sendikalari-gorusme-scaled.jpg?ver=ed7c352222e8227a49cd05505407b26a 2560w, https:\/\/brtk.net\/wp-content\/uploads\/2025\/03\/25\/1742896660775Ustel-Ogretmen-Sendikalari-gorusme-300x200.jpg?ver=ed7c352222e8227a49cd05505407b26a 300w, https:\/\/brtk.net\/wp-content\/uploads\/2025\/03\/25\/1742896660775Ustel-Ogretmen-Sendikalari-gorusme-1024x683.jpg?ver=f6f324f77417dca9cb17b21f66d01033 1024w, https:\/\/brtk.net\/wp-content\/uploads\/2025\/03\/25\/1742896660775Ustel-Ogretmen-Sendikalari-gorusme-768x513.jpg?ver=f6f324f77417dca9cb17b21f66d01033 768w, https:\/\/brtk.net\/wp-content\/uploads\/2025\/03\/25\/1742896660775Ustel-Ogretmen-Sendikalari-gorusme-1536x1025.jpg?ver=21224b69cf7695bd72c8087bbe59a367 1536w, https:\/\/brtk.net\/wp-content\/uploads\/2025\/03\/25\/1742896660775Ustel-Ogretmen-Sendikalari-gorusme-2048x1367.jpg?ver=7f4be2a92bb01f6f1db97bb4eb4061dd 2048w\"\/>                            <\/div>\n<p>Ba\u015fbakan \u00dcnal \u00dcstel, ortaokul ve lise d\u00fczeyindeki disiplin kurallar\u0131na ili\u015fkin t\u00fcz\u00fck de\u011fi\u015fikli\u011fiyle ba\u015flayan tart\u0131\u015fmalar\u0131n ard\u0131ndan, bug\u00fcn K\u0131br\u0131s T\u00fcrk Orta E\u011fitim \u00d6\u011fretmenler Sendikas\u0131 (KTOE\u00d6S) ve K\u0131br\u0131s T\u00fcrk \u00d6\u011fretmenler Sendikas\u0131 (KT\u00d6S) yetkilileriyle bir araya geldi.<\/p>\n<p>Ba\u015fbakanl\u0131k\u2019ta 11.45\u2019te ba\u015flayan g\u00f6r\u00fc\u015fmeye, KTOE\u00d6S Ba\u015fkan\u0131 Selma Eylem, Genel Sekreter Tahir G\u00f6k\u00e7ebel, KT\u00d6S Ba\u015fkan\u0131 Mustafa Baybora, Genel Sekreter Burak Mavi\u015f ve sendika temsilcileri kat\u0131ld\u0131. Toplant\u0131da ayr\u0131ca; Ba\u015fbakanl\u0131k M\u00fcste\u015farlar\u0131 Durali G\u00fc\u00e7l\u00fcsoy, H\u00fcseyin Cahito\u011flu ve Berhan Ongan da yer al\u0131yor.<\/p>\n<p>Toplant\u0131 sonras\u0131nda bas\u0131na a\u00e7\u0131klama yap\u0131lmas\u0131 bekleniyor. <\/p>\n<p><em>-T\u00fcz\u00fck geri \u00e7ekilmi\u015fti<\/em><\/p>\n<p>S\u00f6z konusu t\u00fcz\u00fck de\u011fi\u015fikli\u011fine \u00f6\u011fretmen sendikalar\u0131 tepki g\u00f6stermi\u015f ve kamuoyunda tart\u0131\u015fmalara yol a\u00e7m\u0131\u015ft\u0131.<\/p>\n<p>Ba\u015fbakan \u00dcstel, d\u00fcn Meclis\u2019te yapt\u0131\u011f\u0131 a\u00e7\u0131klamada, \u201cOrtaokullar ile Orta\u00f6\u011fretim Kurumlar\u0131 \u0130\u00e7inde ve D\u0131\u015f\u0131nda Uyulacak Kurallar ve Disiplin (De\u011fi\u015fiklik) T\u00fcz\u00fc\u011f\u00fc\u201dn\u00fcn, Bakanlar Kurulu taraf\u0131ndan yeniden de\u011ferlendirilmek \u00fczere geri \u00e7ekildi\u011fini duyurmu\u015ftu.<\/p>\n<p>Ba\u015fbakan \u00dcstel, h\u00fck\u00fcmet olarak uzla\u015f\u0131dan yana olduklar\u0131n\u0131, dini inan\u00e7lara sayg\u0131n\u0131n \u00f6nemine dikkat \u00e7ekmi\u015f, toplumda olu\u015fan gerginli\u011fi gidermek ad\u0131na gerekli isti\u015farelerin yap\u0131laca\u011f\u0131n\u0131 ve t\u00fcz\u00fc\u011f\u00fcn birlik ve beraberlik i\u00e7inde yeniden ele al\u0131naca\u011f\u0131n\u0131 ifade etmi\u015fti.<\/p>\n<\/p><\/div>\n<p><script async\n                    defer\n                    crossorigin=\"anonymous\"\n                    src=\"https:\/\/connect.facebook.net\/tr_TR\/sdk.js#xfbml=1&#038;version=v3.3\"\n            ><\/script><br \/>\n<br \/><br \/>\n<br \/><a href=\"https:\/\/brtk.net\/basbakan-ustel-ktoeos-ve-ktos-yetkilileri-ile-gorusuyor\/\">Kaynak BRT <\/a><\/p>\n","protected":false},"excerpt":{"rendered":"<p>Ba\u015fbakan \u00dcnal \u00dcstel, ortaokul ve lise d\u00fczeyindeki disiplin kurallar\u0131na ili\u015fkin t\u00fcz\u00fck de\u011fi\u015fikli\u011fiyle ba\u015flayan tart\u0131\u015fmalar\u0131n ard\u0131ndan, bug\u00fcn K\u0131br\u0131s T\u00fcrk Orta E\u011fitim \u00d6\u011fretmenler Sendikas\u0131 (KTOE\u00d6S) ve K\u0131br\u0131s T\u00fcrk \u00d6\u011fretmenler Sendikas\u0131 (KT\u00d6S) yetkilileriyle bir araya geldi. Ba\u015fbakanl\u0131k\u2019ta 11.45\u2019te ba\u015flayan g\u00f6r\u00fc\u015fmeye, KTOE\u00d6S Ba\u015fkan\u0131 Selma Eylem, Genel Sekreter Tahir G\u00f6k\u00e7ebel, KT\u00d6S Ba\u015fkan\u0131 Mustafa Baybora, Genel Sekreter Burak Mavi\u015f ve sendika [&hellip;]<\/p>\n","protected":false},"author":908,"featured_media":21013,"comment_status":"open","ping_status":"open","sticky":false,"template":"","format":"standard","meta":{"advanced_seo_description":"","jetpack_seo_html_title":"","jetpack_seo_noindex":false,"jetpack_seo_schema_type":"","_jetpack_newsletter_access":"","_jetpack_dont_email_post_to_subs":false,"_jetpack_newsletter_tier_id":0,"_jetpack_memberships_contains_paywalled_content":false,"_jetpack_feature_clip_id":0,"_jetpack_memberships_contains_paid_content":false,"footnotes":"","jetpack_publicize_message":"","jetpack_publicize_feature_enabled":true,"jetpack_social_post_already_shared":true,"jetpack_social_options":{"image_generator_settings":{"template":"highway","default_image_id":0,"font":"","enabled":false},"version":2},"jetpack_post_was_ever_published":false},"categories":[253],"tags":[],"class_list":["post-21012","post","type-post","status-publish","format-standard","has-post-thumbnail","hentry","category-gundem"],"jetpack_publicize_connections":[],"jetpack_featured_media_url":"https:\/\/kibrisayna.com\/wp-content\/uploads\/2025\/03\/1742896660775Ustel-Ogretmen-Sendikalari-gorusme-scaled.jpg","jetpack_sharing_enabled":true,"_links":{"self":[{"href":"https:\/\/kibrisayna.com\/index.php\/wp-json\/wp\/v2\/posts\/21012","targetHints":{"allow":["GET"]}}],"collection":[{"href":"https:\/\/kibrisayna.com\/index.php\/wp-json\/wp\/v2\/posts"}],"about":[{"href":"https:\/\/kibrisayna.com\/index.php\/wp-json\/wp\/v2\/types\/post"}],"author":[{"embeddable":true,"href":"https:\/\/kibrisayna.com\/index.php\/wp-json\/wp\/v2\/users\/908"}],"replies":[{"embeddable":true,"href":"https:\/\/kibrisayna.com\/index.php\/wp-json\/wp\/v2\/comments?post=21012"}],"version-history":[{"count":0,"href":"https:\/\/kibrisayna.com\/index.php\/wp-json\/wp\/v2\/posts\/21012\/revisions"}],"wp:featuredmedia":[{"embeddable":true,"href":"https:\/\/kibrisayna.com\/index.php\/wp-json\/wp\/v2\/media\/21013"}],"wp:attachment":[{"href":"https:\/\/kibrisayna.com\/index.php\/wp-json\/wp\/v2\/media?parent=21012"}],"wp:term":[{"taxonomy":"category","embeddable":true,"href":"https:\/\/kibrisayna.com\/index.php\/wp-json\/wp\/v2\/categories?post=21012"},{"taxonomy":"post_tag","embeddable":true,"href":"https:\/\/kibrisayna.com\/index.php\/wp-json\/wp\/v2\/tags?post=21012"}],"curies":[{"name":"wp","href":"https:\/\/api.w.org\/{rel}","templated":true}]}}