{"id":20845,"date":"2025-03-23T20:36:13","date_gmt":"2025-03-23T17:36:13","guid":{"rendered":"https:\/\/kibrisayna.com\/index.php\/2025\/03\/23\/imamoglunun-ibbye-yonelik-teror-sorusturmasinda-serbest-birakilmasina-itiraz-edilecek-brtk\/"},"modified":"2025-03-23T20:36:13","modified_gmt":"2025-03-23T17:36:13","slug":"imamoglunun-ibbye-yonelik-teror-sorusturmasinda-serbest-birakilmasina-itiraz-edilecek-brtk","status":"publish","type":"post","link":"https:\/\/kibrisayna.com\/index.php\/2025\/03\/23\/imamoglunun-ibbye-yonelik-teror-sorusturmasinda-serbest-birakilmasina-itiraz-edilecek-brtk\/","title":{"rendered":"\u0130mamo\u011flu\u2019nun \u0130BB\u2019ye y\u00f6nelik \u201cter\u00f6r\u201d soru\u015fturmas\u0131nda serbest b\u0131rak\u0131lmas\u0131na itiraz edilecek \u2013 BRTK"},"content":{"rendered":"<p> <br \/>\n<\/p>\n<div>\n<div class=\"mariselle-image-container center\">\n                <img loading=\"lazy\" decoding=\"async\" width=\"864\" height=\"486\" class=\"lazy-image\" alt=\"\" sizes=\"auto, (max-width: 864px) 100vw, 864px\" src=\"https:\/\/brtk.net\/wp-content\/uploads\/2025\/03\/23\/1742729494510thumbs_b_c_e4f9ac54bad3c0eb569337ee499a4ff0.jpg?ver=fc8fd663bd3bfbba3692f6f399e96aa8\" srcset=\"https:\/\/brtk.net\/wp-content\/uploads\/2025\/03\/23\/1742729494510thumbs_b_c_e4f9ac54bad3c0eb569337ee499a4ff0.jpg?ver=fc8fd663bd3bfbba3692f6f399e96aa8 864w, https:\/\/brtk.net\/wp-content\/uploads\/2025\/03\/23\/1742729494510thumbs_b_c_e4f9ac54bad3c0eb569337ee499a4ff0-300x169.jpg?ver=fc8fd663bd3bfbba3692f6f399e96aa8 300w, https:\/\/brtk.net\/wp-content\/uploads\/2025\/03\/23\/1742729494510thumbs_b_c_e4f9ac54bad3c0eb569337ee499a4ff0-768x432.jpg?ver=9f70dd5cfb4161c74d936396112f6b19 768w\"\/>                            <\/div>\n<p>\n\u0130stanbul Cumhuriyet Ba\u015fsavc\u0131l\u0131\u011f\u0131\u2019n\u0131n, \u0130stanbul B\u00fcy\u00fck\u015fehir Belediye (\u0130BB) Ba\u015fkan\u0131 Ekrem \u0130mamo\u011flu\u2019nun \u201cter\u00f6r\u201d soru\u015fturmas\u0131nda serbest b\u0131rak\u0131lmas\u0131na itiraz edece\u011fi \u00f6\u011frenildi.<\/p>\n<p>\u0130stanbul Cumhuriyet Ba\u015fsavc\u0131l\u0131\u011f\u0131\u2019nca, \u0130BB\u2019ye y\u00f6nelik \u201cyolsuzluk\u201d soru\u015fturmas\u0131 kapsam\u0131nda sevk edildi\u011fi n\u00f6bet\u00e7i sulh ceza hakimli\u011fince tutuklanan Ekrem \u0130mamo\u011flu\u2019nun, \u201csilahl\u0131 ter\u00f6r \u00f6rg\u00fct\u00fcne yard\u0131m\u201d su\u00e7undan tutuklanmas\u0131 talebinin reddine karar verilmesine itiraz edilece\u011fi bilgisine ula\u015f\u0131ld\u0131.<\/p>\n<p>\u201cYolsuzluk\u201d soru\u015fturmas\u0131 kapsam\u0131nda bir k\u0131s\u0131m su\u00e7lardan tutuklanan \u0130mamo\u011flu\u2019nun bir k\u0131s\u0131m su\u00e7lardan serbest b\u0131rak\u0131lmas\u0131na da itiraz edece\u011fi \u00f6\u011frenildi.<\/p>\n<p>\u0130stanbul Cumhuriyet Ba\u015fsavc\u0131l\u0131\u011f\u0131\u2019ndan yap\u0131lan a\u00e7\u0131klamada, y\u00fcr\u00fct\u00fclen soru\u015fturmalar kapsam\u0131nda n\u00f6bet\u00e7i sulh ceza hakimli\u011fince mali nitelikli soru\u015fturma kapsam\u0131nda \u015f\u00fcpheli Ekrem \u0130mamo\u011flu\u2019nun \u201csu\u00e7 \u00f6rg\u00fct\u00fc kurmak ve y\u00f6netmek\u201d, \u201cr\u00fc\u015fvet almak\u201d, \u201cirtikap\u201d, \u201chukuka ayk\u0131r\u0131 olarak ki\u015fisel verileri kaydetmek\u201d ve \u201cihaleye fesat kar\u0131\u015ft\u0131rmak\u201d su\u00e7lar\u0131ndan tutukland\u0131\u011f\u0131 kaydedilmi\u015fti.<\/p>\n<p>A\u00e7\u0131klamada, \u201cEkrem \u0130mamo\u011flu hakk\u0131nda \u00fczerine at\u0131l\u0131 \u2018silahl\u0131 ter\u00f6r \u00f6rg\u00fct\u00fcne yard\u0131m etme\u2019 su\u00e7undan kuvvetli su\u00e7 \u015f\u00fcphesi bulunmakla birlikte mali nitelikli su\u00e7lardan zaten tutuklanmas\u0131na karar verildi\u011finden bu a\u015famada gerek g\u00f6r\u00fclmemekle talebin reddine karar verilmi\u015ftir.\u201d ifadeleri kullan\u0131lm\u0131\u015ft\u0131.<\/p>\n<\/p><\/div>\n<p><script async\n                    defer\n                    crossorigin=\"anonymous\"\n                    src=\"https:\/\/connect.facebook.net\/tr_TR\/sdk.js#xfbml=1&#038;version=v3.3\"\n            ><\/script><br \/>\n<br \/><br \/>\n<br \/><a href=\"https:\/\/brtk.net\/imamoglunun-ibbye-yonelik-teror-sorusturmasinda-serbest-birakilmasina-itiraz-edilecek\/\"><\/a><\/p>\n","protected":false},"excerpt":{"rendered":"<p>\u0130stanbul Cumhuriyet Ba\u015fsavc\u0131l\u0131\u011f\u0131\u2019n\u0131n, \u0130stanbul B\u00fcy\u00fck\u015fehir Belediye (\u0130BB) Ba\u015fkan\u0131 Ekrem \u0130mamo\u011flu\u2019nun \u201cter\u00f6r\u201d soru\u015fturmas\u0131nda serbest b\u0131rak\u0131lmas\u0131na itiraz edece\u011fi \u00f6\u011frenildi. \u0130stanbul Cumhuriyet Ba\u015fsavc\u0131l\u0131\u011f\u0131\u2019nca, \u0130BB\u2019ye y\u00f6nelik \u201cyolsuzluk\u201d soru\u015fturmas\u0131 kapsam\u0131nda sevk edildi\u011fi n\u00f6bet\u00e7i sulh ceza hakimli\u011fince tutuklanan Ekrem \u0130mamo\u011flu\u2019nun, \u201csilahl\u0131 ter\u00f6r \u00f6rg\u00fct\u00fcne yard\u0131m\u201d su\u00e7undan tutuklanmas\u0131 talebinin reddine karar verilmesine itiraz edilece\u011fi bilgisine ula\u015f\u0131ld\u0131. \u201cYolsuzluk\u201d soru\u015fturmas\u0131 kapsam\u0131nda bir k\u0131s\u0131m su\u00e7lardan tutuklanan [&hellip;]<\/p>\n","protected":false},"author":908,"featured_media":20846,"comment_status":"open","ping_status":"open","sticky":false,"template":"","format":"standard","meta":{"_jetpack_memberships_contains_paid_content":false,"footnotes":"","jetpack_publicize_message":"","jetpack_publicize_feature_enabled":true,"jetpack_social_post_already_shared":true,"jetpack_social_options":{"image_generator_settings":{"template":"highway","default_image_id":0,"font":"","enabled":false},"version":2}},"categories":[587],"tags":[],"class_list":["post-20845","post","type-post","status-publish","format-standard","has-post-thumbnail","hentry","category-dunya"],"jetpack_publicize_connections":[],"jetpack_featured_media_url":"https:\/\/kibrisayna.com\/wp-content\/uploads\/2025\/03\/1742729494510thumbs_b_c_e4f9ac54bad3c0eb569337ee499a4ff0.jpg","jetpack_sharing_enabled":true,"_links":{"self":[{"href":"https:\/\/kibrisayna.com\/index.php\/wp-json\/wp\/v2\/posts\/20845","targetHints":{"allow":["GET"]}}],"collection":[{"href":"https:\/\/kibrisayna.com\/index.php\/wp-json\/wp\/v2\/posts"}],"about":[{"href":"https:\/\/kibrisayna.com\/index.php\/wp-json\/wp\/v2\/types\/post"}],"author":[{"embeddable":true,"href":"https:\/\/kibrisayna.com\/index.php\/wp-json\/wp\/v2\/users\/908"}],"replies":[{"embeddable":true,"href":"https:\/\/kibrisayna.com\/index.php\/wp-json\/wp\/v2\/comments?post=20845"}],"version-history":[{"count":0,"href":"https:\/\/kibrisayna.com\/index.php\/wp-json\/wp\/v2\/posts\/20845\/revisions"}],"wp:featuredmedia":[{"embeddable":true,"href":"https:\/\/kibrisayna.com\/index.php\/wp-json\/wp\/v2\/media\/20846"}],"wp:attachment":[{"href":"https:\/\/kibrisayna.com\/index.php\/wp-json\/wp\/v2\/media?parent=20845"}],"wp:term":[{"taxonomy":"category","embeddable":true,"href":"https:\/\/kibrisayna.com\/index.php\/wp-json\/wp\/v2\/categories?post=20845"},{"taxonomy":"post_tag","embeddable":true,"href":"https:\/\/kibrisayna.com\/index.php\/wp-json\/wp\/v2\/tags?post=20845"}],"curies":[{"name":"wp","href":"https:\/\/api.w.org\/{rel}","templated":true}]}}