{"id":20841,"date":"2025-03-23T20:30:41","date_gmt":"2025-03-23T17:30:41","guid":{"rendered":"https:\/\/kibrisayna.com\/index.php\/2025\/03\/23\/ortak-bagimsiz-bir-aday-uzerinde-anlasalim-brtk\/"},"modified":"2025-03-23T20:30:41","modified_gmt":"2025-03-23T17:30:41","slug":"ortak-bagimsiz-bir-aday-uzerinde-anlasalim-brtk","status":"publish","type":"post","link":"https:\/\/kibrisayna.com\/index.php\/2025\/03\/23\/ortak-bagimsiz-bir-aday-uzerinde-anlasalim-brtk\/","title":{"rendered":"Ortak ba\u011f\u0131ms\u0131z bir aday \u00fczerinde anla\u015fal\u0131m \u2013 BRTK"},"content":{"rendered":"<p> <br \/>\n<\/p>\n<div>\n<div class=\"mariselle-image-container center\">\n                <img loading=\"lazy\" decoding=\"async\" width=\"1536\" height=\"912\" class=\"lazy-image\" alt=\"\" sizes=\"auto, (max-width: 1536px) 100vw, 1536px\" src=\"https:\/\/brtk.net\/wp-content\/uploads\/2025\/03\/23\/485388384_10162696314018570_725425637601638862_n.jpg?ver=53119f866829985ca92386537663737e\" srcset=\"https:\/\/brtk.net\/wp-content\/uploads\/2025\/03\/23\/485388384_10162696314018570_725425637601638862_n.jpg?ver=53119f866829985ca92386537663737e 1536w, https:\/\/brtk.net\/wp-content\/uploads\/2025\/03\/23\/485388384_10162696314018570_725425637601638862_n-300x178.jpg?ver=85918d2722fcc23e662e3ab67577b438 300w, https:\/\/brtk.net\/wp-content\/uploads\/2025\/03\/23\/485388384_10162696314018570_725425637601638862_n-1024x608.jpg?ver=73733658f62b1236b2048e46b58b50e3 1024w, https:\/\/brtk.net\/wp-content\/uploads\/2025\/03\/23\/485388384_10162696314018570_725425637601638862_n-768x456.jpg?ver=73733658f62b1236b2048e46b58b50e3 768w\"\/>                            <\/div>\n<p>Yeniden Do\u011fu\u015f Partisi Genel Ba\u015fkan\u0131, Bay\u0131nd\u0131rl\u0131k ve Ula\u015ft\u0131rma Bakan\u0131 Erhan Ar\u0131kl\u0131, partisinin Gazima\u011fusa\u2019da d\u00fczenledi\u011fi iftarda Cumhurba\u015fkan\u0131 se\u00e7imi ve g\u00fcndemdeki konulara ili\u015fkin a\u00e7\u0131klamalarda bulundu.<\/p>\n<p>Erhan Ar\u0131kl\u0131, etkinlikteki konu\u015fmas\u0131n\u0131 sosyal medya hesab\u0131ndan payla\u015farak, Nisan ay\u0131 i\u00e7erisinde Parti Meclisi\u2019nin toplanaca\u011f\u0131n\u0131 ve h\u00fckumet meseleleriyle ilgili konu\u015fulaca\u011f\u0131n\u0131 belirtti. Ar\u0131kl\u0131 ayr\u0131ca, toplant\u0131da Cumhurba\u015fkanl\u0131\u011f\u0131 se\u00e7imleri i\u00e7in kesin karar\u0131n verilece\u011fini de ifade etti.<\/p>\n<p>Ar\u0131kl\u0131, \u201cOrtaklar\u0131m\u0131za bir \u00e7a\u011fr\u0131 yap\u0131yor ve diyorum ki, \u00f6n\u00fcm\u00fczdeki Cumhurba\u015fkanl\u0131\u011f\u0131 se\u00e7imlerini partiler\u00fcst\u00fc bir \u015fekilde ele alal\u0131m. Bizim Cumhurba\u015fkanl\u0131\u011f\u0131 se\u00e7imlerinde bir ba\u015fka Partinin aday\u0131na oy vermemiz m\u00fcmk\u00fcn de\u011fil. Yerel se\u00e7imlerde her \u00fc\u00e7 partili se\u00e7menin bir ba\u015fka partili Adaya oy vermedi\u011fini g\u00f6rd\u00fck. Gelin ortak ba\u011f\u0131ms\u0131z bir aday \u00fczerinde anla\u015fal\u0131m. Gelin sa\u011fduyuda birle\u015felim. Anla\u015fabilirsek, Parti Meclisi\u2019ne hem H\u00fck\u00fcmet meselelerini hem de Cumhurba\u015fkanl\u0131\u011f\u0131 meselesini birlikte g\u00f6t\u00fcr\u00fcr\u00fcz\u201d a\u00e7\u0131klamas\u0131nda bulundu.<\/p>\n<p>Etkinlikteki konu\u015fmas\u0131nda \u00f6\u011frencilerin okulda ba\u015f\u00f6rt\u00fcs\u00fc takma meselesine de de\u011finen Ar\u0131kl\u0131, \u201cBu \u00fclkede \u00f6\u011fretmen sendikalar\u0131, Laiklik ve Atat\u00fcrk\u00e7\u00fcl\u00fck ad\u0131na, fa\u015fist bir tav\u0131r sergiliyor, inan\u00e7lar\u0131 gere\u011fi ba\u015flar\u0131n\u0131 \u00f6rten k\u0131z \u00e7ocuklar\u0131m\u0131z\u0131n ba\u015flar\u0131ndaki \u00f6rt\u00fcy\u00fc zorla \u00e7\u0131kar\u0131yorlar. Yaz\u0131klar olsun\u201d ifadelerini kulland\u0131.<\/p>\n<p>Yeniden Do\u011fu\u015f Partisi Genel Ba\u015fkan\u0131, Bay\u0131nd\u0131rl\u0131k ve Ula\u015ft\u0131rma Bakan\u0131 Ar\u0131kl\u0131 ayr\u0131ca halk\u0131 Sal\u0131 g\u00fcn\u00fc Bekirpa\u015fa Lisesi \u00f6n\u00fcnde konuya ili\u015fkin yap\u0131lacak protesto eylemine de davet etti.<\/p>\n<\/p><\/div>\n<p><script async\n                    defer\n                    crossorigin=\"anonymous\"\n                    src=\"https:\/\/connect.facebook.net\/tr_TR\/sdk.js#xfbml=1&#038;version=v3.3\"\n            ><\/script><br \/>\n<br \/><br \/>\n<br \/><a href=\"https:\/\/brtk.net\/arikli-hukumet-ortaklarina-seslendi-ortak-bagimsiz-bir-aday-uzerinde-anlasalim\/\">Kaynak BRT <\/a><\/p>\n","protected":false},"excerpt":{"rendered":"<p>Yeniden Do\u011fu\u015f Partisi Genel Ba\u015fkan\u0131, Bay\u0131nd\u0131rl\u0131k ve Ula\u015ft\u0131rma Bakan\u0131 Erhan Ar\u0131kl\u0131, partisinin Gazima\u011fusa\u2019da d\u00fczenledi\u011fi iftarda Cumhurba\u015fkan\u0131 se\u00e7imi ve g\u00fcndemdeki konulara ili\u015fkin a\u00e7\u0131klamalarda bulundu. Erhan Ar\u0131kl\u0131, etkinlikteki konu\u015fmas\u0131n\u0131 sosyal medya hesab\u0131ndan payla\u015farak, Nisan ay\u0131 i\u00e7erisinde Parti Meclisi\u2019nin toplanaca\u011f\u0131n\u0131 ve h\u00fckumet meseleleriyle ilgili konu\u015fulaca\u011f\u0131n\u0131 belirtti. Ar\u0131kl\u0131 ayr\u0131ca, toplant\u0131da Cumhurba\u015fkanl\u0131\u011f\u0131 se\u00e7imleri i\u00e7in kesin karar\u0131n verilece\u011fini de ifade etti. [&hellip;]<\/p>\n","protected":false},"author":908,"featured_media":20842,"comment_status":"open","ping_status":"open","sticky":false,"template":"","format":"standard","meta":{"_jetpack_memberships_contains_paid_content":false,"footnotes":"","jetpack_publicize_message":"","jetpack_publicize_feature_enabled":true,"jetpack_social_post_already_shared":true,"jetpack_social_options":{"image_generator_settings":{"template":"highway","default_image_id":0,"font":"","enabled":false},"version":2}},"categories":[253],"tags":[],"class_list":["post-20841","post","type-post","status-publish","format-standard","has-post-thumbnail","hentry","category-gundem"],"jetpack_publicize_connections":[],"jetpack_featured_media_url":"https:\/\/kibrisayna.com\/wp-content\/uploads\/2025\/03\/485388384_10162696314018570_725425637601638862_n.jpg","jetpack_sharing_enabled":true,"_links":{"self":[{"href":"https:\/\/kibrisayna.com\/index.php\/wp-json\/wp\/v2\/posts\/20841","targetHints":{"allow":["GET"]}}],"collection":[{"href":"https:\/\/kibrisayna.com\/index.php\/wp-json\/wp\/v2\/posts"}],"about":[{"href":"https:\/\/kibrisayna.com\/index.php\/wp-json\/wp\/v2\/types\/post"}],"author":[{"embeddable":true,"href":"https:\/\/kibrisayna.com\/index.php\/wp-json\/wp\/v2\/users\/908"}],"replies":[{"embeddable":true,"href":"https:\/\/kibrisayna.com\/index.php\/wp-json\/wp\/v2\/comments?post=20841"}],"version-history":[{"count":0,"href":"https:\/\/kibrisayna.com\/index.php\/wp-json\/wp\/v2\/posts\/20841\/revisions"}],"wp:featuredmedia":[{"embeddable":true,"href":"https:\/\/kibrisayna.com\/index.php\/wp-json\/wp\/v2\/media\/20842"}],"wp:attachment":[{"href":"https:\/\/kibrisayna.com\/index.php\/wp-json\/wp\/v2\/media?parent=20841"}],"wp:term":[{"taxonomy":"category","embeddable":true,"href":"https:\/\/kibrisayna.com\/index.php\/wp-json\/wp\/v2\/categories?post=20841"},{"taxonomy":"post_tag","embeddable":true,"href":"https:\/\/kibrisayna.com\/index.php\/wp-json\/wp\/v2\/tags?post=20841"}],"curies":[{"name":"wp","href":"https:\/\/api.w.org\/{rel}","templated":true}]}}