{"id":20797,"date":"2025-03-23T14:57:05","date_gmt":"2025-03-23T11:57:05","guid":{"rendered":"https:\/\/kibrisayna.com\/index.php\/2025\/03\/23\/tatar-yazar-fikret-sanalin-kitap-tanitim-ve-imza-gunu-etkinligine-katildi-brtk\/"},"modified":"2025-03-23T14:57:05","modified_gmt":"2025-03-23T11:57:05","slug":"tatar-yazar-fikret-sanalin-kitap-tanitim-ve-imza-gunu-etkinligine-katildi-brtk","status":"publish","type":"post","link":"https:\/\/kibrisayna.com\/index.php\/2025\/03\/23\/tatar-yazar-fikret-sanalin-kitap-tanitim-ve-imza-gunu-etkinligine-katildi-brtk\/","title":{"rendered":"Tatar, Yazar Fikret \u015eanal\u2019\u0131n kitap tan\u0131t\u0131m ve imza g\u00fcn\u00fc etkinli\u011fine kat\u0131ld\u0131 \u2013 BRTK"},"content":{"rendered":"<p> <br \/>\n<\/p>\n<div>\n<div class=\"mariselle-image-container center\">\n                <img loading=\"lazy\" decoding=\"async\" width=\"2560\" height=\"1707\" class=\"lazy-image\" alt=\"\" sizes=\"auto, (max-width: 2560px) 100vw, 2560px\" src=\"https:\/\/brtk.net\/wp-content\/uploads\/2025\/03\/23\/1742726163614tatar-kitap-4-scaled.jpg?ver=013082d6c1d5d795bf1fc4d0551e5ca2\" srcset=\"https:\/\/brtk.net\/wp-content\/uploads\/2025\/03\/23\/1742726163614tatar-kitap-4-scaled.jpg?ver=013082d6c1d5d795bf1fc4d0551e5ca2 2560w, https:\/\/brtk.net\/wp-content\/uploads\/2025\/03\/23\/1742726163614tatar-kitap-4-300x200.jpg?ver=013082d6c1d5d795bf1fc4d0551e5ca2 300w, https:\/\/brtk.net\/wp-content\/uploads\/2025\/03\/23\/1742726163614tatar-kitap-4-1024x683.jpg?ver=22fbcbf91bf9237c95d7db4bc5afb84f 1024w, https:\/\/brtk.net\/wp-content\/uploads\/2025\/03\/23\/1742726163614tatar-kitap-4-768x512.jpg?ver=22fbcbf91bf9237c95d7db4bc5afb84f 768w, https:\/\/brtk.net\/wp-content\/uploads\/2025\/03\/23\/1742726163614tatar-kitap-4-1536x1024.jpg?ver=5b4a85a320d736af4c60c6a7f28dc23f 1536w, https:\/\/brtk.net\/wp-content\/uploads\/2025\/03\/23\/1742726163614tatar-kitap-4-2048x1365.jpg?ver=ba439158d76021cd7a8aea2f0bd6aa7c 2048w\"\/>                            <\/div>\n<p>Cumhurba\u015fkan\u0131 Ersin Tatar, yazar Fikret \u015eanal\u2019\u0131n \u201cVarolu\u015f M\u00fccadelesi\u201d ve \u201cTrafikte S\u00f6z\u00fcn Bitti\u011fi Yerdeyiz\u201d isimli kitaplar\u0131n\u0131n tan\u0131t\u0131m ve imza g\u00fcn\u00fc etkinli\u011fine kat\u0131ld\u0131. <\/p>\n<p>Cumhurba\u015fkanl\u0131\u011f\u0131ndan yap\u0131lan a\u00e7\u0131klamaya g\u00f6re, Tatar, etkinlikte yapt\u0131\u011f\u0131 konu\u015fmada, Fikret \u015eanal\u2019\u0131n kendisine her zaman iki devletli \u00e7\u00f6z\u00fcm konusunda destek verdi\u011fini ve bunu milli siyaset olarak kabul edilmeden \u00f6nce de savundu\u011funu s\u00f6yledi.<\/p>\n<p>K\u0131br\u0131s T\u00fcrk\u00fc\u2019n\u00fcn ya\u015fam\u0131n\u0131 yans\u0131tman\u0131n ve kitapla\u015ft\u0131rman\u0131n herkesin g\u00f6revi oldu\u011funu vurgulayan Tatar, Fikret \u015eanal\u2019\u0131n polis ve futbolcu olarak toplumda yerini ald\u0131\u011f\u0131n\u0131, ayr\u0131ca makaleler ve kitaplar yazarak halk\u0131na katk\u0131da bulundu\u011funu ifade etti.<\/p>\n<p>Fikret \u015eanal\u2019\u0131n \u00e7izgisinden sapmad\u0131\u011f\u0131n\u0131 anlatan Cumhurba\u015fkan\u0131 Tatar, 2 bin makaleden yola \u00e7\u0131k\u0131larak haz\u0131rlanan bu kitaplarda eme\u011fi ge\u00e7enleri tebrik etti, topluma y\u00f6n veren ve tecr\u00fcbelerini aktaran Fikret \u015eanal\u2019a te\u015fekk\u00fcrlerini iletti.<\/p>\n<p>Kitap sat\u0131\u015f\u0131ndan elde edilecek gelirin \u015eampiyon Melekleri Ya\u015fatma Derne\u011fi\u2019ne ba\u011f\u0131\u015flanacak olmas\u0131n\u0131n ayr\u0131 bir \u00f6nem ta\u015f\u0131d\u0131\u011f\u0131n\u0131 vurgulayan Tatar, 6 \u015eubat Depremi\u2019nin ard\u0131ndan halk\u0131n t\u00fcm kesimlerinin birlik i\u00e7inde hareket etti\u011fini kaydetti.<\/p>\n<\/p><\/div>\n<p><script async\n                    defer\n                    crossorigin=\"anonymous\"\n                    src=\"https:\/\/connect.facebook.net\/tr_TR\/sdk.js#xfbml=1&#038;version=v3.3\"\n            ><\/script><br \/>\n<br \/><br \/>\n<br \/><a href=\"https:\/\/brtk.net\/tatar-yazar-fikret-sanalin-kitap-tanitim-ve-imza-gunu-etkinligine-katildi\/\">Kaynak BRT <\/a><\/p>\n","protected":false},"excerpt":{"rendered":"<p>Cumhurba\u015fkan\u0131 Ersin Tatar, yazar Fikret \u015eanal\u2019\u0131n \u201cVarolu\u015f M\u00fccadelesi\u201d ve \u201cTrafikte S\u00f6z\u00fcn Bitti\u011fi Yerdeyiz\u201d isimli kitaplar\u0131n\u0131n tan\u0131t\u0131m ve imza g\u00fcn\u00fc etkinli\u011fine kat\u0131ld\u0131. Cumhurba\u015fkanl\u0131\u011f\u0131ndan yap\u0131lan a\u00e7\u0131klamaya g\u00f6re, Tatar, etkinlikte yapt\u0131\u011f\u0131 konu\u015fmada, Fikret \u015eanal\u2019\u0131n kendisine her zaman iki devletli \u00e7\u00f6z\u00fcm konusunda destek verdi\u011fini ve bunu milli siyaset olarak kabul edilmeden \u00f6nce de savundu\u011funu s\u00f6yledi. K\u0131br\u0131s T\u00fcrk\u00fc\u2019n\u00fcn ya\u015fam\u0131n\u0131 yans\u0131tman\u0131n [&hellip;]<\/p>\n","protected":false},"author":908,"featured_media":20798,"comment_status":"open","ping_status":"open","sticky":false,"template":"","format":"standard","meta":{"_jetpack_memberships_contains_paid_content":false,"footnotes":"","jetpack_publicize_message":"","jetpack_publicize_feature_enabled":true,"jetpack_social_post_already_shared":true,"jetpack_social_options":{"image_generator_settings":{"template":"highway","default_image_id":0,"font":"","enabled":false},"version":2}},"categories":[253],"tags":[],"class_list":["post-20797","post","type-post","status-publish","format-standard","has-post-thumbnail","hentry","category-gundem"],"jetpack_publicize_connections":[],"jetpack_featured_media_url":"https:\/\/kibrisayna.com\/wp-content\/uploads\/2025\/03\/1742726163614tatar-kitap-4-scaled.jpg","jetpack_sharing_enabled":true,"_links":{"self":[{"href":"https:\/\/kibrisayna.com\/index.php\/wp-json\/wp\/v2\/posts\/20797","targetHints":{"allow":["GET"]}}],"collection":[{"href":"https:\/\/kibrisayna.com\/index.php\/wp-json\/wp\/v2\/posts"}],"about":[{"href":"https:\/\/kibrisayna.com\/index.php\/wp-json\/wp\/v2\/types\/post"}],"author":[{"embeddable":true,"href":"https:\/\/kibrisayna.com\/index.php\/wp-json\/wp\/v2\/users\/908"}],"replies":[{"embeddable":true,"href":"https:\/\/kibrisayna.com\/index.php\/wp-json\/wp\/v2\/comments?post=20797"}],"version-history":[{"count":0,"href":"https:\/\/kibrisayna.com\/index.php\/wp-json\/wp\/v2\/posts\/20797\/revisions"}],"wp:featuredmedia":[{"embeddable":true,"href":"https:\/\/kibrisayna.com\/index.php\/wp-json\/wp\/v2\/media\/20798"}],"wp:attachment":[{"href":"https:\/\/kibrisayna.com\/index.php\/wp-json\/wp\/v2\/media?parent=20797"}],"wp:term":[{"taxonomy":"category","embeddable":true,"href":"https:\/\/kibrisayna.com\/index.php\/wp-json\/wp\/v2\/categories?post=20797"},{"taxonomy":"post_tag","embeddable":true,"href":"https:\/\/kibrisayna.com\/index.php\/wp-json\/wp\/v2\/tags?post=20797"}],"curies":[{"name":"wp","href":"https:\/\/api.w.org\/{rel}","templated":true}]}}