{"id":20795,"date":"2025-03-23T14:55:02","date_gmt":"2025-03-23T11:55:02","guid":{"rendered":"https:\/\/kibrisayna.com\/index.php\/2025\/03\/23\/yil-kurak-geciyor-ocak-son-50-yilin-en-yagissiz-ayi-oldu-sicak-bir-yaz-bizi-bekliyor-brtk\/"},"modified":"2025-03-23T14:55:02","modified_gmt":"2025-03-23T11:55:02","slug":"yil-kurak-geciyor-ocak-son-50-yilin-en-yagissiz-ayi-oldu-sicak-bir-yaz-bizi-bekliyor-brtk","status":"publish","type":"post","link":"https:\/\/kibrisayna.com\/index.php\/2025\/03\/23\/yil-kurak-geciyor-ocak-son-50-yilin-en-yagissiz-ayi-oldu-sicak-bir-yaz-bizi-bekliyor-brtk\/","title":{"rendered":"Y\u0131l kurak ge\u00e7iyor, ocak son 50 y\u0131l\u0131n en ya\u011f\u0131\u015fs\u0131z ay\u0131 oldu\u2026 \u201cS\u0131cak bir yaz bizi bekliyor\u201d \u2013 BRTK"},"content":{"rendered":"<p> <br \/>\n<\/p>\n<div>\n<div class=\"mariselle-image-container center\">\n                <img loading=\"lazy\" decoding=\"async\" width=\"2048\" height=\"1367\" class=\"lazy-image\" alt=\"\" sizes=\"auto, (max-width: 2048px) 100vw, 2048px\" src=\"https:\/\/brtk.net\/wp-content\/uploads\/2025\/03\/23\/1742716872832METEROLOJI-ROPORTAJ-ERO-2.jpeg?ver=568e4eb964032324cbec0266bb7763cb\" srcset=\"https:\/\/brtk.net\/wp-content\/uploads\/2025\/03\/23\/1742716872832METEROLOJI-ROPORTAJ-ERO-2.jpeg?ver=568e4eb964032324cbec0266bb7763cb 2048w, https:\/\/brtk.net\/wp-content\/uploads\/2025\/03\/23\/1742716872832METEROLOJI-ROPORTAJ-ERO-2-300x200.jpeg?ver=568e4eb964032324cbec0266bb7763cb 300w, https:\/\/brtk.net\/wp-content\/uploads\/2025\/03\/23\/1742716872832METEROLOJI-ROPORTAJ-ERO-2-1024x684.jpeg?ver=612d6bc9a17d026d56df94161dd997cb 1024w, https:\/\/brtk.net\/wp-content\/uploads\/2025\/03\/23\/1742716872832METEROLOJI-ROPORTAJ-ERO-2-768x513.jpeg?ver=612d6bc9a17d026d56df94161dd997cb 768w, https:\/\/brtk.net\/wp-content\/uploads\/2025\/03\/23\/1742716872832METEROLOJI-ROPORTAJ-ERO-2-1536x1025.jpeg?ver=ce8a12cf6781f4bd3650669a914553b1 1536w\"\/>                            <\/div>\n<p>\nMeteoroloji Dairesi M\u00fcd\u00fcr\u00fc Sinan G\u00fcne\u015f, k\u00fcresel iklim de\u011fi\u015fikli\u011finin etkilerinin \u00fclkede de son derece \u00e7ok hissedildi\u011fini belirterek, bu y\u0131l\u0131n Ocak ay\u0131n\u0131n, son 50 y\u0131l\u0131n en ya\u011f\u0131\u015fs\u0131z ay\u0131 oldu\u011funu a\u00e7\u0131klad\u0131.<\/p>\n<p>\u00dc\u00e7 ayl\u0131k de\u011ferlendirmelere g\u00f6re kurak bir y\u0131l ge\u00e7irildi\u011fini belirten G\u00fcne\u015f, \u201cS\u0131cak bir yaz bizi bekliyor.\u201d dedi.<\/p>\n<p>\u201c2024, \u00e7e\u015fitli rekorlar\u0131n k\u0131r\u0131ld\u0131\u011f\u0131 bir y\u0131l oldu. 2025 Ocak ay\u0131nda, normallerin eksi 92 oran\u0131ndaki ya\u011f\u0131\u015f azl\u0131\u011f\u0131 da bir rekordu. Martta ya\u015fanan en d\u00fc\u015f\u00fck s\u0131cakl\u0131klar da kay\u0131tlar\u0131m\u0131za gelen \u00f6l\u00e7\u00fcmler de rekor d\u00fczeydeki de\u011fi\u015fikliklerdi.\u201d diyen G\u00fcne\u015f, meteorolojik verilerde son birka\u00e7 y\u0131ld\u0131r rekor \u00fcst\u00fcne rekor k\u0131r\u0131ld\u0131\u011f\u0131n\u0131 kaydetti.<\/p>\n<p>Dairenin \u00e7al\u0131\u015fmalar\u0131, meteoroloji balonlar\u0131, \u201crasat parklar\u0131\u201d, \u201cDeprem \u0130zleme ve De\u011ferlendirme Merkezi\u201d ve tozlu havalar konusunda da bilgiler aktaran G\u00fcne\u015f, dairenin en b\u00fcy\u00fck eksikliklerinden birinin meteoroloji radar\u0131 oldu\u011funun alt\u0131n\u0131 \u00e7izdi.<\/p>\n<p>\u2013 \u201cG\u00f6ky\u00fcz\u00fcn\u00fcn meteorolojik r\u00f6ntgenini \u00e7ekiyoruz\u2026 Hava tahminlerinde \u00f6nemli rol oynuyor\u201d<\/p>\n<p>23 Mart D\u00fcnya Meteoroloji G\u00fcn\u00fc nedeniyle T\u00fcrk Ajans\u0131 K\u0131br\u0131s\u2019a (TAK) konu\u015fan Meteroloji Dairesi M\u00fcd\u00fcr\u00fc G\u00fcne\u015f, meteoroloji balonlar\u0131n\u0131n hava tahminlerinde \u00f6nemli rol oynad\u0131\u011f\u0131n\u0131 belirtti.<\/p>\n<p>Meteoroloji balonlar\u0131n\u0131n yakla\u015f\u0131k 35 kilometre y\u00fcksekli\u011fe kadar \u00e7\u0131karak \u00fcst atmosferdeki hava olaylar\u0131n\u0131, hava ak\u0131mlar\u0131n\u0131 ve meteorolojik parametreleri toplad\u0131\u011f\u0131n\u0131 kaydeden G\u00fcne\u015f, \u201cBu veriler, uydu arac\u0131l\u0131\u011f\u0131yla merkezimizde bulunan bilgisayarlara g\u00f6nderilir. Diyagram halinde veya dijital ortamda elde edilen veriler, daha sonra g\u00f6revli ki\u015filer taraf\u0131ndan bunlar analiz edilir. Bunlar teknik analizlerdir.\u201d diye konu\u015ftu.<\/p>\n<p>Meteoroloji balonlar\u0131n\u0131n \u201cbalon ve radyosonde cihaz\u0131\u201d olmak \u00fczere iki par\u00e7adan olu\u015ftu\u011funu kaydeden G\u00fcne\u015f, cihaz \u00fczerindeki \u00e7e\u015fitli sens\u00f6rler taraf\u0131ndan toplanan verilerin merkeze g\u00f6nderildi\u011fini belirtti.<\/p>\n<p>Meteoroloji balonlar\u0131n\u0131n atmosferin her bir katman\u0131ndan s\u0131cakl\u0131k, nem, bas\u0131n\u00e7, r\u00fczgar\u0131n h\u0131z\u0131 ve y\u00f6n\u00fcne ili\u015fkin verileri anl\u0131k olarak Hava Tahmini Merkezi\u2019ne bildirerek, hava tahmini olu\u015fturulmas\u0131nda \u00f6nemli rol oynad\u0131\u011f\u0131n\u0131 ifade eden G\u00fcne\u015f, \u201cAdeta, g\u00f6ky\u00fcz\u00fcn\u00fcn meteorolojik r\u00f6ntgenini \u00e7ekiyoruz.\u201d dedi.<\/p>\n<p>G\u00fcne\u015f, T\u00fcrkiye Cumhuriyeti Meteoroloji Genel M\u00fcd\u00fcrl\u00fc\u011f\u00fc ile imzalanan protokol \u00e7er\u00e7evesinde \u201cbalon ve cihaz\u0131n\u201d hibe olarak temin edildi\u011fini de dile getirdi.<\/p>\n<p>\u2013 \u201cMeteoroloji balonlar\u0131, \u201cGreenwich saati\u201d baz al\u0131narak b\u0131rak\u0131l\u0131yor\u201d<\/p>\n<p>Meteoroloji balonlar\u0131n\u0131n d\u00fcnya genelinde \u201cGreenwich saati\u201d baz al\u0131narak b\u0131rak\u0131ld\u0131\u011f\u0131n\u0131 belirten G\u00fcne\u015f, sal\u0131nd\u0131\u011f\u0131 andan itibaren balonlardan y\u00fckseldik\u00e7e veri ak\u0131\u015f\u0131 sa\u011flanmaya ba\u015fland\u0131\u011f\u0131n\u0131 ifade etti.<\/p>\n<p>Balonlar\u0131n Bay\u0131nd\u0131rl\u0131k ve Ula\u015ft\u0131rma Bakanl\u0131\u011f\u0131\u2019n\u0131n arka b\u00f6l\u00fcm\u00fcnde bulunan Ravinsonde \u0130stasyonu\u2019nun bulundu\u011fu noktadan b\u0131rak\u0131ld\u0131\u011f\u0131n\u0131 dile getiren G\u00fcne\u015f, \u201cBurada bir istasyonumuz var. Biz g\u00fcnde bir kez ger\u00e7ekle\u015ftiriyoruz. Normalde her istasyon hem g\u00fcnd\u00fcz hem de gece olmak \u00fczere g\u00fcnde iki sefer atar. Ancak G\u00fcney K\u0131br\u0131s\u2019ta da ayn\u0131 i\u015flem yap\u0131ld\u0131\u011f\u0131 i\u00e7in onlar da biz de g\u00fcnde bir kez yap\u0131yoruz. Onlar g\u00fcnd\u00fcz at\u0131yor, biz gece at\u0131yoruz.\u201d ifadelerini kulland\u0131.<\/p>\n<p>\u2013 \u201cCihazlar\u0131n \u00fczerinde bilgilendirici yaz\u0131lar yer al\u0131yor\u201d<\/p>\n<p>\u201cBas\u0131n\u00e7 sebebiyle bu balonlar belirli noktada patl\u0131yor ve yery\u00fcz\u00fcne d\u00fc\u015f\u00fcyor. Kimi zaman \u00e7ift\u00e7ilerimiz, kimi zaman hayvanc\u0131lar\u0131m\u0131z veya vatanda\u015flar\u0131m\u0131z taraf\u0131ndan bulunuyor. Ne i\u015fe yarad\u0131\u011f\u0131n\u0131 bilmeyen vatanda\u015flar, polise haber veriyor ve onlara teslim ediyor.\u201d diyen G\u00fcne\u015f, cihazlar\u0131n \u00fczerinde bilgilendirici yaz\u0131lar\u0131n yer ald\u0131\u011f\u0131n\u0131 dile getirdi.<\/p>\n<p>-Veriler D\u00fcnya Meteoroloji Te\u015fkilat\u0131\u2019n\u0131n harikatlar\u0131nda da yer buluyor<\/p>\n<p>Meteoroloji Dairesi\u2019nin t\u00fcm d\u00fcnyada hizmet veren k\u00fcresel meteoroloji alan\u0131n\u0131n bir par\u00e7as\u0131 oldu\u011funu kaydeden G\u00fcne\u015f, \u201cLefko\u015fa, Girne, Gazima\u011fusa, G\u00fczelyurt ve Ercan Havaliman\u0131 olmak \u00fczere personelli 5 istasyonumuz var. Toplamda ise 43 otomatik istasyonumuz mevcuttur. Bunlar, saat ba\u015f\u0131 yap\u0131lan rasatla \u00f6nce T\u00fcrkiye\u2019ye ard\u0131ndan D\u00fcnya Meteoroloji Te\u015fkilat\u0131\u2019na \u00e7ok h\u0131zl\u0131 bir \u015fekilde iletilir. \u00d6zellikle att\u0131\u011f\u0131m\u0131z balon verileri ise D\u00fcnya Meteoroloji Te\u015fkilat\u0131\u2019n\u0131n yay\u0131mlad\u0131\u011f\u0131 haritalarda yer bulur. \u0130steyen yararlanabiliyor. G\u00fcney K\u0131br\u0131s da isterse, bu verilerden yararlanabiliyor.\u201d dedi.<\/p>\n<p>\u2013 Rasat parklar\u0131\u2026 Klimatolojik veriler elde ediliyor<\/p>\n<p>Balonlar\u0131n hava tahminlerde kullan\u0131lan unsurlardan sadece biri oldu\u011fu dile getiren G\u00fcne\u015f, \u201cAkt\u00fcel haritalar\u0131m\u0131z var, uydu g\u00f6r\u00fcnt\u00fclerimiz var\u2026 B\u00fct\u00fcn bunlar\u0131n i\u00e7inde bir de, balonla elde etti\u011fimiz veriler var. Bunlar\u0131n hepsi analizler sonucunda harmanlan\u0131r ve en sonunda bir rapor ortaya \u00e7\u0131kar.\u201d ifadesini kulland\u0131.<\/p>\n<p>Personel taraf\u0131ndan i\u015fletilen istasyonlar\u0131n tamam\u0131nda mekanik aletlerin bulundu\u011fu rasat parklar\u0131n\u0131n yer ald\u0131\u011f\u0131n\u0131 kaydeden G\u00fcne\u015f, klimatolojik verilerin buralardan temin edildi\u011fini belirtti.<\/p>\n<p>\u2013 \u201cDairemizin b\u00fcy\u00fck eksikliklerinden bir tanesi meteoroloji radar\u0131\u2026\u201d<\/p>\n<p>Meteoroloji Dairesi\u2019nin en b\u00fcy\u00fck eksikliklerinden birinin meteoroloji radar\u0131 oldu\u011funu belirten G\u00fcne\u015f, \u00f6zellikle erken uyar\u0131 sistemlerinde \u00e7ok \u00f6nemli bir yere sahip oldu\u011funu vurgulad\u0131.<\/p>\n<p>G\u00fcne\u015f, \u201cbir sistem yakla\u015ft\u0131\u011f\u0131 zaman hangi noktaya ne kadar \u015fiddette, ne kadar miktarda, ne kadar s\u00fcreyle ve hangi t\u00fcr ya\u011f\u0131\u015f\u0131n al\u0131naca\u011f\u0131\u201d konusunda meteoroloji radarlar\u0131n\u0131n \u00e7ok \u00f6nemli bir i\u015flevi oldu\u011funu s\u00f6yledi.<\/p>\n<p>\u201cMeteoroloji radar\u0131na sahip olmad\u0131\u011f\u0131m\u0131z i\u00e7in \u2018sar\u0131, turuncu, k\u0131rm\u0131z\u0131\u2019 \u015feklinde uyar\u0131lar \u00e7\u0131kam\u0131yoruz\u201d<\/p>\n<p>De\u011fi\u015fen iklim ko\u015fullar\u0131nda bunun son derece ihtiya\u00e7 oldu\u011funu belirten G\u00fcne\u015f, \u015f\u00f6yle devam etti:<\/p>\n<p>\u201c\u0130klim de\u011fi\u015fimleri nedeniyle ya\u011f\u0131\u015flar k\u0131sa s\u00fcreli ve \u015fiddetli\u2026. Azalan ya\u011f\u0131\u015flar da k\u0131sa s\u00fcreli ve \u015fiddetli olmaya ba\u015flad\u0131. Bu da do\u011fal afetlere ve \u00e7e\u015fitli zararlara neden olan ya\u011f\u0131\u015flar haline geldi. G\u00fcney K\u0131br\u0131s, uyar\u0131 ihbarlar\u0131nda renkli uyar\u0131lar\u0131 kullan\u0131yor; \u2018sar\u0131, turuncu, k\u0131rm\u0131z\u0131\u2019 \u015feklinde\u2026 Onlar\u0131n renklendirilmi\u015f alarmlar\u0131 var. Bu da Meteoroloji radar\u0131na sahip olmalar\u0131ndan kaynakl\u0131d\u0131r. Meteoroloji radar\u0131na sahip olmad\u0131\u011f\u0131m\u0131z i\u00e7in \u2018sar\u0131, turuncu, k\u0131rm\u0131z\u0131\u2019 \u015feklinde uyar\u0131lar \u00e7\u0131kam\u0131yoruz. Ancak bu konuda Bakanl\u0131\u011f\u0131m\u0131z arac\u0131l\u0131\u011f\u0131yla giri\u015fimlerimiz oldu. Bay\u0131nd\u0131rl\u0131k ve Ula\u015ft\u0131rma Bakan\u0131 Erhan Ar\u0131kl\u0131, T\u00fcrkiye \u00c7evre \u015eehircilik ve \u0130klim De\u011fi\u015fikli\u011fi Bakan\u0131 Murat Kurum ile yapt\u0131\u011f\u0131 g\u00f6r\u00fc\u015fmede bu konu g\u00fcndeme getirildi. T\u00fcrkiye Meteoroloji Genel M\u00fcd\u00fcrl\u00fc\u011f\u00fc, konuyla ilgili \u015fu anda bir tak\u0131m \u00e7al\u0131\u015fmalar yapt\u0131. Meteoroloji Genel M\u00fcd\u00fcrl\u00fc\u011f\u00fc ile online toplant\u0131lar\u0131m\u0131z oldu. Dolay\u0131s\u0131yla fizibilite \u00e7al\u0131\u015fmalar\u0131 devam etmektedir.\u201d<\/p>\n<p>\u2013 \u201cDeprem \u0130zleme ve De\u011ferlendirme Merkezi\u201d<\/p>\n<p>1986\u2019dan bu yana ilki Alevkaya Deprem \u0130stasyonu olmak \u00fczere toplamda 7 deprem istasyonunun bulundu\u011funu kaydeden G\u00fcne\u015f, \u00e7al\u0131\u015fmalar\u0131n\u0131 Bo\u011fazi\u00e7i \u00dcniversitesi Kandilli Rasathanesi ile yapt\u0131klar\u0131n\u0131 belirtti.<\/p>\n<p>\u201cDairemizde, \u2018Deprem \u0130zleme ve De\u011ferlendirme Merkezi\u2019 mevcuttur.\u201d diyen G\u00fcne\u015f, ada ve etraf\u0131ndaki sismik faaliyetlerin tamam\u0131n\u0131n personelleri taraf\u0131ndan \u00e7\u00f6z\u00fcmlendi\u011fini dile getirdi.<\/p>\n<p>\u2013 \u201cK\u00fcresel iklim de\u011fi\u015fikli\u011fi\u2026\u00dc\u00e7 ayl\u0131k de\u011ferlendirmelere g\u00f6re, kurak bir y\u0131l ge\u00e7iriyoruz\u201d<\/p>\n<p>K\u00fcresel iklim de\u011fi\u015fikli\u011finin \u00fclkede de etkilerinin son derece hissedilid\u011fini ifade eden G\u00fcne\u015f, 2025 Ocak ay\u0131nda ekstrem de\u011ferlere ula\u015ft\u0131klar\u0131n\u0131 ve son 50 y\u0131l\u0131n en ya\u011f\u0131\u015fs\u0131z ocak ay\u0131 oldu\u011funu s\u00f6yledi.<\/p>\n<p>\u201c2025 Ocak\u2019ta eksi y\u00fczde 92\u2019lik az ya\u011f\u0131\u015fl\u0131 bir durum ger\u00e7ekle\u015fti. \u015eubat ay\u0131 ya\u011f\u0131\u015f\u0131 normaline yak\u0131nd\u0131.\u201d diyen G\u00fcne\u015f, \u00fc\u00e7 ayl\u0131k de\u011ferlendirmelere g\u00f6re kurak bir y\u0131l ge\u00e7irdiklerini belirtti.<\/p>\n<p>Bu durumun iklim de\u011fi\u015fikli\u011fi ve kurakl\u0131k endi\u015felerini artt\u0131rd\u0131\u011f\u0131n\u0131 kaydeden G\u00fcne\u015f, \u201c\u00c7ok az ya\u011f\u0131\u015fl\u0131 bir s\u00fcre\u00e7 ge\u00e7iriyoruz. Dolay\u0131s\u0131yla bu \u00fclkemiz a\u00e7\u0131s\u0131ndan da ciddi bir handikap olacak, \u00fcreticimiz a\u00e7\u0131s\u0131ndan\u2026\u201d ifadelerine yer verdi.<\/p>\n<p>\u2013 En az ve en \u00e7ok ya\u011f\u0131\u015f alan b\u00f6lgeler<\/p>\n<p>Kas\u0131m 2024 ile \u015eubat 2025 tarihlerinde en az ve en \u00e7ok ya\u011f\u0131\u015f alan b\u00f6lgelere de de\u011finen G\u00fcne\u015f, \u201cKas\u0131m 2024\u2019te en az do\u011fu sahil, en \u00e7ok Karpaz, Aral\u0131k 2024\u2019te en az Orta Mesarya, en \u00e7ok Karpaz, Ocak 2025\u2019te en az do\u011fu sahil, en \u00e7ok Bat\u0131 Mesarya, \u015eubat 2025\u2019te en az do\u011fu sahil ve en \u00e7ok kuzey sahil b\u00f6lgesi ya\u011f\u0131\u015f ald\u0131.\u201d dedi.<\/p>\n<p>\u2013 \u201cS\u0131cakl\u0131k rekorlar\u0131 ve kurakl\u0131klar\u0131 ya\u015fanmas\u0131 neden olan etken k\u00fcresel iklim de\u011fi\u015fikli\u011fi\u201d<\/p>\n<p>S\u0131cakl\u0131k rekorlar\u0131 ve kurakl\u0131klar\u0131n ya\u015fanmas\u0131 neden olan etkenin k\u00fcresel iklim de\u011fi\u015fikli\u011fi oldu\u011funu ifade eden G\u00fcne\u015f, bu alanlarda \u00e7al\u0131\u015fma yapan kurulu\u015flar\u0131n yay\u0131mlad\u0131\u011f\u0131 raporlarda da a\u00e7\u0131k a\u00e7\u0131k ifade edildi\u011fini dile getirdi.<\/p>\n<p>\u201cK\u00fcresel iklim de\u011fi\u015fikli\u011finin etkilerini maalesef fazlas\u0131yla ya\u015f\u0131yoruz. En \u00e7ok etkilenecek b\u00f6lgelerden ve co\u011frafyalardan birinde ya\u015f\u0131yoruz. Hem s\u0131cakl\u0131klarda hem ya\u011f\u0131\u015f rejimlerindeki de\u011fi\u015fiklikler ile bunu fazlas\u0131yla ya\u015f\u0131yoruz.\u201d \u015feklinde konu\u015fan G\u00fcne\u015f, s\u00f6zlerini \u015f\u00f6yle s\u00fcrd\u00fcrd\u00fc:<\/p>\n<p>\u201cMaalesef son y\u0131llarda, k\u00fcresel \u015fartlardaki iklim de\u011fi\u015fimleri bizim co\u011frafyam\u0131zda \u00e7ok \u00f6nemli etkiler g\u00f6stermeye ba\u015flad\u0131. 2024 ise \u00e7e\u015fitli rekorlar\u0131n k\u0131r\u0131ld\u0131\u011f\u0131 bir y\u0131l oldu. 2025 y\u0131l\u0131na ba\u015flad\u0131\u011f\u0131m\u0131zda, ocak ay\u0131ndaki normallerin eksi 92 oran\u0131ndaki ya\u011f\u0131\u015f azl\u0131\u011f\u0131 da bir rekordu. Mart ay\u0131nda ya\u015fanan en d\u00fc\u015f\u00fck s\u0131cakl\u0131klarda kay\u0131tlar\u0131m\u0131za gelen \u00f6l\u00e7\u00fcmler de rekor d\u00fczeydeki de\u011fi\u015fikliklerdi. Son birka\u00e7 y\u0131ld\u0131r rekor \u00fcst\u00fcne rekor k\u0131r\u0131yoruz esas\u0131nda\u2026\u201d<\/p>\n<p>\u2013 \u201cS\u0131cak bir yaz bizi bekliyor\u201d<\/p>\n<p>\u201cS\u0131cak bir yaz bizi bekliyor.\u201d diyen G\u00fcne\u015f, \u201cSuyu \u00e7ok iyi y\u00f6netmemiz ve israf\u0131 minimize edecek tedbirler al\u0131nmas\u0131 gerekiyor. Bunlar\u0131, devletimizin kurum, kurulu\u015flar\u0131 ve belki de odalarla birlikte oturarak planlayabilmemiz laz\u0131m\u2026\u201d ifadelerini kullanarak ki\u015fisel d\u00fc\u015f\u00fcncelerini payla\u015ft\u0131.<\/p>\n<p>G\u00fcne\u015f, mevcut kaynaklar\u0131n uygun bir \u015fekilde y\u00f6netilmesi gerekti\u011fini d\u00fc\u015f\u00fcnd\u00fc\u011f\u00fcn\u00fc s\u00f6yledi.<\/p>\n<p>\u2013 Toz ta\u015f\u0131n\u0131m\u0131\u2026<\/p>\n<p>KKTC\u2019de ge\u00e7en y\u0131llarda da toz hadiseleriyle kar\u015f\u0131la\u015f\u0131ld\u0131\u011f\u0131n\u0131 belirten G\u00fcne\u015f, ancak bu hadiselerin son y\u0131llarda daha uzun s\u00fcreli olmaya ba\u015flad\u0131\u011f\u0131n\u0131 dile getirdi.<\/p>\n<p>\u201c\u00d6nceki y\u0131llarda birka\u00e7 g\u00fcn i\u00e7inde gelip ge\u00e7erdi. Ancak son y\u0131llarda 3 g\u00fcn, 5 g\u00fcn ve hatta bir hafta boyunca, maalesef bu tozun etkisine maruz kal\u0131yoruz. Dolay\u0131s\u0131yla bundan sonra da yine iklim ko\u015fullar\u0131ndaki de\u011fi\u015fikli\u011fe ba\u011fl\u0131 olarak devam etmesini bekliyoruz. Bundan son derece etkilenen vatanda\u015flar\u0131m\u0131z var.\u201d diyen G\u00fcne\u015f, vatanda\u015flar\u0131n yay\u0131mlad\u0131klar\u0131 uyar\u0131lar\u0131 takip etmelerini ve gerekli tedbirlerini almalar\u0131n\u0131 istedi.<\/p>\n<p>Bu y\u0131l 23 Mart Meteoroloji G\u00fcn\u00fc etkinli\u011fini d\u00fczenlemeyi d\u00fc\u015f\u00fcnmediklerini kaydeden G\u00fcne\u015f, \u201cGe\u00e7en y\u0131l, g\u00fczel bir etkinlik program\u0131 haz\u0131rlam\u0131\u015ft\u0131k. Bu y\u0131l bunu pas ge\u00e7ece\u011fiz. \u00d6n\u00fcm\u00fczdeki y\u0131la daha iyi bir haz\u0131rl\u0131k yaparak haz\u0131rlanmay\u0131 d\u00fc\u015f\u00fcn\u00fcyoruz.\u201d dedi.<\/p>\n<p>-\u201c7 g\u00fcn 24 saat esas\u0131na g\u00f6re \u00e7al\u0131\u015fmalar yaparak vatanda\u015flara hizmet veriyoruz\u201d<\/p>\n<p>70 personeli bulunan Meteoroloji Dairesi\u2019nin 7 g\u00fcn 24 saat esas\u0131na g\u00f6re \u00e7al\u0131\u015fmalar yaparak vatanda\u015flara hizmet vermeye devam etti\u011fini belirten G\u00fcne\u015f, vatanda\u015flar\u0131n Meteoroloji Dairesi\u2019nin \u00f6zellikle uyar\u0131 ve ihbarlar\u0131n\u0131 takip etmelerini istedi.<\/p>\n<p>\u201cDairemiz, 24 saat telefonlar\u0131 a\u00e7\u0131k olan bir dairedir\u2026 Her vatanda\u015f\u0131m\u0131z, her t\u00fcrl\u00fc bilgiye eri\u015fim i\u00e7in dairemize ula\u015fabilir.\u201d Diyen G\u00fcne\u015f, ayr\u0131ca Meteoroloji Dairesi\u2019nin internet sayfas\u0131n\u0131n s\u00fcrekli g\u00fcncellenerek halk\u0131n hizmetinde oldu\u011funu belirtti.<\/p>\n<\/p><\/div>\n<p><script async\n                    defer\n                    crossorigin=\"anonymous\"\n                    src=\"https:\/\/connect.facebook.net\/tr_TR\/sdk.js#xfbml=1&#038;version=v3.3\"\n            ><\/script><br \/>\n<br \/><br \/>\n<br \/><a href=\"https:\/\/brtk.net\/yil-kurak-geciyor-ocak-son-50-yilin-en-yagissiz-ayi-oldu-sicak-bir-yaz-bizi-bekliyor\/\">Kaynak BRT <\/a><\/p>\n","protected":false},"excerpt":{"rendered":"<p>Meteoroloji Dairesi M\u00fcd\u00fcr\u00fc Sinan G\u00fcne\u015f, k\u00fcresel iklim de\u011fi\u015fikli\u011finin etkilerinin \u00fclkede de son derece \u00e7ok hissedildi\u011fini belirterek, bu y\u0131l\u0131n Ocak ay\u0131n\u0131n, son 50 y\u0131l\u0131n en ya\u011f\u0131\u015fs\u0131z ay\u0131 oldu\u011funu a\u00e7\u0131klad\u0131. \u00dc\u00e7 ayl\u0131k de\u011ferlendirmelere g\u00f6re kurak bir y\u0131l ge\u00e7irildi\u011fini belirten G\u00fcne\u015f, \u201cS\u0131cak bir yaz bizi bekliyor.\u201d dedi. \u201c2024, \u00e7e\u015fitli rekorlar\u0131n k\u0131r\u0131ld\u0131\u011f\u0131 bir y\u0131l oldu. 2025 Ocak ay\u0131nda, normallerin [&hellip;]<\/p>\n","protected":false},"author":908,"featured_media":20796,"comment_status":"open","ping_status":"open","sticky":false,"template":"","format":"standard","meta":{"_jetpack_memberships_contains_paid_content":false,"footnotes":"","jetpack_publicize_message":"","jetpack_publicize_feature_enabled":true,"jetpack_social_post_already_shared":true,"jetpack_social_options":{"image_generator_settings":{"template":"highway","default_image_id":0,"font":"","enabled":false},"version":2}},"categories":[253],"tags":[],"class_list":["post-20795","post","type-post","status-publish","format-standard","has-post-thumbnail","hentry","category-gundem"],"jetpack_publicize_connections":[],"jetpack_featured_media_url":"https:\/\/kibrisayna.com\/wp-content\/uploads\/2025\/03\/1742716872832METEROLOJI-ROPORTAJ-ERO-2.jpeg","jetpack_sharing_enabled":true,"_links":{"self":[{"href":"https:\/\/kibrisayna.com\/index.php\/wp-json\/wp\/v2\/posts\/20795","targetHints":{"allow":["GET"]}}],"collection":[{"href":"https:\/\/kibrisayna.com\/index.php\/wp-json\/wp\/v2\/posts"}],"about":[{"href":"https:\/\/kibrisayna.com\/index.php\/wp-json\/wp\/v2\/types\/post"}],"author":[{"embeddable":true,"href":"https:\/\/kibrisayna.com\/index.php\/wp-json\/wp\/v2\/users\/908"}],"replies":[{"embeddable":true,"href":"https:\/\/kibrisayna.com\/index.php\/wp-json\/wp\/v2\/comments?post=20795"}],"version-history":[{"count":0,"href":"https:\/\/kibrisayna.com\/index.php\/wp-json\/wp\/v2\/posts\/20795\/revisions"}],"wp:featuredmedia":[{"embeddable":true,"href":"https:\/\/kibrisayna.com\/index.php\/wp-json\/wp\/v2\/media\/20796"}],"wp:attachment":[{"href":"https:\/\/kibrisayna.com\/index.php\/wp-json\/wp\/v2\/media?parent=20795"}],"wp:term":[{"taxonomy":"category","embeddable":true,"href":"https:\/\/kibrisayna.com\/index.php\/wp-json\/wp\/v2\/categories?post=20795"},{"taxonomy":"post_tag","embeddable":true,"href":"https:\/\/kibrisayna.com\/index.php\/wp-json\/wp\/v2\/tags?post=20795"}],"curies":[{"name":"wp","href":"https:\/\/api.w.org\/{rel}","templated":true}]}}