{"id":20793,"date":"2025-03-23T14:53:02","date_gmt":"2025-03-23T11:53:02","guid":{"rendered":"https:\/\/kibrisayna.com\/index.php\/2025\/03\/23\/bogazkoy-ve-girnede-iki-ani-olum-brtk\/"},"modified":"2025-03-23T14:53:02","modified_gmt":"2025-03-23T11:53:02","slug":"bogazkoy-ve-girnede-iki-ani-olum-brtk","status":"publish","type":"post","link":"https:\/\/kibrisayna.com\/index.php\/2025\/03\/23\/bogazkoy-ve-girnede-iki-ani-olum-brtk\/","title":{"rendered":"Bo\u011fazk\u00f6y ve Girne\u2019de iki ani \u00f6l\u00fcm\u2026 \u2013 BRTK"},"content":{"rendered":"<p> <br \/>\n<\/p>\n<div>\n<div class=\"mariselle-image-container center\">\n                <img loading=\"lazy\" decoding=\"async\" width=\"460\" height=\"276\" class=\"lazy-image\" alt=\"\" sizes=\"auto, (max-width: 460px) 100vw, 460px\" src=\"https:\/\/brtk.net\/wp-content\/uploads\/2025\/03\/23\/1742726100237olum32.jpg?ver=d3fae549f1f2004b04543a81d01220dc\" srcset=\"https:\/\/brtk.net\/wp-content\/uploads\/2025\/03\/23\/1742726100237olum32.jpg?ver=d3fae549f1f2004b04543a81d01220dc 460w, https:\/\/brtk.net\/wp-content\/uploads\/2025\/03\/23\/1742726100237olum32-300x180.jpg?ver=45250841e3278f0f186ed981d6e88c36 300w\"\/>                            <\/div>\n<p>\nBo\u011fazk\u00f6y\u2019de ya\u015fayan Mehmet Beri\u015fbek (E-51) ve Girne\u2019de ya\u015fayan \u0130brahim Y\u0131lmaz, d\u00fcn aniden rahats\u0131zlanarak hayat\u0131n\u0131 kaybetti.<\/p>\n<p>Polis bas\u0131n b\u00fcltenine g\u00f6re, saat 16.45\u2019te Bo\u011fazk\u00f6y\u2019de cadde \u00fczerinde bulundu\u011fu s\u0131rada aniden rahats\u0131zlanmas\u0131 sonucu kald\u0131r\u0131ld\u0131\u011f\u0131 hastanede hayat\u0131n\u0131 kaybeden Beri\u015fbek\u2019in \u00f6l\u00fcm sebebi otopsisinin ard\u0131ndan belli olacak.<\/p>\n<p>Girne\u2019de bulundu\u011fu restoran i\u00e7erisinde, saat 19.00 s\u0131ralar\u0131nda, aniden rahats\u0131zlanmas\u0131 sonucu kald\u0131r\u0131ld\u0131\u011f\u0131 hastanede t\u00fcm m\u00fcdahalelere ra\u011fmen kurtar\u0131lamayan \u0130brahim Y\u0131lmaz\u2019\u0131n \u00f6l\u00fcm sebebi de otopside belirlenecek.<\/p>\n<p>Polis soru\u015fturmas\u0131 devam ediyor.<\/p>\n<\/p><\/div>\n<p><script async\n                    defer\n                    crossorigin=\"anonymous\"\n                    src=\"https:\/\/connect.facebook.net\/tr_TR\/sdk.js#xfbml=1&#038;version=v3.3\"\n            ><\/script><br \/>\n<br \/><br \/>\n<br \/><a href=\"https:\/\/brtk.net\/bogazkoy-ve-girnede-iki-ani-olum\/\"> <\/a><\/p>\n","protected":false},"excerpt":{"rendered":"<p>Bo\u011fazk\u00f6y\u2019de ya\u015fayan Mehmet Beri\u015fbek (E-51) ve Girne\u2019de ya\u015fayan \u0130brahim Y\u0131lmaz, d\u00fcn aniden rahats\u0131zlanarak hayat\u0131n\u0131 kaybetti. Polis bas\u0131n b\u00fcltenine g\u00f6re, saat 16.45\u2019te Bo\u011fazk\u00f6y\u2019de cadde \u00fczerinde bulundu\u011fu s\u0131rada aniden rahats\u0131zlanmas\u0131 sonucu kald\u0131r\u0131ld\u0131\u011f\u0131 hastanede hayat\u0131n\u0131 kaybeden Beri\u015fbek\u2019in \u00f6l\u00fcm sebebi otopsisinin ard\u0131ndan belli olacak. Girne\u2019de bulundu\u011fu restoran i\u00e7erisinde, saat 19.00 s\u0131ralar\u0131nda, aniden rahats\u0131zlanmas\u0131 sonucu kald\u0131r\u0131ld\u0131\u011f\u0131 hastanede t\u00fcm m\u00fcdahalelere ra\u011fmen [&hellip;]<\/p>\n","protected":false},"author":908,"featured_media":20794,"comment_status":"open","ping_status":"open","sticky":false,"template":"","format":"standard","meta":{"_jetpack_memberships_contains_paid_content":false,"footnotes":"","jetpack_publicize_message":"","jetpack_publicize_feature_enabled":true,"jetpack_social_post_already_shared":true,"jetpack_social_options":{"image_generator_settings":{"template":"highway","default_image_id":0,"font":"","enabled":false},"version":2}},"categories":[253,19],"tags":[],"class_list":["post-20793","post","type-post","status-publish","format-standard","has-post-thumbnail","hentry","category-gundem","category-manset"],"jetpack_publicize_connections":[],"jetpack_featured_media_url":"https:\/\/kibrisayna.com\/wp-content\/uploads\/2025\/03\/1742726100237olum32.jpg","jetpack_sharing_enabled":true,"_links":{"self":[{"href":"https:\/\/kibrisayna.com\/index.php\/wp-json\/wp\/v2\/posts\/20793","targetHints":{"allow":["GET"]}}],"collection":[{"href":"https:\/\/kibrisayna.com\/index.php\/wp-json\/wp\/v2\/posts"}],"about":[{"href":"https:\/\/kibrisayna.com\/index.php\/wp-json\/wp\/v2\/types\/post"}],"author":[{"embeddable":true,"href":"https:\/\/kibrisayna.com\/index.php\/wp-json\/wp\/v2\/users\/908"}],"replies":[{"embeddable":true,"href":"https:\/\/kibrisayna.com\/index.php\/wp-json\/wp\/v2\/comments?post=20793"}],"version-history":[{"count":0,"href":"https:\/\/kibrisayna.com\/index.php\/wp-json\/wp\/v2\/posts\/20793\/revisions"}],"wp:featuredmedia":[{"embeddable":true,"href":"https:\/\/kibrisayna.com\/index.php\/wp-json\/wp\/v2\/media\/20794"}],"wp:attachment":[{"href":"https:\/\/kibrisayna.com\/index.php\/wp-json\/wp\/v2\/media?parent=20793"}],"wp:term":[{"taxonomy":"category","embeddable":true,"href":"https:\/\/kibrisayna.com\/index.php\/wp-json\/wp\/v2\/categories?post=20793"},{"taxonomy":"post_tag","embeddable":true,"href":"https:\/\/kibrisayna.com\/index.php\/wp-json\/wp\/v2\/tags?post=20793"}],"curies":[{"name":"wp","href":"https:\/\/api.w.org\/{rel}","templated":true}]}}