{"id":20785,"date":"2025-03-23T13:09:36","date_gmt":"2025-03-23T10:09:36","guid":{"rendered":"https:\/\/kibrisayna.com\/index.php\/2025\/03\/23\/meclis-baskani-ozturkler-turk-dunyasi-novruz-festivalinin-kapanis-etkinligine-katildi-brtk\/"},"modified":"2025-03-23T13:09:36","modified_gmt":"2025-03-23T10:09:36","slug":"meclis-baskani-ozturkler-turk-dunyasi-novruz-festivalinin-kapanis-etkinligine-katildi-brtk","status":"publish","type":"post","link":"https:\/\/kibrisayna.com\/index.php\/2025\/03\/23\/meclis-baskani-ozturkler-turk-dunyasi-novruz-festivalinin-kapanis-etkinligine-katildi-brtk\/","title":{"rendered":"Meclis Ba\u015fkan\u0131 \u00d6zt\u00fcrkler, \u201cT\u00fcrk D\u00fcnyas\u0131 Novruz Festivali\u201dnin kapan\u0131\u015f etkinli\u011fine kat\u0131ld\u0131 \u2013 BRTK"},"content":{"rendered":"<p> <br \/>\n<\/p>\n<div>\n<div class=\"mariselle-image-container center\">\n                <img loading=\"lazy\" decoding=\"async\" width=\"2560\" height=\"1706\" class=\"lazy-image\" alt=\"\" sizes=\"auto, (max-width: 2560px) 100vw, 2560px\" src=\"https:\/\/brtk.net\/wp-content\/uploads\/2025\/03\/23\/1742715699394ozturkler-nevruz-1.jpg?ver=10df39c6dc4807b285a7fead5d89a77d\" srcset=\"https:\/\/brtk.net\/wp-content\/uploads\/2025\/03\/23\/1742715699394ozturkler-nevruz-1.jpg?ver=10df39c6dc4807b285a7fead5d89a77d 2560w, https:\/\/brtk.net\/wp-content\/uploads\/2025\/03\/23\/1742715699394ozturkler-nevruz-1-300x200.jpg?ver=773f5ce41e3c5bcf5059db593b87f88d 300w, https:\/\/brtk.net\/wp-content\/uploads\/2025\/03\/23\/1742715699394ozturkler-nevruz-1-1024x682.jpg?ver=773f5ce41e3c5bcf5059db593b87f88d 1024w, https:\/\/brtk.net\/wp-content\/uploads\/2025\/03\/23\/1742715699394ozturkler-nevruz-1-768x512.jpg?ver=a43d5993e525b8d0e1747c3a4857a269 768w, https:\/\/brtk.net\/wp-content\/uploads\/2025\/03\/23\/1742715699394ozturkler-nevruz-1-1536x1024.jpg?ver=e2f7ade4e696eeb1e053d56f43751484 1536w, https:\/\/brtk.net\/wp-content\/uploads\/2025\/03\/23\/1742715699394ozturkler-nevruz-1-2048x1365.jpg?ver=42ef8657b1812322a8a02bd9688ac46f 2048w\"\/>                            <\/div>\n<p>\nCumhuriyet Meclisi Ba\u015fkan\u0131 Ziya \u00d6zt\u00fcrkler, \u201cT\u00fcrk D\u00fcnyas\u0131 Novruz Festivali\u201dnin kapan\u0131\u015f etkinli\u011fine kat\u0131ld\u0131.<\/p>\n<p>Meclis\u2019ten verilen bilgiye g\u00f6re, Girne\u2019de d\u00fczenlenen etkinlikte konu\u015fan \u00d6zt\u00fcrkler, Nevruz Bayram\u0131\u2019n\u0131n kapan\u0131\u015f\u0131n\u0131 yapmak \u00fczere bir araya gelmenin anlam ve \u00f6nemine dikkat \u00e7ekti.<\/p>\n<p>\u00d6zt\u00fcrkler, T\u00fcrk d\u00fcnyas\u0131n\u0131n Asya\u2019dan Avrupa\u2019ya kadar geni\u015f bir co\u011frafyaya yay\u0131lan ortak dil, k\u00fclt\u00fcr ve manevi de\u011ferlerle birle\u015fmi\u015f b\u00fcy\u00fck bir aile oldu\u011funu ifade etti.<\/p>\n<p>Nevruz\u2019un, canl\u0131l\u0131k ve ya\u015fam\u0131n yeniden do\u011fu\u015funu simgeleyen, T\u00fcrk d\u00fcnyas\u0131n\u0131n en kadim ve anlaml\u0131 bayramlar\u0131ndan biri oldu\u011funu vurgulayan \u00d6zt\u00fcrkler, T\u00fcrkiye ve Azerbaycan\u2019dan gelen misafirlerle birlikte, ortak k\u00fclt\u00fcr\u00fc ve manevi ba\u011flar\u0131 payla\u015fma \u015fans\u0131na sahip olduklar\u0131n\u0131 belirtti.<\/p>\n<p>\u00d6zt\u00fcrkler, \u201cBizler ayn\u0131 ecdad\u0131n torunlar\u0131, ayn\u0131 bayra\u011f\u0131n g\u00f6lgesinde m\u00fccadele veren karde\u015fler olarak, k\u00fclt\u00fcr\u00fcm\u00fcz\u00fc, tarihimizi ve maneviyat\u0131m\u0131z\u0131 bir araya gelerek ya\u015fat\u0131yoruz. Bu t\u00fcr etkinlikler, yaln\u0131zca siyasi toplant\u0131lardan ibaret olmay\u0131p, g\u00f6n\u00fcl ba\u011flar\u0131n\u0131, k\u00fclt\u00fcrel dayan\u0131\u015fmay\u0131 ve ortak de\u011ferleri daha da g\u00fc\u00e7lendiren bulu\u015fmalard\u0131r\u201d ifadelerine yer verdi<\/p>\n<p>\u00d6zt\u00fcrkler, Azerbaycan-Kuzey K\u0131br\u0131s T\u00fcrk Cumhuriyeti Dostluk Grubu Ba\u015fkan\u0131, T\u00fcrkiye-Azerbaycan Dostluk Grubu Ba\u015fkan\u0131 ve KKTC -T\u00fcrkiye Dostluk Grubu Ba\u015fkan\u0131 ile ayn\u0131 etkinlikte bulu\u015fman\u0131n ve dostluk ba\u011flar\u0131n\u0131 peki\u015ftirmenin \u00f6nemine de\u011findi.<\/p>\n<p>Kuzey K\u0131br\u0131s T\u00fcrk Cumhuriyeti ile Azerbaycan aras\u0131nda kurulan dostluk grubunun ve ba\u015flayan resmi ziyaretlerin kendileri i\u00e7in b\u00fcy\u00fck bir anlam ta\u015f\u0131d\u0131\u011f\u0131n\u0131 dile getiren \u00d6zt\u00fcrkler, Nevruz Bayram\u0131\u2019n\u0131n T\u00fcrk d\u00fcnyas\u0131n\u0131n g\u00f6n\u00fcl birli\u011fini ve dayan\u0131\u015fmas\u0131n\u0131 daha da g\u00fc\u00e7lendirdi\u011fini g\u00f6rmekten duydu\u011fu mutlulu\u011fu dile getirerek, etkinlikte eme\u011fi ge\u00e7en herkese te\u015fekk\u00fcr etti.<\/p>\n<\/p><\/div>\n<p><script async\n                    defer\n                    crossorigin=\"anonymous\"\n                    src=\"https:\/\/connect.facebook.net\/tr_TR\/sdk.js#xfbml=1&#038;version=v3.3\"\n            ><\/script><br \/>\n<br \/><br \/>\n<br \/><a href=\"https:\/\/brtk.net\/meclis-baskani-ozturkler-turk-dunyasi-novruz-festivalinin-kapanis-etkinligine-katildi\/\">Kaynak BRT <\/a><\/p>\n","protected":false},"excerpt":{"rendered":"<p>Cumhuriyet Meclisi Ba\u015fkan\u0131 Ziya \u00d6zt\u00fcrkler, \u201cT\u00fcrk D\u00fcnyas\u0131 Novruz Festivali\u201dnin kapan\u0131\u015f etkinli\u011fine kat\u0131ld\u0131. Meclis\u2019ten verilen bilgiye g\u00f6re, Girne\u2019de d\u00fczenlenen etkinlikte konu\u015fan \u00d6zt\u00fcrkler, Nevruz Bayram\u0131\u2019n\u0131n kapan\u0131\u015f\u0131n\u0131 yapmak \u00fczere bir araya gelmenin anlam ve \u00f6nemine dikkat \u00e7ekti. \u00d6zt\u00fcrkler, T\u00fcrk d\u00fcnyas\u0131n\u0131n Asya\u2019dan Avrupa\u2019ya kadar geni\u015f bir co\u011frafyaya yay\u0131lan ortak dil, k\u00fclt\u00fcr ve manevi de\u011ferlerle birle\u015fmi\u015f b\u00fcy\u00fck bir aile oldu\u011funu [&hellip;]<\/p>\n","protected":false},"author":908,"featured_media":20786,"comment_status":"open","ping_status":"open","sticky":false,"template":"","format":"standard","meta":{"_jetpack_memberships_contains_paid_content":false,"footnotes":"","jetpack_publicize_message":"","jetpack_publicize_feature_enabled":true,"jetpack_social_post_already_shared":true,"jetpack_social_options":{"image_generator_settings":{"template":"highway","default_image_id":0,"font":"","enabled":false},"version":2}},"categories":[253],"tags":[],"class_list":["post-20785","post","type-post","status-publish","format-standard","has-post-thumbnail","hentry","category-gundem"],"jetpack_publicize_connections":[],"jetpack_featured_media_url":"https:\/\/kibrisayna.com\/wp-content\/uploads\/2025\/03\/1742715699394ozturkler-nevruz-1.jpg","jetpack_sharing_enabled":true,"_links":{"self":[{"href":"https:\/\/kibrisayna.com\/index.php\/wp-json\/wp\/v2\/posts\/20785","targetHints":{"allow":["GET"]}}],"collection":[{"href":"https:\/\/kibrisayna.com\/index.php\/wp-json\/wp\/v2\/posts"}],"about":[{"href":"https:\/\/kibrisayna.com\/index.php\/wp-json\/wp\/v2\/types\/post"}],"author":[{"embeddable":true,"href":"https:\/\/kibrisayna.com\/index.php\/wp-json\/wp\/v2\/users\/908"}],"replies":[{"embeddable":true,"href":"https:\/\/kibrisayna.com\/index.php\/wp-json\/wp\/v2\/comments?post=20785"}],"version-history":[{"count":0,"href":"https:\/\/kibrisayna.com\/index.php\/wp-json\/wp\/v2\/posts\/20785\/revisions"}],"wp:featuredmedia":[{"embeddable":true,"href":"https:\/\/kibrisayna.com\/index.php\/wp-json\/wp\/v2\/media\/20786"}],"wp:attachment":[{"href":"https:\/\/kibrisayna.com\/index.php\/wp-json\/wp\/v2\/media?parent=20785"}],"wp:term":[{"taxonomy":"category","embeddable":true,"href":"https:\/\/kibrisayna.com\/index.php\/wp-json\/wp\/v2\/categories?post=20785"},{"taxonomy":"post_tag","embeddable":true,"href":"https:\/\/kibrisayna.com\/index.php\/wp-json\/wp\/v2\/tags?post=20785"}],"curies":[{"name":"wp","href":"https:\/\/api.w.org\/{rel}","templated":true}]}}