{"id":20773,"date":"2025-03-23T12:23:04","date_gmt":"2025-03-23T09:23:04","guid":{"rendered":"https:\/\/kibrisayna.com\/index.php\/2025\/03\/23\/maliye-bakani-berova-oreki-sevgi-saygi-ozlem-ve-rahmetle-andi-brtk\/"},"modified":"2025-03-23T12:23:04","modified_gmt":"2025-03-23T09:23:04","slug":"maliye-bakani-berova-oreki-sevgi-saygi-ozlem-ve-rahmetle-andi-brtk","status":"publish","type":"post","link":"https:\/\/kibrisayna.com\/index.php\/2025\/03\/23\/maliye-bakani-berova-oreki-sevgi-saygi-ozlem-ve-rahmetle-andi-brtk\/","title":{"rendered":"Maliye Bakan\u0131 Berova, \u00d6rek\u2019i sevgi, sayg\u0131, \u00f6zlem ve rahmetle and\u0131 \u2013 BRTK"},"content":{"rendered":"<p> <br \/>\n<\/p>\n<div>\n<div class=\"mariselle-image-container center\">\n                <img loading=\"lazy\" decoding=\"async\" width=\"1024\" height=\"726\" class=\"lazy-image\" alt=\"\" sizes=\"auto, (max-width: 1024px) 100vw, 1024px\" src=\"https:\/\/brtk.net\/wp-content\/uploads\/2025\/03\/23\/1742715672090berova.jpeg?ver=e058331bc9fb850a8394e783779191ba\" srcset=\"https:\/\/brtk.net\/wp-content\/uploads\/2025\/03\/23\/1742715672090berova.jpeg?ver=e058331bc9fb850a8394e783779191ba 1024w, https:\/\/brtk.net\/wp-content\/uploads\/2025\/03\/23\/1742715672090berova-300x213.jpeg?ver=4c564a8e691e4f6613e9482299832386 300w, https:\/\/brtk.net\/wp-content\/uploads\/2025\/03\/23\/1742715672090berova-768x545.jpeg?ver=4c564a8e691e4f6613e9482299832386 768w\"\/>                            <\/div>\n<p>\nMaliye Bakan\u0131 \u00d6zdemir Berova, K\u0131br\u0131s T\u00fcrk Federe Devleti Ba\u015fbakan\u0131 Osman \u00d6rek\u2019i 26\u2019\u0131nc\u0131 \u00f6l\u00fcm y\u0131l d\u00f6n\u00fcm\u00fcnde sevgi, sayg\u0131, \u00f6zlem ve rahmetle and\u0131.<\/p>\n<p>Berova \u00d6rek\u2019in 26\u2019nc\u0131 \u00f6l\u00fcm y\u0131l d\u00f6n\u00fcm\u00fc dolay\u0131s\u0131yla yay\u0131mlad\u0131\u011f\u0131 mesaj\u0131nda \u015funlar\u0131 kaydetti:<\/p>\n<p>\u201cK\u0131br\u0131s T\u00fcrk Halk\u0131\u2019n\u0131n milli m\u00fccadelesinde \u00f6n saflarda etkin g\u00f6revler \u00fcstlenerek, hayat\u0131n\u0131 ulusal davaya adayan, K\u0131br\u0131s T\u00fcrk Federe Devleti Ba\u015fbakan\u0131 olarak halk\u0131na b\u00fcy\u00fck hizmetleri bulunan Osman \u00d6rek\u2019i vefat\u0131n\u0131n 26\u2019\u0131nc\u0131 y\u0131ld\u00f6n\u00fcm\u00fcnde sevgi, sayg\u0131, \u00f6zlem ve rahmetle an\u0131yoruz. Ruhu \u015fad olsun.\u201d<\/p>\n<\/p><\/div>\n<p><script async\n                    defer\n                    crossorigin=\"anonymous\"\n                    src=\"https:\/\/connect.facebook.net\/tr_TR\/sdk.js#xfbml=1&#038;version=v3.3\"\n            ><\/script><br \/>\n<br \/><br \/>\n<br \/><a href=\"https:\/\/brtk.net\/maliye-bakani-berova-oreki-sevgi-saygi-ozlem-ve-rahmetle-andi\/\">Kaynak BRT <\/a><\/p>\n","protected":false},"excerpt":{"rendered":"<p>Maliye Bakan\u0131 \u00d6zdemir Berova, K\u0131br\u0131s T\u00fcrk Federe Devleti Ba\u015fbakan\u0131 Osman \u00d6rek\u2019i 26\u2019\u0131nc\u0131 \u00f6l\u00fcm y\u0131l d\u00f6n\u00fcm\u00fcnde sevgi, sayg\u0131, \u00f6zlem ve rahmetle and\u0131. Berova \u00d6rek\u2019in 26\u2019nc\u0131 \u00f6l\u00fcm y\u0131l d\u00f6n\u00fcm\u00fc dolay\u0131s\u0131yla yay\u0131mlad\u0131\u011f\u0131 mesaj\u0131nda \u015funlar\u0131 kaydetti: \u201cK\u0131br\u0131s T\u00fcrk Halk\u0131\u2019n\u0131n milli m\u00fccadelesinde \u00f6n saflarda etkin g\u00f6revler \u00fcstlenerek, hayat\u0131n\u0131 ulusal davaya adayan, K\u0131br\u0131s T\u00fcrk Federe Devleti Ba\u015fbakan\u0131 olarak halk\u0131na b\u00fcy\u00fck hizmetleri [&hellip;]<\/p>\n","protected":false},"author":908,"featured_media":20774,"comment_status":"open","ping_status":"open","sticky":false,"template":"","format":"standard","meta":{"_jetpack_memberships_contains_paid_content":false,"footnotes":"","jetpack_publicize_message":"","jetpack_publicize_feature_enabled":true,"jetpack_social_post_already_shared":true,"jetpack_social_options":{"image_generator_settings":{"template":"highway","default_image_id":0,"font":"","enabled":false},"version":2}},"categories":[253],"tags":[],"class_list":["post-20773","post","type-post","status-publish","format-standard","has-post-thumbnail","hentry","category-gundem"],"jetpack_publicize_connections":[],"jetpack_featured_media_url":"https:\/\/kibrisayna.com\/wp-content\/uploads\/2025\/03\/1742715672090berova.jpeg","jetpack_sharing_enabled":true,"_links":{"self":[{"href":"https:\/\/kibrisayna.com\/index.php\/wp-json\/wp\/v2\/posts\/20773","targetHints":{"allow":["GET"]}}],"collection":[{"href":"https:\/\/kibrisayna.com\/index.php\/wp-json\/wp\/v2\/posts"}],"about":[{"href":"https:\/\/kibrisayna.com\/index.php\/wp-json\/wp\/v2\/types\/post"}],"author":[{"embeddable":true,"href":"https:\/\/kibrisayna.com\/index.php\/wp-json\/wp\/v2\/users\/908"}],"replies":[{"embeddable":true,"href":"https:\/\/kibrisayna.com\/index.php\/wp-json\/wp\/v2\/comments?post=20773"}],"version-history":[{"count":0,"href":"https:\/\/kibrisayna.com\/index.php\/wp-json\/wp\/v2\/posts\/20773\/revisions"}],"wp:featuredmedia":[{"embeddable":true,"href":"https:\/\/kibrisayna.com\/index.php\/wp-json\/wp\/v2\/media\/20774"}],"wp:attachment":[{"href":"https:\/\/kibrisayna.com\/index.php\/wp-json\/wp\/v2\/media?parent=20773"}],"wp:term":[{"taxonomy":"category","embeddable":true,"href":"https:\/\/kibrisayna.com\/index.php\/wp-json\/wp\/v2\/categories?post=20773"},{"taxonomy":"post_tag","embeddable":true,"href":"https:\/\/kibrisayna.com\/index.php\/wp-json\/wp\/v2\/tags?post=20773"}],"curies":[{"name":"wp","href":"https:\/\/api.w.org\/{rel}","templated":true}]}}