{"id":20771,"date":"2025-03-23T12:21:08","date_gmt":"2025-03-23T09:21:08","guid":{"rendered":"https:\/\/kibrisayna.com\/index.php\/2025\/03\/23\/chpde-cumhurbaskani-adayi-bugun-belli-oluyor-brtk\/"},"modified":"2025-03-23T12:21:08","modified_gmt":"2025-03-23T09:21:08","slug":"chpde-cumhurbaskani-adayi-bugun-belli-oluyor-brtk","status":"publish","type":"post","link":"https:\/\/kibrisayna.com\/index.php\/2025\/03\/23\/chpde-cumhurbaskani-adayi-bugun-belli-oluyor-brtk\/","title":{"rendered":"CHP\u2019de Cumhurba\u015fkan\u0131 aday\u0131 bug\u00fcn belli oluyor \u2013 BRTK"},"content":{"rendered":"<p> <br \/>\n<\/p>\n<div>\n<div class=\"mariselle-image-container center\">\n                <img loading=\"lazy\" decoding=\"async\" width=\"864\" height=\"486\" class=\"lazy-image\" alt=\"\" sizes=\"auto, (max-width: 864px) 100vw, 864px\" src=\"https:\/\/brtk.net\/wp-content\/uploads\/2025\/03\/23\/1742717245272thumbs_b_c_d30ed39a0e48cc1e0153a635a88a10d1.jpg?ver=aa5e7af1c66b9f02a5fe381ec4e6504e\" srcset=\"https:\/\/brtk.net\/wp-content\/uploads\/2025\/03\/23\/1742717245272thumbs_b_c_d30ed39a0e48cc1e0153a635a88a10d1.jpg?ver=aa5e7af1c66b9f02a5fe381ec4e6504e 864w, https:\/\/brtk.net\/wp-content\/uploads\/2025\/03\/23\/1742717245272thumbs_b_c_d30ed39a0e48cc1e0153a635a88a10d1-300x169.jpg?ver=0434855d40858c82d53c48db4cbe5892 300w, https:\/\/brtk.net\/wp-content\/uploads\/2025\/03\/23\/1742717245272thumbs_b_c_d30ed39a0e48cc1e0153a635a88a10d1-768x432.jpg?ver=2376375ef848aeba7ec6c43f77ef2eab 768w\"\/>                            <\/div>\n<p>\nCumhuriyet Halk Partisi\u2019nde (CHP) tek aday\u0131n Ekrem \u0130mamo\u011flu oldu\u011fu Cumhurba\u015fkan\u0131 adayl\u0131\u011f\u0131 \u00f6n se\u00e7imi bug\u00fcn yap\u0131l\u0131yor.<\/p>\n<p>CHP\u2019nin Cumhurba\u015fkan\u0131 aday\u0131 bug\u00fcn 81 ilde kullan\u0131lacak oylarla belli olacak. \u00dclke genelinde kurulan 5 bin 600 sand\u0131kta oy kullanma i\u015flemi ba\u015flad\u0131.<\/p>\n<p>\u0130lk etapta yaln\u0131zca parti \u00fcyesi olanlar\u0131n se\u00e7imde oy vermesi kararla\u015ft\u0131r\u0131lm\u0131\u015ft\u0131. Ancak, \u0130stanbul B\u00fcy\u00fck\u015fehir Belediye Ba\u015fkan\u0131 Ekrem \u0130mamo\u011flu\u2019nun 19 Mart sabah\u0131 g\u00f6zalt\u0131na al\u0131nmas\u0131n\u0131n ard\u0131ndan karar de\u011fi\u015fti.<\/p>\n<p>CHP\u2019nin \u00f6n se\u00e7imi i\u00e7in oy kullanmaya gelenler iki farkl\u0131 sand\u0131kla kar\u015f\u0131la\u015facak. Parti \u00fcyesi olmayanlar da \u201cDayan\u0131\u015fma Sand\u0131\u011f\u0131\u201dnda oy kullanabilecek.<\/p>\n<p>81 ilde sand\u0131klar CHP il ve il\u00e7e ba\u015fkanl\u0131klar\u0131na, belediye k\u00fclt\u00fcr evlerine, spor salonlar\u0131na kuruldu.<\/p>\n<\/p><\/div>\n<p><script async\n                    defer\n                    crossorigin=\"anonymous\"\n                    src=\"https:\/\/connect.facebook.net\/tr_TR\/sdk.js#xfbml=1&#038;version=v3.3\"\n            ><\/script><br \/>\n<br \/><br \/>\n<br \/><a href=\"https:\/\/brtk.net\/chpde-cumhurbaskani-adayi-bugun-belli-oluyor\/\"><\/a><\/p>\n","protected":false},"excerpt":{"rendered":"<p>Cumhuriyet Halk Partisi\u2019nde (CHP) tek aday\u0131n Ekrem \u0130mamo\u011flu oldu\u011fu Cumhurba\u015fkan\u0131 adayl\u0131\u011f\u0131 \u00f6n se\u00e7imi bug\u00fcn yap\u0131l\u0131yor. CHP\u2019nin Cumhurba\u015fkan\u0131 aday\u0131 bug\u00fcn 81 ilde kullan\u0131lacak oylarla belli olacak. \u00dclke genelinde kurulan 5 bin 600 sand\u0131kta oy kullanma i\u015flemi ba\u015flad\u0131. \u0130lk etapta yaln\u0131zca parti \u00fcyesi olanlar\u0131n se\u00e7imde oy vermesi kararla\u015ft\u0131r\u0131lm\u0131\u015ft\u0131. Ancak, \u0130stanbul B\u00fcy\u00fck\u015fehir Belediye Ba\u015fkan\u0131 Ekrem \u0130mamo\u011flu\u2019nun 19 Mart [&hellip;]<\/p>\n","protected":false},"author":908,"featured_media":20772,"comment_status":"open","ping_status":"open","sticky":false,"template":"","format":"standard","meta":{"_jetpack_memberships_contains_paid_content":false,"footnotes":"","jetpack_publicize_message":"","jetpack_publicize_feature_enabled":true,"jetpack_social_post_already_shared":true,"jetpack_social_options":{"image_generator_settings":{"template":"highway","default_image_id":0,"font":"","enabled":false},"version":2}},"categories":[587],"tags":[],"class_list":["post-20771","post","type-post","status-publish","format-standard","has-post-thumbnail","hentry","category-dunya"],"jetpack_publicize_connections":[],"jetpack_featured_media_url":"https:\/\/kibrisayna.com\/wp-content\/uploads\/2025\/03\/1742717245272thumbs_b_c_d30ed39a0e48cc1e0153a635a88a10d1.jpg","jetpack_sharing_enabled":true,"_links":{"self":[{"href":"https:\/\/kibrisayna.com\/index.php\/wp-json\/wp\/v2\/posts\/20771","targetHints":{"allow":["GET"]}}],"collection":[{"href":"https:\/\/kibrisayna.com\/index.php\/wp-json\/wp\/v2\/posts"}],"about":[{"href":"https:\/\/kibrisayna.com\/index.php\/wp-json\/wp\/v2\/types\/post"}],"author":[{"embeddable":true,"href":"https:\/\/kibrisayna.com\/index.php\/wp-json\/wp\/v2\/users\/908"}],"replies":[{"embeddable":true,"href":"https:\/\/kibrisayna.com\/index.php\/wp-json\/wp\/v2\/comments?post=20771"}],"version-history":[{"count":0,"href":"https:\/\/kibrisayna.com\/index.php\/wp-json\/wp\/v2\/posts\/20771\/revisions"}],"wp:featuredmedia":[{"embeddable":true,"href":"https:\/\/kibrisayna.com\/index.php\/wp-json\/wp\/v2\/media\/20772"}],"wp:attachment":[{"href":"https:\/\/kibrisayna.com\/index.php\/wp-json\/wp\/v2\/media?parent=20771"}],"wp:term":[{"taxonomy":"category","embeddable":true,"href":"https:\/\/kibrisayna.com\/index.php\/wp-json\/wp\/v2\/categories?post=20771"},{"taxonomy":"post_tag","embeddable":true,"href":"https:\/\/kibrisayna.com\/index.php\/wp-json\/wp\/v2\/tags?post=20771"}],"curies":[{"name":"wp","href":"https:\/\/api.w.org\/{rel}","templated":true}]}}