{"id":20763,"date":"2025-03-23T09:54:29","date_gmt":"2025-03-23T06:54:29","guid":{"rendered":"https:\/\/kibrisayna.com\/index.php\/2025\/03\/23\/yilmadan-durmadan-81-ilde-sokaklardayiz-meydanlardayiz-brtk\/"},"modified":"2025-03-23T09:54:29","modified_gmt":"2025-03-23T06:54:29","slug":"yilmadan-durmadan-81-ilde-sokaklardayiz-meydanlardayiz-brtk","status":"publish","type":"post","link":"https:\/\/kibrisayna.com\/index.php\/2025\/03\/23\/yilmadan-durmadan-81-ilde-sokaklardayiz-meydanlardayiz-brtk\/","title":{"rendered":"Y\u0131lmadan, durmadan, 81 ilde sokaklarday\u0131z, meydanlarday\u0131z \u2013 BRTK"},"content":{"rendered":"<p> <br \/>\n<\/p>\n<div>\n<div class=\"mariselle-image-container center\">\n                <img loading=\"lazy\" decoding=\"async\" width=\"808\" height=\"547\" class=\"lazy-image\" alt=\"\" sizes=\"auto, (max-width: 808px) 100vw, 808px\" src=\"https:\/\/brtk.net\/wp-content\/uploads\/2025\/03\/23\/1742677636987ozel.png?ver=6ca377ea3f4f3715990041a4c97170ab\" srcset=\"https:\/\/brtk.net\/wp-content\/uploads\/2025\/03\/23\/1742677636987ozel.png?ver=6ca377ea3f4f3715990041a4c97170ab 808w, https:\/\/brtk.net\/wp-content\/uploads\/2025\/03\/23\/1742677636987ozel-300x203.png?ver=6ca377ea3f4f3715990041a4c97170ab 300w, https:\/\/brtk.net\/wp-content\/uploads\/2025\/03\/23\/1742677636987ozel-768x520.png?ver=3c036a1d6ee31d66682250453fbd2270 768w\"\/>                            <\/div>\n<p>: CHP Genel Ba\u015fkan\u0131 \u00d6zg\u00fcr \u00d6zel, \u201cBug\u00fcn biz can yakmadan, polisimize dokunmadan, hi\u00e7bir anan\u0131n evlad\u0131n\u0131n sa\u00e7\u0131n\u0131n teline dokunmadan ama y\u0131lmadan, durmadan, 81 ilde sokaklarday\u0131z, meydanlarday\u0131z. Durmayaca\u011f\u0131z. Kanunsuz, Anayasa\u2019ya ayk\u0131r\u0131 hi\u00e7bir yasa\u011fa 3 g\u00fcnd\u00fcr uymad\u0131\u011f\u0131m\u0131z gibi bu gece de uymayaca\u011f\u0131z.\u201d dedi.<\/p>\n<p>\u00d6zel, \u0130stanbul B\u00fcy\u00fck\u015fehir Belediyesinin (\u0130BB) Sara\u00e7hane\u2019deki Ba\u015fkanl\u0131k Binas\u0131\u2019nda d\u00fczenledi\u011fi bas\u0131n toplant\u0131s\u0131nda, \u0130stanbul Valili\u011finin 5 g\u00fcn s\u00fcreyle kentte toplanmay\u0131, g\u00f6steriyi, eylemi ve a\u00e7\u0131klamay\u0131 yasaklad\u0131\u011f\u0131n\u0131 hat\u0131rlatt\u0131.<\/p>\n<p>Bu ak\u015fam \u00f6nce Sara\u00e7hane\u2019de, sonra da durumu g\u00f6re \u00c7a\u011flayan\u2019da olacaklar\u0131n\u0131 dile getiren \u00d6zel, \u201cBug\u00fcn biz can yakmadan, polisimize dokunmadan, hi\u00e7bir anan\u0131n evlad\u0131n\u0131n sa\u00e7\u0131n\u0131n teline dokunmadan ama y\u0131lmadan, durmadan, 81 ilde sokaklarday\u0131z, meydanlarday\u0131z. Durmayaca\u011f\u0131z. Kanunsuz, Anayasa\u2019ya ayk\u0131r\u0131 hi\u00e7bir yasa\u011fa 3 g\u00fcnd\u00fcr uymad\u0131\u011f\u0131m\u0131z gibi bu gece de uymayaca\u011f\u0131z. \u0130stanbul\u2019un, \u015ei\u015fli\u2019nin, Beylikd\u00fcz\u00fc\u2019n\u00fcn iradesine dokunmaya kalkana biz de dokunuruz.\u201d diye konu\u015ftu.<\/p>\n<p>\u00d6zel, \u201cBiz T\u00fcrkiye\u2019de ekonomi k\u00f6t\u00fcye gitsin, huzur bozulsun, d\u00fczen bozulsun istemeyiz. D\u00fczeni bozmas\u0131nlar, d\u00fczeni bozmaya kalkmas\u0131nlar. Biz bu vakitten sonra akl\u0131selimin hakim olmas\u0131n\u0131, vicdanlar\u0131n \u00f6nde olmas\u0131n\u0131 bekliyoruz, umuyoruz ve bu konuda hem kararl\u0131 hem umutluyuz. Bunun d\u0131\u015f\u0131ndaki se\u00e7eneklerin hepsini d\u00fc\u015f\u00fcnd\u00fck. \u2018Ne yapacaks\u0131n\u0131z?\u2019 diyene cevab\u0131m\u0131z, korkmuyoruz. Biz korkuyu t\u00fckettik.\u201d ifadesini kulland\u0131.<\/p>\n<p>Ekrem \u0130mamo\u011flu\u2019na, avukatlar\u0131 arac\u0131l\u0131\u011f\u0131yla bug\u00fcn adliye s\u00fcreciyle ilgili ne bekledi\u011fini sorduklar\u0131n\u0131 aktaran \u00d6zel, \u201cBana gelen cevap, \u2018Bu gece benim sahip \u00e7\u0131k\u0131lmamdan daha \u00e7ok sahip \u00e7\u0131k\u0131lmas\u0131 gereken bir \u015fey var, yar\u0131n kurulacak sand\u0131klard\u0131r.\u2019 Yar\u0131n kurulacak \u00f6n se\u00e7im sand\u0131\u011f\u0131n\u0131, T\u00fcrkiye\u2019nin gelecekteki sand\u0131klar\u0131n\u0131n g\u00fcvencesi oldu\u011fu i\u00e7in \u00f6nemsiyor. 86 milyona emanet etmi\u015ftir.\u201d dedi.<\/p>\n<p>\u2013 \u201cCumhurba\u015fkanl\u0131\u011f\u0131 \u00f6n se\u00e7imi i\u00e7in 5 bin 960 sand\u0131k kurduk\u201d<\/p>\n<p>\u00d6zel, yar\u0131nki Cumhurba\u015fkanl\u0131\u011f\u0131 \u00f6n se\u00e7imi i\u00e7in 5 bin 960 sand\u0131k kurduklar\u0131n\u0131, bunun yan\u0131 s\u0131ra ayn\u0131 say\u0131da da dayan\u0131\u015fma sand\u0131\u011f\u0131 olaca\u011f\u0131n\u0131, burada da CHP \u00fcyesi d\u0131\u015f\u0131ndaki vatanda\u015flar\u0131n dayan\u0131\u015fma oyu kullanabilece\u011fini s\u00f6yledi.<\/p>\n<p>Kendisinin de Sara\u00e7hane\u2019de kurulacak sand\u0131kta oy kullanaca\u011f\u0131n\u0131 kaydeden \u00d6zel, \u0130stanbullular\u0131 da oylar\u0131n\u0131 kulland\u0131ktan sonra Sara\u00e7hane\u2019ye beklediklerini kaydetti.<\/p>\n<p>\u00d6zel, g\u00fcn\u00fcn belli saatlerinde dayan\u0131\u015fma sand\u0131klar\u0131n\u0131n ba\u015f\u0131nda, sand\u0131k g\u00f6revlisi olarak, genel ba\u015fkan olarak kendisinin de g\u00f6rev yapaca\u011f\u0131n\u0131 belirterek, \u015funlar\u0131 kaydetti:<\/p>\n<p>\u201c\u00dcmit ediyorum 06.40\u2019\u0131n, 4 g\u00fcn sonras\u0131 yar\u0131n sabah 06.40. Oylamalar\u0131n ba\u015flamas\u0131na 1 saat 20 dakika kala Ekrem \u0130mamo\u011flu\u2019nun g\u00f6zalt\u0131 s\u00fcresi doluyor, mahkeme bir karar vermi\u015f olacak. Dayan\u0131\u015fma sand\u0131\u011f\u0131nda sizleri Ekrem \u0130mamo\u011flu\u2019yla birlikte kar\u015f\u0131lamay\u0131 da umuyoruz. Ekrem Ba\u015fkan bu s\u0131k\u0131nt\u0131l\u0131 4 g\u00fcn bittikten sonra \u00f6zg\u00fcrl\u00fc\u011f\u00fcne kavu\u015ftu\u011funda yuvas\u0131na, Sara\u00e7hane\u2019ye gelecek. O da ayr\u0131 bir co\u015fku katacak diye \u00fcmit ediyoruz.\u201d<\/p>\n<p>\u0130mamo\u011flu\u2019nun adliyeye sevk edildi\u011fini ve h\u0131zl\u0131 \u015fekilde savc\u0131l\u0131k ifadesinin ba\u015flamas\u0131n\u0131 \u00fcmit ettiklerini belirten \u00d6zel, \u201cOrada g\u00f6t\u00fcr\u00fcyorlar, saatlerce nezarethanede tutuyorlar. H\u0131zla bu i\u015flerin yap\u0131lmas\u0131n\u0131, hakim kar\u015f\u0131s\u0131na \u00e7\u0131kmas\u0131n\u0131, vicdan\u0131n\u0131, mesle\u011fini savunan hakimlerle muhatap olmas\u0131n\u0131, ger\u00e7e\u011fe \u0131\u015f\u0131k tutacak yan\u0131tlar\u0131n\u0131n al\u0131nmas\u0131n\u0131 ve h\u0131zla serbest b\u0131rak\u0131lmas\u0131n\u0131 bekliyoruz.\u201d diye konu\u015ftu.<\/p>\n<\/p><\/div>\n<p><script async\n                    defer\n                    crossorigin=\"anonymous\"\n                    src=\"https:\/\/connect.facebook.net\/tr_TR\/sdk.js#xfbml=1&#038;version=v3.3\"\n            ><\/script><br \/>\n<br \/><br \/>\n<br \/><a href=\"https:\/\/brtk.net\/ozel-yilmadan-durmadan-81-ilde-sokaklardayiz-meydanlardayiz\/\"><\/a><\/p>\n","protected":false},"excerpt":{"rendered":"<p>: CHP Genel Ba\u015fkan\u0131 \u00d6zg\u00fcr \u00d6zel, \u201cBug\u00fcn biz can yakmadan, polisimize dokunmadan, hi\u00e7bir anan\u0131n evlad\u0131n\u0131n sa\u00e7\u0131n\u0131n teline dokunmadan ama y\u0131lmadan, durmadan, 81 ilde sokaklarday\u0131z, meydanlarday\u0131z. Durmayaca\u011f\u0131z. Kanunsuz, Anayasa\u2019ya ayk\u0131r\u0131 hi\u00e7bir yasa\u011fa 3 g\u00fcnd\u00fcr uymad\u0131\u011f\u0131m\u0131z gibi bu gece de uymayaca\u011f\u0131z.\u201d dedi. \u00d6zel, \u0130stanbul B\u00fcy\u00fck\u015fehir Belediyesinin (\u0130BB) Sara\u00e7hane\u2019deki Ba\u015fkanl\u0131k Binas\u0131\u2019nda d\u00fczenledi\u011fi bas\u0131n toplant\u0131s\u0131nda, \u0130stanbul Valili\u011finin 5 g\u00fcn [&hellip;]<\/p>\n","protected":false},"author":908,"featured_media":20764,"comment_status":"open","ping_status":"open","sticky":false,"template":"","format":"standard","meta":{"_jetpack_memberships_contains_paid_content":false,"footnotes":"","jetpack_publicize_message":"","jetpack_publicize_feature_enabled":true,"jetpack_social_post_already_shared":true,"jetpack_social_options":{"image_generator_settings":{"template":"highway","default_image_id":0,"font":"","enabled":false},"version":2}},"categories":[587],"tags":[],"class_list":["post-20763","post","type-post","status-publish","format-standard","has-post-thumbnail","hentry","category-dunya"],"jetpack_publicize_connections":[],"jetpack_featured_media_url":"https:\/\/kibrisayna.com\/wp-content\/uploads\/2025\/03\/1742677636987ozel.png","jetpack_sharing_enabled":true,"_links":{"self":[{"href":"https:\/\/kibrisayna.com\/index.php\/wp-json\/wp\/v2\/posts\/20763","targetHints":{"allow":["GET"]}}],"collection":[{"href":"https:\/\/kibrisayna.com\/index.php\/wp-json\/wp\/v2\/posts"}],"about":[{"href":"https:\/\/kibrisayna.com\/index.php\/wp-json\/wp\/v2\/types\/post"}],"author":[{"embeddable":true,"href":"https:\/\/kibrisayna.com\/index.php\/wp-json\/wp\/v2\/users\/908"}],"replies":[{"embeddable":true,"href":"https:\/\/kibrisayna.com\/index.php\/wp-json\/wp\/v2\/comments?post=20763"}],"version-history":[{"count":0,"href":"https:\/\/kibrisayna.com\/index.php\/wp-json\/wp\/v2\/posts\/20763\/revisions"}],"wp:featuredmedia":[{"embeddable":true,"href":"https:\/\/kibrisayna.com\/index.php\/wp-json\/wp\/v2\/media\/20764"}],"wp:attachment":[{"href":"https:\/\/kibrisayna.com\/index.php\/wp-json\/wp\/v2\/media?parent=20763"}],"wp:term":[{"taxonomy":"category","embeddable":true,"href":"https:\/\/kibrisayna.com\/index.php\/wp-json\/wp\/v2\/categories?post=20763"},{"taxonomy":"post_tag","embeddable":true,"href":"https:\/\/kibrisayna.com\/index.php\/wp-json\/wp\/v2\/tags?post=20763"}],"curies":[{"name":"wp","href":"https:\/\/api.w.org\/{rel}","templated":true}]}}