{"id":20726,"date":"2025-03-22T16:39:09","date_gmt":"2025-03-22T13:39:09","guid":{"rendered":"https:\/\/kibrisayna.com\/index.php\/2025\/03\/22\/magusali-sohbetlerde-suleyman-ulucay-konustu-brtk\/"},"modified":"2025-03-22T16:39:09","modified_gmt":"2025-03-22T13:39:09","slug":"magusali-sohbetlerde-suleyman-ulucay-konustu-brtk","status":"publish","type":"post","link":"https:\/\/kibrisayna.com\/index.php\/2025\/03\/22\/magusali-sohbetlerde-suleyman-ulucay-konustu-brtk\/","title":{"rendered":"\u201cMa\u011fusal\u0131 Sohbetler\u201dde S\u00fcleyman Ulu\u00e7ay konu\u015ftu \u2013 BRTK"},"content":{"rendered":"<p> <br \/>\n<\/p>\n<div>\n<div class=\"mariselle-image-container center\">\n                <img loading=\"lazy\" decoding=\"async\" width=\"910\" height=\"430\" class=\"lazy-image\" alt=\"\" sizes=\"auto, (max-width: 910px) 100vw, 910px\" src=\"https:\/\/brtk.net\/wp-content\/uploads\/2025\/03\/22\/ulucay.jpg?ver=d098a5c389cd5ce4af348adfde845be3\" srcset=\"https:\/\/brtk.net\/wp-content\/uploads\/2025\/03\/22\/ulucay.jpg?ver=d098a5c389cd5ce4af348adfde845be3 910w, https:\/\/brtk.net\/wp-content\/uploads\/2025\/03\/22\/ulucay-300x142.jpg?ver=7366d540e72a07dd503e7635b70958ac 300w, https:\/\/brtk.net\/wp-content\/uploads\/2025\/03\/22\/ulucay-768x363.jpg?ver=7366d540e72a07dd503e7635b70958ac 768w\"\/>                            <\/div>\n<p>\nCumhuriyet\u00e7i T\u00fcrk Partisi (CTP) Ma\u011fusa \u0130l\u00e7esi taraf\u0131ndan d\u00fczenlenen \u201cMa\u011fusal\u0131 Sohbetler\u201d etkinli\u011finin konu\u011fu Ma\u011fusa Belediye Ba\u015fkan\u0131 Dr. S\u00fcleyman Ulu\u00e7ay oldu.<\/p>\n<p>CTP\u2019den verilen bilgiye g\u00f6re, CTP Kad\u0131n \u00d6rg\u00fct\u00fc Genel Sekreteri Mine Karaca\u2019n\u0131n moderat\u00f6rl\u00fc\u011f\u00fcn\u00fc yapt\u0131\u011f\u0131 s\u00f6yle\u015fiye, CTP Gazima\u011fusa Milletvekili Teberr\u00fcken Ulu\u00e7ay, CTP Gazima\u011fusa \u0130l\u00e7e Ba\u015fkan\u0131 Oktay Kayalp, CTP Gen\u00e7lik \u00d6rg\u00fct\u00fc Gazima\u011fusa \u0130l\u00e7e Ba\u015fkan\u0131 Enver G\u00fcrsoy, belediye meclis \u00fcyesi Erhun \u015eahali, CTP Gazima\u011fusa \u0130l\u00e7e Y\u00f6netim Kurulu \u00dcyeleri Halide Dalokay ve Erhun \u015eahali ile CTP eski Genel Ba\u015fkan\u0131 Ferdi Sabit Soyer kat\u0131ld\u0131.<\/p>\n<p>-Belediyenin mali durumu d\u00fczeltildi<\/p>\n<p>S\u00f6yle\u015fide konu\u015fan Gazima\u011fusa Belediye Ba\u015fkan\u0131 Dr. S\u00fcleyman Ulu\u00e7ay, g\u00f6reve geldiklerinden bu yana belediyeyi b\u00fcy\u00fck bir bor\u00e7 y\u00fck\u00fcnden kurtarmak i\u00e7in yo\u011fun \u00e7aba harcad\u0131klar\u0131n\u0131 ve bu konuda ba\u015far\u0131l\u0131 olduklar\u0131n\u0131 belirtti. Belediyenin esnafa olan bor\u00e7lar\u0131n\u0131 \u00f6dediklerini, \u00e7al\u0131\u015fanlar\u0131n geriden gelen sosyal sigorta ve ihtiyat sand\u0131\u011f\u0131 primlerini tamamlad\u0131klar\u0131n\u0131 vurgulayan Ulu\u00e7ay, kentin altyap\u0131 eksiklerini gidermek i\u00e7in de \u00f6nemli \u00e7al\u0131\u015fmalar yapt\u0131klar\u0131n\u0131 s\u00f6yledi.<\/p>\n<p>-Trafik d\u00fczenlemeleri ve k\u00fclt\u00fcrel etkinlikler<\/p>\n<p>Ma\u011fusa\u2019daki trafik sorununu hafifletmek amac\u0131yla d\u00fczenlemeler yapt\u0131klar\u0131n\u0131 belirten Ulu\u00e7ay, belediye olarak sosyal ve k\u00fclt\u00fcrel etkinliklere de b\u00fcy\u00fck \u00f6nem verdiklerini ifade etti. Dr. S\u00fcleyman Ulu\u00e7ay, Ma\u011fusa Suri\u00e7i\u2019ndeki k\u00fclt\u00fcrel miras\u0131 korumak ve gerekli restorasyonlar\u0131 yapmak ad\u0131na Ma\u011fusa Belediyesi\u2019nin hizmet verdi\u011fini vurgulad\u0131. S\u00f6yle\u015fi, kat\u0131l\u0131mc\u0131lar\u0131n sorular\u0131n\u0131n yan\u0131tland\u0131\u011f\u0131 interaktif bir b\u00f6l\u00fcmle son buldu.<\/p>\n<\/p><\/div>\n<p><script async\n                    defer\n                    crossorigin=\"anonymous\"\n                    src=\"https:\/\/connect.facebook.net\/tr_TR\/sdk.js#xfbml=1&#038;version=v3.3\"\n            ><\/script><br \/>\n<br \/><br \/>\n<br \/><a href=\"https:\/\/brtk.net\/magusali-sohbetlerde-suleyman-ulucay-konustu\/\">Kaynak BRT <\/a><\/p>\n","protected":false},"excerpt":{"rendered":"<p>Cumhuriyet\u00e7i T\u00fcrk Partisi (CTP) Ma\u011fusa \u0130l\u00e7esi taraf\u0131ndan d\u00fczenlenen \u201cMa\u011fusal\u0131 Sohbetler\u201d etkinli\u011finin konu\u011fu Ma\u011fusa Belediye Ba\u015fkan\u0131 Dr. S\u00fcleyman Ulu\u00e7ay oldu. CTP\u2019den verilen bilgiye g\u00f6re, CTP Kad\u0131n \u00d6rg\u00fct\u00fc Genel Sekreteri Mine Karaca\u2019n\u0131n moderat\u00f6rl\u00fc\u011f\u00fcn\u00fc yapt\u0131\u011f\u0131 s\u00f6yle\u015fiye, CTP Gazima\u011fusa Milletvekili Teberr\u00fcken Ulu\u00e7ay, CTP Gazima\u011fusa \u0130l\u00e7e Ba\u015fkan\u0131 Oktay Kayalp, CTP Gen\u00e7lik \u00d6rg\u00fct\u00fc Gazima\u011fusa \u0130l\u00e7e Ba\u015fkan\u0131 Enver G\u00fcrsoy, belediye meclis \u00fcyesi [&hellip;]<\/p>\n","protected":false},"author":908,"featured_media":20727,"comment_status":"open","ping_status":"open","sticky":false,"template":"","format":"standard","meta":{"_jetpack_memberships_contains_paid_content":false,"footnotes":"","jetpack_publicize_message":"","jetpack_publicize_feature_enabled":true,"jetpack_social_post_already_shared":true,"jetpack_social_options":{"image_generator_settings":{"template":"highway","default_image_id":0,"font":"","enabled":false},"version":2}},"categories":[253],"tags":[],"class_list":["post-20726","post","type-post","status-publish","format-standard","has-post-thumbnail","hentry","category-gundem"],"jetpack_publicize_connections":[],"jetpack_featured_media_url":"https:\/\/kibrisayna.com\/wp-content\/uploads\/2025\/03\/ulucay.jpg","jetpack_sharing_enabled":true,"_links":{"self":[{"href":"https:\/\/kibrisayna.com\/index.php\/wp-json\/wp\/v2\/posts\/20726","targetHints":{"allow":["GET"]}}],"collection":[{"href":"https:\/\/kibrisayna.com\/index.php\/wp-json\/wp\/v2\/posts"}],"about":[{"href":"https:\/\/kibrisayna.com\/index.php\/wp-json\/wp\/v2\/types\/post"}],"author":[{"embeddable":true,"href":"https:\/\/kibrisayna.com\/index.php\/wp-json\/wp\/v2\/users\/908"}],"replies":[{"embeddable":true,"href":"https:\/\/kibrisayna.com\/index.php\/wp-json\/wp\/v2\/comments?post=20726"}],"version-history":[{"count":0,"href":"https:\/\/kibrisayna.com\/index.php\/wp-json\/wp\/v2\/posts\/20726\/revisions"}],"wp:featuredmedia":[{"embeddable":true,"href":"https:\/\/kibrisayna.com\/index.php\/wp-json\/wp\/v2\/media\/20727"}],"wp:attachment":[{"href":"https:\/\/kibrisayna.com\/index.php\/wp-json\/wp\/v2\/media?parent=20726"}],"wp:term":[{"taxonomy":"category","embeddable":true,"href":"https:\/\/kibrisayna.com\/index.php\/wp-json\/wp\/v2\/categories?post=20726"},{"taxonomy":"post_tag","embeddable":true,"href":"https:\/\/kibrisayna.com\/index.php\/wp-json\/wp\/v2\/tags?post=20726"}],"curies":[{"name":"wp","href":"https:\/\/api.w.org\/{rel}","templated":true}]}}