{"id":20450,"date":"2025-03-19T21:55:53","date_gmt":"2025-03-19T18:55:53","guid":{"rendered":"https:\/\/kibrisayna.com\/index.php\/2025\/03\/19\/tc-genclik-ve-spor-bakani-bak-cetinkaya-taksim-sahasinda-incelemelerde-bulundu-brtk\/"},"modified":"2025-03-19T21:55:53","modified_gmt":"2025-03-19T18:55:53","slug":"tc-genclik-ve-spor-bakani-bak-cetinkaya-taksim-sahasinda-incelemelerde-bulundu-brtk","status":"publish","type":"post","link":"https:\/\/kibrisayna.com\/index.php\/2025\/03\/19\/tc-genclik-ve-spor-bakani-bak-cetinkaya-taksim-sahasinda-incelemelerde-bulundu-brtk\/","title":{"rendered":"TC Gen\u00e7lik ve Spor Bakan\u0131 Bak, \u00c7etinkaya Taksim Sahas\u0131\u2019nda incelemelerde bulundu \u2013 BRTK"},"content":{"rendered":"<p> <br \/>\n<\/p>\n<div>\n<div class=\"mariselle-image-container center\">\n                <img loading=\"lazy\" decoding=\"async\" width=\"822\" height=\"519\" class=\"lazy-image\" alt=\"\" sizes=\"auto, (max-width: 822px) 100vw, 822px\" src=\"https:\/\/brtk.net\/wp-content\/uploads\/2025\/03\/19\/jkjkj.jpg?ver=a3ba891ca80ee53ffc6464e5eebcadd3\" srcset=\"https:\/\/brtk.net\/wp-content\/uploads\/2025\/03\/19\/jkjkj.jpg?ver=a3ba891ca80ee53ffc6464e5eebcadd3 822w, https:\/\/brtk.net\/wp-content\/uploads\/2025\/03\/19\/jkjkj-300x189.jpg?ver=a3ba891ca80ee53ffc6464e5eebcadd3 300w, https:\/\/brtk.net\/wp-content\/uploads\/2025\/03\/19\/jkjkj-768x485.jpg?ver=436afdec0c494c9557a7ec4d1106d3fc 768w\"\/>                            <\/div>\n<p>T\u00fcrkiye Cumhuriyeti Gen\u00e7lik ve Spor Bakan\u0131 Osman A\u015fk\u0131n Bak, \u00c7etinkaya Taksim Sahas\u0131\u2019n\u0131 ziyaret ederek, incelemelerde bulundu.<\/p>\n<p>Zahra Sokak \u00fczerinden inceleme yapan Bakan Osman A\u015fk\u0131n Bak\u2019a T\u00fcrkiye Cumhuriyeti Lefko\u015fa B\u00fcy\u00fckel\u00e7isi Ali Murat Ba\u015f\u00e7eri, \u00c7etinkaya T\u00fcrk Spor Kul\u00fcb\u00fc Ba\u015fkan\u0131 Mehmet Tatar ve b\u00fcrokratlar e\u015flik etti.<\/p>\n<p>Lefko\u015fa\u2019n\u0131n Ye\u015fil Hat b\u00f6lgesinde yer alan ve kullan\u0131m hakk\u0131 \u00c7etinkaya T\u00fcrk Spor Kul\u00fcb\u00fc\u2019ne (\u00c7TSK) verilen Taksim Sahas\u0131 T\u00fcrkiye\u2019nin destekleriyle yeniden yap\u0131larak ve \u0131\u015f\u0131kland\u0131r\u0131larak kullan\u0131ma a\u00e7\u0131lm\u0131\u015ft\u0131.<\/p>\n<\/p><\/div>\n<p><script async\n                    defer\n                    crossorigin=\"anonymous\"\n                    src=\"https:\/\/connect.facebook.net\/tr_TR\/sdk.js#xfbml=1&#038;version=v3.3\"\n            ><\/script><br \/>\n<br \/><br \/>\n<br \/><a href=\"https:\/\/brtk.net\/tc-genclik-ve-spor-bakani-bak-cetinkaya-taksim-sahasinda-incelemelerde-bulundu\/\"><\/a><\/p>\n","protected":false},"excerpt":{"rendered":"<p>T\u00fcrkiye Cumhuriyeti Gen\u00e7lik ve Spor Bakan\u0131 Osman A\u015fk\u0131n Bak, \u00c7etinkaya Taksim Sahas\u0131\u2019n\u0131 ziyaret ederek, incelemelerde bulundu. Zahra Sokak \u00fczerinden inceleme yapan Bakan Osman A\u015fk\u0131n Bak\u2019a T\u00fcrkiye Cumhuriyeti Lefko\u015fa B\u00fcy\u00fckel\u00e7isi Ali Murat Ba\u015f\u00e7eri, \u00c7etinkaya T\u00fcrk Spor Kul\u00fcb\u00fc Ba\u015fkan\u0131 Mehmet Tatar ve b\u00fcrokratlar e\u015flik etti. Lefko\u015fa\u2019n\u0131n Ye\u015fil Hat b\u00f6lgesinde yer alan ve kullan\u0131m hakk\u0131 \u00c7etinkaya T\u00fcrk Spor [&hellip;]<\/p>\n","protected":false},"author":908,"featured_media":20451,"comment_status":"open","ping_status":"open","sticky":false,"template":"","format":"standard","meta":{"_jetpack_memberships_contains_paid_content":false,"footnotes":"","jetpack_publicize_message":"","jetpack_publicize_feature_enabled":true,"jetpack_social_post_already_shared":true,"jetpack_social_options":{"image_generator_settings":{"template":"highway","default_image_id":0,"font":"","enabled":false},"version":2}},"categories":[587],"tags":[],"class_list":["post-20450","post","type-post","status-publish","format-standard","has-post-thumbnail","hentry","category-dunya"],"jetpack_publicize_connections":[],"jetpack_featured_media_url":"https:\/\/kibrisayna.com\/wp-content\/uploads\/2025\/03\/jkjkj.jpg","jetpack_sharing_enabled":true,"_links":{"self":[{"href":"https:\/\/kibrisayna.com\/index.php\/wp-json\/wp\/v2\/posts\/20450","targetHints":{"allow":["GET"]}}],"collection":[{"href":"https:\/\/kibrisayna.com\/index.php\/wp-json\/wp\/v2\/posts"}],"about":[{"href":"https:\/\/kibrisayna.com\/index.php\/wp-json\/wp\/v2\/types\/post"}],"author":[{"embeddable":true,"href":"https:\/\/kibrisayna.com\/index.php\/wp-json\/wp\/v2\/users\/908"}],"replies":[{"embeddable":true,"href":"https:\/\/kibrisayna.com\/index.php\/wp-json\/wp\/v2\/comments?post=20450"}],"version-history":[{"count":0,"href":"https:\/\/kibrisayna.com\/index.php\/wp-json\/wp\/v2\/posts\/20450\/revisions"}],"wp:featuredmedia":[{"embeddable":true,"href":"https:\/\/kibrisayna.com\/index.php\/wp-json\/wp\/v2\/media\/20451"}],"wp:attachment":[{"href":"https:\/\/kibrisayna.com\/index.php\/wp-json\/wp\/v2\/media?parent=20450"}],"wp:term":[{"taxonomy":"category","embeddable":true,"href":"https:\/\/kibrisayna.com\/index.php\/wp-json\/wp\/v2\/categories?post=20450"},{"taxonomy":"post_tag","embeddable":true,"href":"https:\/\/kibrisayna.com\/index.php\/wp-json\/wp\/v2\/tags?post=20450"}],"curies":[{"name":"wp","href":"https:\/\/api.w.org\/{rel}","templated":true}]}}