{"id":20445,"date":"2025-03-19T20:57:04","date_gmt":"2025-03-19T17:57:04","guid":{"rendered":"https:\/\/kibrisayna.com\/index.php\/2025\/03\/19\/ekrem-imamoglu-gozaltina-alindi-brtk\/"},"modified":"2025-03-19T20:57:04","modified_gmt":"2025-03-19T17:57:04","slug":"ekrem-imamoglu-gozaltina-alindi-brtk","status":"publish","type":"post","link":"https:\/\/kibrisayna.com\/index.php\/2025\/03\/19\/ekrem-imamoglu-gozaltina-alindi-brtk\/","title":{"rendered":"Ekrem \u0130mamo\u011flu g\u00f6zalt\u0131na al\u0131nd\u0131 \u2013 BRTK"},"content":{"rendered":"<p> <br \/>\n<\/p>\n<div>\n<div class=\"mariselle-image-container center\">\n                <img loading=\"lazy\" decoding=\"async\" width=\"800\" height=\"450\" class=\"lazy-image\" alt=\"\" sizes=\"auto, (max-width: 800px) 100vw, 800px\" src=\"https:\/\/brtk.net\/wp-content\/uploads\/2025\/03\/19\/ekrem-imamoglu-2343563_1.jpg?ver=a1b6cc2d6f6c2f6bceac6f78ac30eaf2\" srcset=\"https:\/\/brtk.net\/wp-content\/uploads\/2025\/03\/19\/ekrem-imamoglu-2343563_1.jpg?ver=a1b6cc2d6f6c2f6bceac6f78ac30eaf2 800w, https:\/\/brtk.net\/wp-content\/uploads\/2025\/03\/19\/ekrem-imamoglu-2343563_1-300x169.jpg?ver=7b902c00ebd5a4f3d8560d8e2daeac72 300w, https:\/\/brtk.net\/wp-content\/uploads\/2025\/03\/19\/ekrem-imamoglu-2343563_1-768x432.jpg?ver=7b902c00ebd5a4f3d8560d8e2daeac72 768w\"\/>                            <\/div>\n<p>\u0130stanbul B\u00fcy\u00fck\u015fehir Belediye Ba\u015fkan\u0131 Ekrem \u0130mamo\u011flu g\u00f6zalt\u0131na al\u0131nd\u0131.<\/p>\n<p>106 ki\u015fiyle ilgili y\u00fcr\u00fct\u00fclen operasyonun Medya A.\u015e., ihaleler, kent uzla\u015f\u0131s\u0131 ve ter\u00f6r soru\u015fturmas\u0131yla ilgili oldu\u011fu belirtildi.<\/p>\n<p>T\u00fcrkiye bas\u0131n\u0131nda yer alan haberlere g\u00f6re, \u0130mamo\u011flu ve \u015f\u00fcpheliler hakk\u0131nda iki ayr\u0131 soru\u015fturma ba\u015flat\u0131ld\u0131.<\/p>\n<p>Sabah saatlerinde g\u00f6zalt\u0131na al\u0131nan \u0130mamo\u011flu, Vatan Caddesi\u2019ndeki \u0130stanbul Emniyet M\u00fcd\u00fcrl\u00fc\u011f\u00fc\u2019ne g\u00f6t\u00fcr\u00fcld\u00fc.<\/p>\n<p>\u201cKent uzla\u015f\u0131s\u0131\u201d ad\u0131 verilen yap\u0131lanmayla ilgili ilk soru\u015fturma kapsam\u0131nda \u0130stanbul B\u00fcy\u00fck\u015fehir Belediye Ba\u015fkan\u0131 Ekrem \u0130mamo\u011flu, \u0130BB Genel Sekreter Yard\u0131mc\u0131s\u0131 Mahir Polat ve \u015ei\u015fli Belediye Ba\u015fkan\u0131 Resul Emrah \u015eahan hakk\u0131nda g\u00f6zalt\u0131 karar verildi.<\/p>\n<p>Yolsuzluk su\u00e7lamas\u0131yla ilgili ikinci soru\u015fturma kapsam\u0131nda ise, \u0130mamo\u011flu ile \u00f6rg\u00fct y\u00f6neticisi konumunda oldu\u011fu belirtilen 4 ki\u015fi ve bu ki\u015filerle ba\u011flant\u0131l\u0131 95 \u015f\u00fcpheli olmak \u00fczere toplam, 100 ki\u015fi hakk\u0131nda g\u00f6zalt\u0131na karar\u0131 verildi.<\/p>\n<\/p><\/div>\n<p><script async\n                    defer\n                    crossorigin=\"anonymous\"\n                    src=\"https:\/\/connect.facebook.net\/tr_TR\/sdk.js#xfbml=1&#038;version=v3.3\"\n            ><\/script><br \/>\n<br \/><br \/>\n<br \/><a href=\"https:\/\/brtk.net\/ekrem-imamoglu-gozaltina-alindi\/\"><\/a><\/p>\n","protected":false},"excerpt":{"rendered":"<p>\u0130stanbul B\u00fcy\u00fck\u015fehir Belediye Ba\u015fkan\u0131 Ekrem \u0130mamo\u011flu g\u00f6zalt\u0131na al\u0131nd\u0131. 106 ki\u015fiyle ilgili y\u00fcr\u00fct\u00fclen operasyonun Medya A.\u015e., ihaleler, kent uzla\u015f\u0131s\u0131 ve ter\u00f6r soru\u015fturmas\u0131yla ilgili oldu\u011fu belirtildi. T\u00fcrkiye bas\u0131n\u0131nda yer alan haberlere g\u00f6re, \u0130mamo\u011flu ve \u015f\u00fcpheliler hakk\u0131nda iki ayr\u0131 soru\u015fturma ba\u015flat\u0131ld\u0131. Sabah saatlerinde g\u00f6zalt\u0131na al\u0131nan \u0130mamo\u011flu, Vatan Caddesi\u2019ndeki \u0130stanbul Emniyet M\u00fcd\u00fcrl\u00fc\u011f\u00fc\u2019ne g\u00f6t\u00fcr\u00fcld\u00fc. \u201cKent uzla\u015f\u0131s\u0131\u201d ad\u0131 verilen yap\u0131lanmayla ilgili [&hellip;]<\/p>\n","protected":false},"author":908,"featured_media":20446,"comment_status":"open","ping_status":"open","sticky":false,"template":"","format":"standard","meta":{"_jetpack_memberships_contains_paid_content":false,"footnotes":"","jetpack_publicize_message":"","jetpack_publicize_feature_enabled":true,"jetpack_social_post_already_shared":true,"jetpack_social_options":{"image_generator_settings":{"template":"highway","default_image_id":0,"font":"","enabled":false},"version":2}},"categories":[587],"tags":[],"class_list":["post-20445","post","type-post","status-publish","format-standard","has-post-thumbnail","hentry","category-dunya"],"jetpack_publicize_connections":[],"jetpack_featured_media_url":"https:\/\/kibrisayna.com\/wp-content\/uploads\/2025\/03\/ekrem-imamoglu-2343563_1.jpg","jetpack_sharing_enabled":true,"_links":{"self":[{"href":"https:\/\/kibrisayna.com\/index.php\/wp-json\/wp\/v2\/posts\/20445","targetHints":{"allow":["GET"]}}],"collection":[{"href":"https:\/\/kibrisayna.com\/index.php\/wp-json\/wp\/v2\/posts"}],"about":[{"href":"https:\/\/kibrisayna.com\/index.php\/wp-json\/wp\/v2\/types\/post"}],"author":[{"embeddable":true,"href":"https:\/\/kibrisayna.com\/index.php\/wp-json\/wp\/v2\/users\/908"}],"replies":[{"embeddable":true,"href":"https:\/\/kibrisayna.com\/index.php\/wp-json\/wp\/v2\/comments?post=20445"}],"version-history":[{"count":0,"href":"https:\/\/kibrisayna.com\/index.php\/wp-json\/wp\/v2\/posts\/20445\/revisions"}],"wp:featuredmedia":[{"embeddable":true,"href":"https:\/\/kibrisayna.com\/index.php\/wp-json\/wp\/v2\/media\/20446"}],"wp:attachment":[{"href":"https:\/\/kibrisayna.com\/index.php\/wp-json\/wp\/v2\/media?parent=20445"}],"wp:term":[{"taxonomy":"category","embeddable":true,"href":"https:\/\/kibrisayna.com\/index.php\/wp-json\/wp\/v2\/categories?post=20445"},{"taxonomy":"post_tag","embeddable":true,"href":"https:\/\/kibrisayna.com\/index.php\/wp-json\/wp\/v2\/tags?post=20445"}],"curies":[{"name":"wp","href":"https:\/\/api.w.org\/{rel}","templated":true}]}}