{"id":20339,"date":"2025-03-19T11:54:27","date_gmt":"2025-03-19T08:54:27","guid":{"rendered":"https:\/\/kibrisayna.com\/index.php\/2025\/03\/19\/dunya-bobrek-gunu-nedeniyle-farkindalik-egitimleri-brtk\/"},"modified":"2025-03-19T11:54:27","modified_gmt":"2025-03-19T08:54:27","slug":"dunya-bobrek-gunu-nedeniyle-farkindalik-egitimleri-brtk","status":"publish","type":"post","link":"https:\/\/kibrisayna.com\/index.php\/2025\/03\/19\/dunya-bobrek-gunu-nedeniyle-farkindalik-egitimleri-brtk\/","title":{"rendered":"D\u00fcnya B\u00f6brek G\u00fcn\u00fc nedeniyle fark\u0131ndal\u0131k e\u011fitimleri \u2013 BRTK"},"content":{"rendered":"<p> <br \/>\n<\/p>\n<div>\n<div class=\"mariselle-image-container center\">\n                <img loading=\"lazy\" decoding=\"async\" width=\"1290\" height=\"861\" class=\"lazy-image\" alt=\"\" sizes=\"auto, (max-width: 1290px) 100vw, 1290px\" src=\"https:\/\/brtk.net\/wp-content\/uploads\/2025\/03\/19\/1742371335707BOBREK-FARKINDALIK-1.jpg?ver=be227bda5366a4d4bc585ec91f55e467\" srcset=\"https:\/\/brtk.net\/wp-content\/uploads\/2025\/03\/19\/1742371335707BOBREK-FARKINDALIK-1.jpg?ver=be227bda5366a4d4bc585ec91f55e467 1290w, https:\/\/brtk.net\/wp-content\/uploads\/2025\/03\/19\/1742371335707BOBREK-FARKINDALIK-1-300x200.jpg?ver=be227bda5366a4d4bc585ec91f55e467 300w, https:\/\/brtk.net\/wp-content\/uploads\/2025\/03\/19\/1742371335707BOBREK-FARKINDALIK-1-1024x683.jpg?ver=f25494b3adcb2f6788517878372c3687 1024w, https:\/\/brtk.net\/wp-content\/uploads\/2025\/03\/19\/1742371335707BOBREK-FARKINDALIK-1-768x513.jpg?ver=f25494b3adcb2f6788517878372c3687 768w\"\/>                            <\/div>\n<p>Diyaliz ve B\u00f6brek Hastalar\u0131 Dayan\u0131\u015fma Derne\u011fi, D\u00fcnya B\u00f6brek G\u00fcn\u00fc nedeniyle fark\u0131ndal\u0131k e\u011fitimleri d\u00fczenledi.<\/p>\n<p>Dernekten verilen bilgiye g\u00f6re, Lefke Avrupa \u00dcniversitesi\u2019nde yer alan fark\u0131ndal\u0131k seminerinde, kronik b\u00f6brek hastal\u0131\u011f\u0131 ve tedavi s\u00fcre\u00e7leri hakk\u0131nda bilgiler payla\u015f\u0131ld\u0131. Seminerde, Dr. Salahi Ata\u00e7 kronik b\u00f6brek hastal\u0131\u011f\u0131n\u0131n tan\u0131s\u0131, tedavisi ve s\u00fcreci hakk\u0131nda bilgilendirme yapt\u0131. Tugay Kavuzkos da, hemodiyaliz tedavisi alm\u0131\u015f bir hasta olarak te\u015fhis konuldu\u011funda, b\u00f6brek nakli beklerken ya\u015fad\u0131\u011f\u0131 s\u00fcre\u00e7leri ve nakil sonras\u0131 deneyimlerini kat\u0131l\u0131mc\u0131larla payla\u015ft\u0131.<\/p>\n<p>Ard\u0131ndan, Koordinasyon Kurulu Sekreteryas\u0131 Ahmet Varo\u011flu, Kuzey K\u0131br\u0131s T\u00fcrk Cumhuriyeti\u2019nde organ ba\u011f\u0131\u015f\u0131 kay\u0131t sistemi hakk\u0131nda bilgi vererek organ ba\u011f\u0131\u015f\u0131n\u0131n \u00f6nemine dikkat \u00e7ekti.<\/p>\n<p>Nefroloji Uzman\u0131 Dr. Ahmet Behl\u00fcl de, b\u00f6brek naklinin kronik b\u00f6brek hastal\u0131\u011f\u0131nda ya\u015fam kalitesini art\u0131rd\u0131\u011f\u0131na vurgu yaparak kat\u0131l\u0131mc\u0131lar\u0131n sorular\u0131n\u0131 yan\u0131tlad\u0131.<\/p>\n<p>-Hemodiyaliz hem\u015firelerine e\u011fitim program\u0131<\/p>\n<p>Diyaliz ve B\u00f6brek Hastal\u0131klar\u0131 Dayan\u0131\u015fma Derne\u011fi ile T\u00fcrk Nefroloji, Diyaliz ve Transplantasyon Hem\u015fireleri Derne\u011fi i\u015f birli\u011fiyle, ge\u00e7ti\u011fimiz Pazar hemodiyaliz hem\u015firelerinin kat\u0131l\u0131m\u0131yla bir e\u011fitim program\u0131 d\u00fczenlendi.<\/p>\n<p>T\u00fcrkiye\u2019den gelen uzmanlar\u0131n da destek verdi\u011fi bu e\u011fitimde, hastalara daha kaliteli bak\u0131m sunulmas\u0131 hedeflendi.<\/p>\n<p>E\u011fitim kapsam\u0131nda, Prof. Dr. \u00d6zcan G\u00fcre, diyaliz hastalar\u0131 i\u00e7in hayati \u00f6nem ta\u015f\u0131yan fist\u00fcl olu\u015fturulmas\u0131 ve korunmas\u0131 hakk\u0131nda bilgi verdi.<\/p>\n<p>Dernek a\u00e7\u0131klamas\u0131nda, e\u011fitime kat\u0131lan t\u00fcm hem\u015firelere, destek veren servis doktorlar\u0131na ve bilgilerini payla\u015fan T\u00fcrk Nefroloji, Diyaliz ve Transplantasyon Hem\u015fireleri Derne\u011fi \u00fcyelerine te\u015fekk\u00fcr edildi.<\/p>\n<p>-Periton diyaliz hastalar\u0131 i\u00e7in e\u011fitim program\u0131 da d\u00fczenlendi<\/p>\n<p>Ayn\u0131 g\u00fcn periton diyaliz hastalar\u0131 bir araya gelerek bilgilendirildi. Periton Hem\u015firesi \u00dclfet Kral, periton diyalizinde kar\u015f\u0131la\u015f\u0131lan sorunlar\u0131 ele al\u0131rken, M\u00fcr\u015fide Vergili kateter \u00e7\u0131k\u0131\u015f yeri bak\u0131m\u0131 ve peritonitler hakk\u0131nda bilgilendirme yapt\u0131.<\/p>\n<p>Ayr\u0131ca, Diyetisyen Serpil \u00d6zsoy G\u00f6kbilen, periton diyalizinde beslenmenin \u00f6nemini anlatarak hastalara sa\u011fl\u0131kl\u0131 beslenme konusunda rehberlik etti.<\/p>\n<p>Bu e\u011fitim program\u0131yla, periton diyalizi hastalar\u0131n\u0131n bilin\u00e7lenmesi ve daha kaliteli bir ya\u015fam s\u00fcrd\u00fcrebilmelerinin hedeflendi\u011fini kaydeden Diyaliz ve B\u00f6brek Hastalar\u0131 Dayan\u0131\u015fma Derne\u011fi, eme\u011fi ge\u00e7en herkese te\u015fekk\u00fcr ederek \u201cB\u00f6brek sa\u011fl\u0131\u011f\u0131n\u0131 korumak i\u00e7in \u00e7evremizi bilin\u00e7lendirelim, organ ba\u011f\u0131\u015f\u0131nda bulunarak hayat kurtaral\u0131m.\u201d \u00e7a\u011fr\u0131s\u0131 yapt\u0131.<\/p>\n<\/p><\/div>\n<p><script async\n                    defer\n                    crossorigin=\"anonymous\"\n                    src=\"https:\/\/connect.facebook.net\/tr_TR\/sdk.js#xfbml=1&#038;version=v3.3\"\n            ><\/script><br \/>\n<br \/><br \/>\n<br \/><a href=\"https:\/\/brtk.net\/dunya-bobrek-gunu-nedeniyle-farkindalik-egitimleri\/\"><\/a><\/p>\n","protected":false},"excerpt":{"rendered":"<p>Diyaliz ve B\u00f6brek Hastalar\u0131 Dayan\u0131\u015fma Derne\u011fi, D\u00fcnya B\u00f6brek G\u00fcn\u00fc nedeniyle fark\u0131ndal\u0131k e\u011fitimleri d\u00fczenledi. Dernekten verilen bilgiye g\u00f6re, Lefke Avrupa \u00dcniversitesi\u2019nde yer alan fark\u0131ndal\u0131k seminerinde, kronik b\u00f6brek hastal\u0131\u011f\u0131 ve tedavi s\u00fcre\u00e7leri hakk\u0131nda bilgiler payla\u015f\u0131ld\u0131. Seminerde, Dr. Salahi Ata\u00e7 kronik b\u00f6brek hastal\u0131\u011f\u0131n\u0131n tan\u0131s\u0131, tedavisi ve s\u00fcreci hakk\u0131nda bilgilendirme yapt\u0131. Tugay Kavuzkos da, hemodiyaliz tedavisi alm\u0131\u015f bir hasta [&hellip;]<\/p>\n","protected":false},"author":908,"featured_media":20340,"comment_status":"open","ping_status":"open","sticky":false,"template":"","format":"standard","meta":{"_jetpack_memberships_contains_paid_content":false,"footnotes":"","jetpack_publicize_message":"","jetpack_publicize_feature_enabled":true,"jetpack_social_post_already_shared":true,"jetpack_social_options":{"image_generator_settings":{"template":"highway","default_image_id":0,"font":"","enabled":false},"version":2}},"categories":[1],"tags":[],"class_list":["post-20339","post","type-post","status-publish","format-standard","has-post-thumbnail","hentry","category-saglik"],"jetpack_publicize_connections":[],"jetpack_featured_media_url":"https:\/\/kibrisayna.com\/wp-content\/uploads\/2025\/03\/1742371335707BOBREK-FARKINDALIK-1.jpg","jetpack_sharing_enabled":true,"_links":{"self":[{"href":"https:\/\/kibrisayna.com\/index.php\/wp-json\/wp\/v2\/posts\/20339","targetHints":{"allow":["GET"]}}],"collection":[{"href":"https:\/\/kibrisayna.com\/index.php\/wp-json\/wp\/v2\/posts"}],"about":[{"href":"https:\/\/kibrisayna.com\/index.php\/wp-json\/wp\/v2\/types\/post"}],"author":[{"embeddable":true,"href":"https:\/\/kibrisayna.com\/index.php\/wp-json\/wp\/v2\/users\/908"}],"replies":[{"embeddable":true,"href":"https:\/\/kibrisayna.com\/index.php\/wp-json\/wp\/v2\/comments?post=20339"}],"version-history":[{"count":0,"href":"https:\/\/kibrisayna.com\/index.php\/wp-json\/wp\/v2\/posts\/20339\/revisions"}],"wp:featuredmedia":[{"embeddable":true,"href":"https:\/\/kibrisayna.com\/index.php\/wp-json\/wp\/v2\/media\/20340"}],"wp:attachment":[{"href":"https:\/\/kibrisayna.com\/index.php\/wp-json\/wp\/v2\/media?parent=20339"}],"wp:term":[{"taxonomy":"category","embeddable":true,"href":"https:\/\/kibrisayna.com\/index.php\/wp-json\/wp\/v2\/categories?post=20339"},{"taxonomy":"post_tag","embeddable":true,"href":"https:\/\/kibrisayna.com\/index.php\/wp-json\/wp\/v2\/tags?post=20339"}],"curies":[{"name":"wp","href":"https:\/\/api.w.org\/{rel}","templated":true}]}}