{"id":20335,"date":"2025-03-19T11:50:13","date_gmt":"2025-03-19T08:50:13","guid":{"rendered":"https:\/\/kibrisayna.com\/index.php\/2025\/03\/19\/turkiyenin-burada-bizim-yanimizda-olmasi-bizim-icin-cok-onemliydi-brtk\/"},"modified":"2025-03-19T11:50:13","modified_gmt":"2025-03-19T08:50:13","slug":"turkiyenin-burada-bizim-yanimizda-olmasi-bizim-icin-cok-onemliydi-brtk","status":"publish","type":"post","link":"https:\/\/kibrisayna.com\/index.php\/2025\/03\/19\/turkiyenin-burada-bizim-yanimizda-olmasi-bizim-icin-cok-onemliydi-brtk\/","title":{"rendered":"\u201cT\u00fcrkiye\u2019nin burada bizim yan\u0131m\u0131zda olmas\u0131 bizim i\u00e7in \u00e7ok \u00f6nemliydi\u201d \u2013 BRTK"},"content":{"rendered":"<p> <br \/>\n<\/p>\n<div>\n<div class=\"mariselle-image-container center\">\n                <img loading=\"lazy\" decoding=\"async\" width=\"864\" height=\"486\" class=\"lazy-image\" alt=\"\" sizes=\"auto, (max-width: 864px) 100vw, 864px\" src=\"https:\/\/brtk.net\/wp-content\/uploads\/2025\/03\/19\/1742371966657thumbs_b_c_7076c151b0ef2f327925c818c678155c.jpg?ver=c854ad3188259bf18b5581e2c0d0fe11\" srcset=\"https:\/\/brtk.net\/wp-content\/uploads\/2025\/03\/19\/1742371966657thumbs_b_c_7076c151b0ef2f327925c818c678155c.jpg?ver=c854ad3188259bf18b5581e2c0d0fe11 864w, https:\/\/brtk.net\/wp-content\/uploads\/2025\/03\/19\/1742371966657thumbs_b_c_7076c151b0ef2f327925c818c678155c-300x169.jpg?ver=7ff6c36044c32869b3bbf0b7912c4a88 300w, https:\/\/brtk.net\/wp-content\/uploads\/2025\/03\/19\/1742371966657thumbs_b_c_7076c151b0ef2f327925c818c678155c-768x432.jpg?ver=7ff6c36044c32869b3bbf0b7912c4a88 768w\"\/>                            <\/div>\n<p>Cumhurba\u015fkan\u0131 Ersin Tatar, K\u0131br\u0131s\u2019ta taraflar aras\u0131nda ortak zemin olmad\u0131\u011f\u0131n\u0131 bile bile Birle\u015fmi\u015f Milletlerin (BM) kendilerini Cenevre\u2019ye davet etmesinin \u201ciki devlet siyasetlerinin bir yere geliyor oldu\u011fu\u201d anlam\u0131n\u0131 ta\u015f\u0131d\u0131\u011f\u0131n\u0131 bildirdi.<\/p>\n<p>Tatar, 17-18 Mart tarihlerinde Birle\u015fmi\u015f Milletler (BM) Genel Sekreteri Antonio Guterres\u2019in himayesinde Cenevre\u2019de d\u00fczenlenen geni\u015fletilmi\u015f formattaki K\u0131br\u0131s toplant\u0131s\u0131na ili\u015fkin, AA muhabirine de\u011ferlendirmelerde bulundu.<\/p>\n<p>\u00c7ok yap\u0131c\u0131 bir anlay\u0131\u015fla Cenevre\u2019de olduklar\u0131n\u0131 kaydeden Tatar, TC D\u0131\u015fi\u015fleri Bakan\u0131 Hakan Fidan ve ekibine, kendilerine verdikleri tam destekten dolay\u0131 te\u015fekk\u00fcr etti.<\/p>\n<p>Tatar, \u201cT\u00fcrkiye\u2019nin burada bizim yan\u0131m\u0131zda olmas\u0131 bizim i\u00e7in \u00e7ok \u00f6nemliydi.\u201d dedi.<\/p>\n<p>Uzun s\u00fcredir ikili g\u00f6r\u00fc\u015fmeden ziyade, anavatanlar\u0131n da kat\u0131laca\u011f\u0131 bir toplant\u0131da K\u0131br\u0131s T\u00fcrk\u00fc\u2019n\u00fcn daha g\u00fc\u00e7l\u00fc olabilece\u011fi, hak ve hukukunun korunabilece\u011fi bir ortam\u0131 tarif etti\u011fini hat\u0131rlatan Tatar, bu toplant\u0131n\u0131n b\u00f6yle bir ortamda ger\u00e7ekle\u015fti\u011fini bildirdi.<\/p>\n<p>\u2013 \u201c2021\u2019de ortak zemin olmad\u0131\u011f\u0131 ortaya \u00e7\u0131kt\u0131\u201d<\/p>\n<p>Tatar, 4 sene evvel yine gayriresmi bir toplant\u0131 i\u00e7in Cenevre\u2019ye geldiklerini an\u0131msatarak cumhurba\u015fkan\u0131 se\u00e7ilmesinden sonra ilk defa egemen e\u015fitlik ve uluslararas\u0131 stat\u00fc siyaseti g\u00fcndeme geldi\u011finde \u00e7ok tepkiler oldu\u011funu ifade etti.<\/p>\n<p>\u201cAncak neticede art\u0131k biz federasyon temelinde bir s\u00fcrece girmememiz gerekti\u011fini, hep onlar\u0131n bo\u015fa \u00e7\u0131kt\u0131\u011f\u0131n\u0131 ve Annan Plan\u0131\u2019nda neler ya\u015fand\u0131\u011f\u0131n\u0131 gayet iyi biliyoruz.\u201d diyen KKTC Cumhurba\u015fkan\u0131, Crans Montana\u2019da yine benzer \u015fekilde Rumlar\u0131n t\u00fcm \u00f6nerileri reddetti\u011fini, b\u00fct\u00fcn o f\u0131rsatlar\u0131n t\u00fcketildi\u011fini an\u0131msatt\u0131.<\/p>\n<p>Tatar, T\u00fcrkiye\u2019nin de tam deste\u011fiyle yeni bir sayfa a\u00e7t\u0131klar\u0131n\u0131 ve bug\u00fcnlere kadar geldiklerini ancak 2021\u2019de ortak zemin olmad\u0131\u011f\u0131n\u0131n ortaya \u00e7\u0131kt\u0131\u011f\u0131n\u0131 vurgulayarak \u015funlar\u0131 kaydetti:<\/p>\n<p>\u201cBug\u00fcn ortak zemin olmad\u0131\u011f\u0131n\u0131 bile bile yine bizi buraya davet ettilerse demek ki bizim iki devlet siyasetimiz bir yere geliyor demektir. K\u0131br\u0131s\u2019ta iki taraf\u0131n oldu\u011funu, iki halk\u0131n ve devletin i\u015f birli\u011fiyle ancak K\u0131br\u0131s\u2019ta nihayetinde bir \u00e7\u00f6z\u00fcm olacaksa bunun \u00f6ncesinde i\u015f birli\u011fi k\u00fclt\u00fcr\u00fcn\u00fcn geli\u015ftirilmesi laz\u0131m.\u201d<\/p>\n<p>Bug\u00fcn burada i\u015fbirli\u011fi k\u00fclt\u00fcr\u00fcn\u00fcn tohumlar\u0131n\u0131n at\u0131ld\u0131\u011f\u0131n\u0131 kaydeden Tatar, BM Genel Sekreteri\u2019nin ki\u015fisel temsilci atayarak bu s\u00fcrecin bir par\u00e7as\u0131 oldu\u011funu belirtti.<\/p>\n<p>Tatar, ara b\u00f6lgede g\u00fcne\u015f enerjisi, mezarl\u0131klar\u0131n d\u00fczenlenmesi ve di\u011fer konulardaki i\u015fbirlikleri i\u00e7in \u00e7al\u0131\u015fmalar\u0131n s\u00fcrece\u011fini belirtti.<\/p>\n<p>Ada\u2019da yeni ge\u00e7i\u015f kap\u0131lar\u0131n\u0131n a\u00e7\u0131lmas\u0131n\u0131n da g\u00fcndeme geldi\u011fini ve daha \u00f6nce kendisinin yapt\u0131\u011f\u0131, iki kap\u0131 a\u00e7\u0131lmas\u0131 \u00f6nerisinin kabul g\u00f6rmedi\u011fini hat\u0131rlatan Tatar, her iki taraf\u0131n hayr\u0131na olacak, ticaretin ve turizmin art\u0131r\u0131lmas\u0131, ge\u00e7i\u015flerin rahatlat\u0131lmas\u0131 hususunda kap\u0131lar\u0131n a\u00e7\u0131labilece\u011fini bildirdi.<\/p>\n<p>Tatar, \u201c(Genel Sekreter) D\u00f6rt kap\u0131n\u0131n a\u00e7\u0131labilece\u011fini s\u00f6yledi. Bunlar \u00f6nemli ad\u0131mlard\u0131r ve geli\u015fmelerdir.\u201d dedi.<\/p>\n<p>Cenevre\u2019de K\u0131br\u0131s meselesinde ileriye d\u00f6n\u00fck bir yol belirlenmesi i\u00e7in g\u00f6r\u00fc\u015f al\u0131\u015fveri\u015finde bulunulmas\u0131 \u00f6ng\u00f6r\u00fclen toplant\u0131, K\u0131br\u0131s T\u00fcrk ve Rum taraf\u0131n\u0131n yan\u0131 s\u0131ra garant\u00f6r \u00fclkeler T\u00fcrkiye, Yunanistan ve \u0130ngiltere\u2019nin temsilcilerini bir araya getirmi\u015fti.<\/p>\n<p>Toplant\u0131ya KKTC Cumhurba\u015fkan\u0131 Tatar, D\u0131\u015fi\u015fleri Bakan\u0131 Fidan, G\u00fcney K\u0131br\u0131s Rum Y\u00f6netimi lideri Nikos Hristodulidis, Yunanistan D\u0131\u015fi\u015fleri Bakan\u0131 Yorgo Gerapetritis ve Birle\u015fik Krall\u0131k D\u0131\u015fi\u015fleri Bakanl\u0131\u011f\u0131nda Avrupa ve Kuzey Amerika\u2019dan sorumlu Devlet Bakan\u0131 Stephen Doughty ile beraberindeki heyetler kat\u0131lm\u0131\u015ft\u0131.<\/p>\n<\/p><\/div>\n<p><script async\n                    defer\n                    crossorigin=\"anonymous\"\n                    src=\"https:\/\/connect.facebook.net\/tr_TR\/sdk.js#xfbml=1&#038;version=v3.3\"\n            ><\/script><br \/>\n<br \/><br \/>\n<br \/><a href=\"https:\/\/brtk.net\/cumhurbaskani-tatar-turkiyenin-burada-bizim-yanimizda-olmasi-bizim-icin-cok-onemliydi\/\">Kaynak BRT <\/a><\/p>\n","protected":false},"excerpt":{"rendered":"<p>Cumhurba\u015fkan\u0131 Ersin Tatar, K\u0131br\u0131s\u2019ta taraflar aras\u0131nda ortak zemin olmad\u0131\u011f\u0131n\u0131 bile bile Birle\u015fmi\u015f Milletlerin (BM) kendilerini Cenevre\u2019ye davet etmesinin \u201ciki devlet siyasetlerinin bir yere geliyor oldu\u011fu\u201d anlam\u0131n\u0131 ta\u015f\u0131d\u0131\u011f\u0131n\u0131 bildirdi. Tatar, 17-18 Mart tarihlerinde Birle\u015fmi\u015f Milletler (BM) Genel Sekreteri Antonio Guterres\u2019in himayesinde Cenevre\u2019de d\u00fczenlenen geni\u015fletilmi\u015f formattaki K\u0131br\u0131s toplant\u0131s\u0131na ili\u015fkin, AA muhabirine de\u011ferlendirmelerde bulundu. \u00c7ok yap\u0131c\u0131 bir anlay\u0131\u015fla [&hellip;]<\/p>\n","protected":false},"author":908,"featured_media":20336,"comment_status":"open","ping_status":"open","sticky":false,"template":"","format":"standard","meta":{"_jetpack_memberships_contains_paid_content":false,"footnotes":"","jetpack_publicize_message":"","jetpack_publicize_feature_enabled":true,"jetpack_social_post_already_shared":true,"jetpack_social_options":{"image_generator_settings":{"template":"highway","default_image_id":0,"font":"","enabled":false},"version":2}},"categories":[253],"tags":[],"class_list":["post-20335","post","type-post","status-publish","format-standard","has-post-thumbnail","hentry","category-gundem"],"jetpack_publicize_connections":[],"jetpack_featured_media_url":"https:\/\/kibrisayna.com\/wp-content\/uploads\/2025\/03\/1742371966657thumbs_b_c_7076c151b0ef2f327925c818c678155c.jpg","jetpack_sharing_enabled":true,"_links":{"self":[{"href":"https:\/\/kibrisayna.com\/index.php\/wp-json\/wp\/v2\/posts\/20335","targetHints":{"allow":["GET"]}}],"collection":[{"href":"https:\/\/kibrisayna.com\/index.php\/wp-json\/wp\/v2\/posts"}],"about":[{"href":"https:\/\/kibrisayna.com\/index.php\/wp-json\/wp\/v2\/types\/post"}],"author":[{"embeddable":true,"href":"https:\/\/kibrisayna.com\/index.php\/wp-json\/wp\/v2\/users\/908"}],"replies":[{"embeddable":true,"href":"https:\/\/kibrisayna.com\/index.php\/wp-json\/wp\/v2\/comments?post=20335"}],"version-history":[{"count":0,"href":"https:\/\/kibrisayna.com\/index.php\/wp-json\/wp\/v2\/posts\/20335\/revisions"}],"wp:featuredmedia":[{"embeddable":true,"href":"https:\/\/kibrisayna.com\/index.php\/wp-json\/wp\/v2\/media\/20336"}],"wp:attachment":[{"href":"https:\/\/kibrisayna.com\/index.php\/wp-json\/wp\/v2\/media?parent=20335"}],"wp:term":[{"taxonomy":"category","embeddable":true,"href":"https:\/\/kibrisayna.com\/index.php\/wp-json\/wp\/v2\/categories?post=20335"},{"taxonomy":"post_tag","embeddable":true,"href":"https:\/\/kibrisayna.com\/index.php\/wp-json\/wp\/v2\/tags?post=20335"}],"curies":[{"name":"wp","href":"https:\/\/api.w.org\/{rel}","templated":true}]}}