{"id":20333,"date":"2025-03-19T11:41:03","date_gmt":"2025-03-19T08:41:03","guid":{"rendered":"https:\/\/kibrisayna.com\/index.php\/2025\/03\/19\/cumhurbaskani-tatar-cenevreden-dondu-brtk\/"},"modified":"2025-03-19T11:41:03","modified_gmt":"2025-03-19T08:41:03","slug":"cumhurbaskani-tatar-cenevreden-dondu-brtk","status":"publish","type":"post","link":"https:\/\/kibrisayna.com\/index.php\/2025\/03\/19\/cumhurbaskani-tatar-cenevreden-dondu-brtk\/","title":{"rendered":"Cumhurba\u015fkan\u0131 Tatar, Cenevre\u2019den d\u00f6nd\u00fc \u2013 BRTK"},"content":{"rendered":"<p> <br \/>\n<\/p>\n<div>\n<div class=\"mariselle-image-container center\">\n                <img loading=\"lazy\" decoding=\"async\" width=\"1580\" height=\"1053\" class=\"lazy-image\" alt=\"\" sizes=\"auto, (max-width: 1580px) 100vw, 1580px\" src=\"https:\/\/brtk.net\/wp-content\/uploads\/2025\/03\/19\/1742372519089TATAR-CENEVREDEN-DONDU-1.jpg?ver=77cdbe8b95273ee513c87bf6dd74f5ab\" srcset=\"https:\/\/brtk.net\/wp-content\/uploads\/2025\/03\/19\/1742372519089TATAR-CENEVREDEN-DONDU-1.jpg?ver=77cdbe8b95273ee513c87bf6dd74f5ab 1580w, https:\/\/brtk.net\/wp-content\/uploads\/2025\/03\/19\/1742372519089TATAR-CENEVREDEN-DONDU-1-300x200.jpg?ver=f9d0c71228728d6a171f6aab66cb7466 300w, https:\/\/brtk.net\/wp-content\/uploads\/2025\/03\/19\/1742372519089TATAR-CENEVREDEN-DONDU-1-1024x682.jpg?ver=f9d0c71228728d6a171f6aab66cb7466 1024w, https:\/\/brtk.net\/wp-content\/uploads\/2025\/03\/19\/1742372519089TATAR-CENEVREDEN-DONDU-1-768x512.jpg?ver=f9d0c71228728d6a171f6aab66cb7466 768w, https:\/\/brtk.net\/wp-content\/uploads\/2025\/03\/19\/1742372519089TATAR-CENEVREDEN-DONDU-1-1536x1024.jpg?ver=0cfdb9e69a1f2fb136a5a44ede314d6e 1536w\"\/>                            <\/div>\n<p>BM Genel Sekreteri Antonio Guterres\u2019in ev sahipli\u011finde \u0130svi\u00e7re\u2019nin Cenevre kentinde yap\u0131lan 5+1 K\u0131br\u0131s zirvesine kat\u0131lan Cumhurba\u015fkan\u0131 Ersin Tatar, temaslar\u0131n\u0131 tamamlayarak bu sabah yurda d\u00f6nd\u00fc.<\/p>\n<p>Cumhurba\u015fkan\u0131 Tatar, Ercan Havaliman\u0131\u2019na var\u0131\u015f\u0131nda bas\u0131n toplant\u0131s\u0131 d\u00fczenledi.<\/p>\n<p>Tatar, son d\u00f6rt y\u0131lda \u00e7ok a\u015famalar kaydedildi\u011fini ve bu toplant\u0131ya da yeni milli siyasetle gittiklerini s\u00f6yledi.<\/p>\n<p>BM Genel Sekreteri Guterres\u2019in 2017\u2019deki Crans Montana zirvesinden beri ilk kez bir olumlu ad\u0131m at\u0131ld\u0131\u011f\u0131n\u0131 ve \u00fczerinde uzla\u015ft\u0131klar\u0131 8 maddelik i\u015f birli\u011fi konular\u0131n\u0131 a\u00e7\u0131klad\u0131\u011f\u0131na i\u015faret eden Cumhurba\u015fkan\u0131 Tatar, \u201cArt\u0131k K\u0131br\u0131s\u2019ta yeni bir yola girdi\u011fimizi bir bak\u0131ma Genel Sekreter de teyit etti \u00e7\u00fcnk\u00fc yeni bir atmosfer do\u011fdu\u011funu ifade etti.\u201d diye konu\u015ftu.<\/p>\n<p>Cumhurbakan\u0131 Tatar Cenevre zirvesiyle ilgili kendi de\u011ferlendirmesinin \u201cyeni bir sayfa a\u00e7\u0131ld\u0131\u011f\u0131 ve art\u0131k K\u0131br\u0131s\u2019ta iki taraf\u0131n i\u015f birli\u011fiyle iki tarafa fayda getirecek \u00e7al\u0131\u015fmalar\u0131n g\u00fcndemde olaca\u011f\u0131\u201d \u015feklinde oldu\u011funu ifade etti.<\/p>\n<p>Tatar, \u00fczerinde uzla\u015f\u0131lan konularda yard\u0131mc\u0131 olmak ve temmuzda yeni bir zirvenin organizasyonu i\u00e7in Genel Sekreter\u2019in bir \u00f6zel temsilci atayaca\u011f\u0131n\u0131 da kaydetti.<\/p>\n<\/p><\/div>\n<p><script async\n                    defer\n                    crossorigin=\"anonymous\"\n                    src=\"https:\/\/connect.facebook.net\/tr_TR\/sdk.js#xfbml=1&#038;version=v3.3\"\n            ><\/script><br \/>\n<br \/><br \/>\n<br \/><a href=\"https:\/\/brtk.net\/cumhurbaskani-tatar-cenevreden-dondu\/\">Kaynak BRT <\/a><\/p>\n","protected":false},"excerpt":{"rendered":"<p>BM Genel Sekreteri Antonio Guterres\u2019in ev sahipli\u011finde \u0130svi\u00e7re\u2019nin Cenevre kentinde yap\u0131lan 5+1 K\u0131br\u0131s zirvesine kat\u0131lan Cumhurba\u015fkan\u0131 Ersin Tatar, temaslar\u0131n\u0131 tamamlayarak bu sabah yurda d\u00f6nd\u00fc. Cumhurba\u015fkan\u0131 Tatar, Ercan Havaliman\u0131\u2019na var\u0131\u015f\u0131nda bas\u0131n toplant\u0131s\u0131 d\u00fczenledi. Tatar, son d\u00f6rt y\u0131lda \u00e7ok a\u015famalar kaydedildi\u011fini ve bu toplant\u0131ya da yeni milli siyasetle gittiklerini s\u00f6yledi. BM Genel Sekreteri Guterres\u2019in 2017\u2019deki Crans Montana [&hellip;]<\/p>\n","protected":false},"author":908,"featured_media":20334,"comment_status":"open","ping_status":"open","sticky":false,"template":"","format":"standard","meta":{"_jetpack_memberships_contains_paid_content":false,"footnotes":"","jetpack_publicize_message":"","jetpack_publicize_feature_enabled":true,"jetpack_social_post_already_shared":true,"jetpack_social_options":{"image_generator_settings":{"template":"highway","default_image_id":0,"font":"","enabled":false},"version":2}},"categories":[253],"tags":[],"class_list":["post-20333","post","type-post","status-publish","format-standard","has-post-thumbnail","hentry","category-gundem"],"jetpack_publicize_connections":[],"jetpack_featured_media_url":"https:\/\/kibrisayna.com\/wp-content\/uploads\/2025\/03\/1742372519089TATAR-CENEVREDEN-DONDU-1.jpg","jetpack_sharing_enabled":true,"_links":{"self":[{"href":"https:\/\/kibrisayna.com\/index.php\/wp-json\/wp\/v2\/posts\/20333","targetHints":{"allow":["GET"]}}],"collection":[{"href":"https:\/\/kibrisayna.com\/index.php\/wp-json\/wp\/v2\/posts"}],"about":[{"href":"https:\/\/kibrisayna.com\/index.php\/wp-json\/wp\/v2\/types\/post"}],"author":[{"embeddable":true,"href":"https:\/\/kibrisayna.com\/index.php\/wp-json\/wp\/v2\/users\/908"}],"replies":[{"embeddable":true,"href":"https:\/\/kibrisayna.com\/index.php\/wp-json\/wp\/v2\/comments?post=20333"}],"version-history":[{"count":0,"href":"https:\/\/kibrisayna.com\/index.php\/wp-json\/wp\/v2\/posts\/20333\/revisions"}],"wp:featuredmedia":[{"embeddable":true,"href":"https:\/\/kibrisayna.com\/index.php\/wp-json\/wp\/v2\/media\/20334"}],"wp:attachment":[{"href":"https:\/\/kibrisayna.com\/index.php\/wp-json\/wp\/v2\/media?parent=20333"}],"wp:term":[{"taxonomy":"category","embeddable":true,"href":"https:\/\/kibrisayna.com\/index.php\/wp-json\/wp\/v2\/categories?post=20333"},{"taxonomy":"post_tag","embeddable":true,"href":"https:\/\/kibrisayna.com\/index.php\/wp-json\/wp\/v2\/tags?post=20333"}],"curies":[{"name":"wp","href":"https:\/\/api.w.org\/{rel}","templated":true}]}}