{"id":20137,"date":"2025-03-17T14:24:43","date_gmt":"2025-03-17T11:24:43","guid":{"rendered":"https:\/\/kibrisayna.com\/index.php\/2025\/03\/17\/ctp-lefkosa-kadin-orgutu-baskanligina-yeniden-alev-sensoy-secildi-brtk\/"},"modified":"2025-03-17T14:24:43","modified_gmt":"2025-03-17T11:24:43","slug":"ctp-lefkosa-kadin-orgutu-baskanligina-yeniden-alev-sensoy-secildi-brtk","status":"publish","type":"post","link":"https:\/\/kibrisayna.com\/index.php\/2025\/03\/17\/ctp-lefkosa-kadin-orgutu-baskanligina-yeniden-alev-sensoy-secildi-brtk\/","title":{"rendered":"CTP Lefko\u015fa Kad\u0131n \u00d6rg\u00fct\u00fc Ba\u015fkanl\u0131\u011f\u0131\u2019na yeniden Alev \u015eensoy se\u00e7ildi \u2013 BRTK"},"content":{"rendered":"<p> <br \/>\n<\/p>\n<div>\n<div class=\"mariselle-image-container center\">\n                <img loading=\"lazy\" decoding=\"async\" width=\"1600\" height=\"900\" class=\"lazy-image\" alt=\"\" sizes=\"auto, (max-width: 1600px) 100vw, 1600px\" src=\"https:\/\/brtk.net\/wp-content\/uploads\/2025\/03\/17\/kjhk.jpg?ver=933c44e9c0d31f4cf7c2c5610e218ba1\" srcset=\"https:\/\/brtk.net\/wp-content\/uploads\/2025\/03\/17\/kjhk.jpg?ver=933c44e9c0d31f4cf7c2c5610e218ba1 1600w, https:\/\/brtk.net\/wp-content\/uploads\/2025\/03\/17\/kjhk-300x169.jpg?ver=0aff43695d6e49ae1a38e3e240294242 300w, https:\/\/brtk.net\/wp-content\/uploads\/2025\/03\/17\/kjhk-1024x576.jpg?ver=0aff43695d6e49ae1a38e3e240294242 1024w, https:\/\/brtk.net\/wp-content\/uploads\/2025\/03\/17\/kjhk-768x432.jpg?ver=0aff43695d6e49ae1a38e3e240294242 768w, https:\/\/brtk.net\/wp-content\/uploads\/2025\/03\/17\/kjhk-1536x864.jpg?ver=ec7a586268c9051e19eefa2366f48002 1536w\"\/>                            <\/div>\n<p>Cumhuriyet\u00e7i T\u00fcrk Partisi (CTP) Lefko\u015fa \u0130l\u00e7esi Kad\u0131n \u00d6rg\u00fct\u00fc, 15. Ola\u011fan Kongresi\u2019ni 14 Mart Cuma ak\u015fam\u0131 Lefko\u015fa \u0130l\u00e7e \u00d6rg\u00fct\u00fc binas\u0131nda ger\u00e7ekle\u015ftirdi. CTP Bas\u0131n B\u00fcrosu\u2019ndan yap\u0131lan a\u00e7\u0131klamaya g\u00f6re kongrede Alev \u015eensoy yeniden Ba\u015fkanl\u0131\u011fa se\u00e7ildi.<\/p>\n<p>Kongreye CTP Genel Ba\u015fkan\u0131 Tufan Erh\u00fcrman, Kad\u0131n \u00d6rg\u00fct\u00fc Ba\u015fkan\u0131 ve Milletvekili Do\u011fu\u015f Derya, CTP Lefko\u015fa \u0130l\u00e7e Ba\u015fkan\u0131 ve Milletvekili Devrim Bar\u00e7\u0131n, milletvekilleri Filiz Besim, S\u0131la Usar, \u00dcr\u00fcn Solyal\u0131, Sami \u00d6zuslu, Kad\u0131n MYK \u00fcyeleri, Lefko\u015fa \u0130l\u00e7esi Y\u00f6netim Kurulu \u00fcyeleri ve partililer kat\u0131ld\u0131.<\/p>\n<p>Kongre, demokrasi \u015fehitleri i\u00e7in yap\u0131lan sayg\u0131 duru\u015fuyla ba\u015flad\u0131. Ard\u0131ndan divan olu\u015fturularak konu\u015fmalara ge\u00e7ildi. CTP Lefko\u015fa Kad\u0131n \u00d6rg\u00fct\u00fc Ba\u015fkan\u0131 Alev \u015eensoy, Kad\u0131n \u00d6rg\u00fct\u00fc Ba\u015fkan\u0131 Do\u011fu\u015f Derya ve Genel Ba\u015fkan Tufan Erh\u00fcrman, yapt\u0131klar\u0131 konu\u015fmalarda kad\u0131n m\u00fccadelesinin \u00f6nemine vurgu yapt\u0131lar. \u00d6rg\u00fctl\u00fc m\u00fccadelenin g\u00fc\u00e7lendirilmesi ve daha fazla projenin hayata ge\u00e7irilmesi gerekti\u011fi ifade edildi.<\/p>\n<p>Faaliyet raporunun okunmas\u0131n\u0131n ard\u0131ndan organ se\u00e7imleri yap\u0131ld\u0131. Alev \u015eensoy\u2019un yeniden ba\u015fkanl\u0131\u011fa se\u00e7ildi\u011fi kongrede, y\u00f6netim kurulu \u00fcyeleri de belirlendi. Yeni y\u00f6netim \u015fu isimlerden olu\u015ftu: Ay\u015fen \u00c7etinsoy, Gamze Kirac\u0131o\u011flu, Naciye \u00d6zdo\u011fa, H\u00fclya Akbil, Serap Demirbilek, Ay\u015fe Y\u00fckselir Bur\u00e7el, Bengiz Ero\u011flu ve Hatice B\u00fcrge.<\/p>\n<p>Birlik, m\u00fccadele ve dayan\u0131\u015fma mesajlar\u0131n\u0131n verildi\u011fi kongrede, kad\u0131n haklar\u0131 ve toplumsal cinsiyet e\u015fitli\u011fi m\u00fccadelesinin kararl\u0131l\u0131kla s\u00fcrd\u00fcr\u00fclece\u011fi vurguland\u0131.<\/p>\n<\/p><\/div>\n<p><script async\n                    defer\n                    crossorigin=\"anonymous\"\n                    src=\"https:\/\/connect.facebook.net\/tr_TR\/sdk.js#xfbml=1&#038;version=v3.3\"\n            ><\/script><br \/>\n<br \/><br \/>\n<br \/><a href=\"https:\/\/brtk.net\/ctp-lefkosa-kadin-orgutu-baskanligina-yeniden-alev-sensoy-secildi\/\">Kaynak BRT <\/a><\/p>\n","protected":false},"excerpt":{"rendered":"<p>Cumhuriyet\u00e7i T\u00fcrk Partisi (CTP) Lefko\u015fa \u0130l\u00e7esi Kad\u0131n \u00d6rg\u00fct\u00fc, 15. Ola\u011fan Kongresi\u2019ni 14 Mart Cuma ak\u015fam\u0131 Lefko\u015fa \u0130l\u00e7e \u00d6rg\u00fct\u00fc binas\u0131nda ger\u00e7ekle\u015ftirdi. CTP Bas\u0131n B\u00fcrosu\u2019ndan yap\u0131lan a\u00e7\u0131klamaya g\u00f6re kongrede Alev \u015eensoy yeniden Ba\u015fkanl\u0131\u011fa se\u00e7ildi. Kongreye CTP Genel Ba\u015fkan\u0131 Tufan Erh\u00fcrman, Kad\u0131n \u00d6rg\u00fct\u00fc Ba\u015fkan\u0131 ve Milletvekili Do\u011fu\u015f Derya, CTP Lefko\u015fa \u0130l\u00e7e Ba\u015fkan\u0131 ve Milletvekili Devrim Bar\u00e7\u0131n, milletvekilleri Filiz [&hellip;]<\/p>\n","protected":false},"author":908,"featured_media":20138,"comment_status":"open","ping_status":"open","sticky":false,"template":"","format":"standard","meta":{"advanced_seo_description":"","jetpack_seo_html_title":"","jetpack_seo_noindex":false,"jetpack_seo_schema_type":"","_jetpack_newsletter_access":"","_jetpack_dont_email_post_to_subs":false,"_jetpack_newsletter_tier_id":0,"_jetpack_memberships_contains_paywalled_content":false,"_jetpack_feature_clip_id":0,"_jetpack_memberships_contains_paid_content":false,"footnotes":"","jetpack_publicize_message":"","jetpack_publicize_feature_enabled":true,"jetpack_social_post_already_shared":true,"jetpack_social_options":{"image_generator_settings":{"template":"highway","default_image_id":0,"font":"","enabled":false},"version":2},"jetpack_post_was_ever_published":false},"categories":[253],"tags":[],"class_list":["post-20137","post","type-post","status-publish","format-standard","has-post-thumbnail","hentry","category-gundem"],"jetpack_publicize_connections":[],"jetpack_featured_media_url":"https:\/\/kibrisayna.com\/wp-content\/uploads\/2025\/03\/kjhk.jpg","jetpack_sharing_enabled":true,"_links":{"self":[{"href":"https:\/\/kibrisayna.com\/index.php\/wp-json\/wp\/v2\/posts\/20137","targetHints":{"allow":["GET"]}}],"collection":[{"href":"https:\/\/kibrisayna.com\/index.php\/wp-json\/wp\/v2\/posts"}],"about":[{"href":"https:\/\/kibrisayna.com\/index.php\/wp-json\/wp\/v2\/types\/post"}],"author":[{"embeddable":true,"href":"https:\/\/kibrisayna.com\/index.php\/wp-json\/wp\/v2\/users\/908"}],"replies":[{"embeddable":true,"href":"https:\/\/kibrisayna.com\/index.php\/wp-json\/wp\/v2\/comments?post=20137"}],"version-history":[{"count":0,"href":"https:\/\/kibrisayna.com\/index.php\/wp-json\/wp\/v2\/posts\/20137\/revisions"}],"wp:featuredmedia":[{"embeddable":true,"href":"https:\/\/kibrisayna.com\/index.php\/wp-json\/wp\/v2\/media\/20138"}],"wp:attachment":[{"href":"https:\/\/kibrisayna.com\/index.php\/wp-json\/wp\/v2\/media?parent=20137"}],"wp:term":[{"taxonomy":"category","embeddable":true,"href":"https:\/\/kibrisayna.com\/index.php\/wp-json\/wp\/v2\/categories?post=20137"},{"taxonomy":"post_tag","embeddable":true,"href":"https:\/\/kibrisayna.com\/index.php\/wp-json\/wp\/v2\/tags?post=20137"}],"curies":[{"name":"wp","href":"https:\/\/api.w.org\/{rel}","templated":true}]}}