{"id":20098,"date":"2025-03-16T22:51:32","date_gmt":"2025-03-16T19:51:32","guid":{"rendered":"https:\/\/kibrisayna.com\/index.php\/2025\/03\/16\/ktosdisiplin-tuzugu-degisikligiyle-okullarda-basortusu-kullanimina-iliskin-yeni-bir-duzenleme-getirilmesi-kabul-edilemez-brtk\/"},"modified":"2025-03-16T22:51:32","modified_gmt":"2025-03-16T19:51:32","slug":"ktosdisiplin-tuzugu-degisikligiyle-okullarda-basortusu-kullanimina-iliskin-yeni-bir-duzenleme-getirilmesi-kabul-edilemez-brtk","status":"publish","type":"post","link":"https:\/\/kibrisayna.com\/index.php\/2025\/03\/16\/ktosdisiplin-tuzugu-degisikligiyle-okullarda-basortusu-kullanimina-iliskin-yeni-bir-duzenleme-getirilmesi-kabul-edilemez-brtk\/","title":{"rendered":"KT\u00d6S:Disiplin t\u00fcz\u00fc\u011f\u00fc de\u011fi\u015fikli\u011fiyle, okullarda ba\u015f\u00f6rt\u00fcs\u00fc kullan\u0131m\u0131na ili\u015fkin yeni bir d\u00fczenleme getirilmesi kabul edilemez \u2013 BRTK"},"content":{"rendered":"<p> <br \/>\n<\/p>\n<div>\n<div class=\"mariselle-image-container center\">\n                <img loading=\"lazy\" decoding=\"async\" width=\"2560\" height=\"1704\" class=\"lazy-image\" alt=\"\" sizes=\"auto, (max-width: 2560px) 100vw, 2560px\" src=\"https:\/\/brtk.net\/wp-content\/uploads\/2025\/03\/16\/1742136404836burak-mavis-411-scaled.jpg?ver=df4e076f3a591c6c4f8d7eb5f69e0d64\" srcset=\"https:\/\/brtk.net\/wp-content\/uploads\/2025\/03\/16\/1742136404836burak-mavis-411-scaled.jpg?ver=df4e076f3a591c6c4f8d7eb5f69e0d64 2560w, https:\/\/brtk.net\/wp-content\/uploads\/2025\/03\/16\/1742136404836burak-mavis-411-300x200.jpg?ver=f40020625ee9da0f0f0641ef706f3faf 300w, https:\/\/brtk.net\/wp-content\/uploads\/2025\/03\/16\/1742136404836burak-mavis-411-1024x682.jpg?ver=4e124c45253b6ac94c8723f8b05e73cf 1024w, https:\/\/brtk.net\/wp-content\/uploads\/2025\/03\/16\/1742136404836burak-mavis-411-768x511.jpg?ver=4e124c45253b6ac94c8723f8b05e73cf 768w, https:\/\/brtk.net\/wp-content\/uploads\/2025\/03\/16\/1742136404836burak-mavis-411-1536x1022.jpg?ver=d8738b4ece6ee264bf94ee64174489f7 1536w, https:\/\/brtk.net\/wp-content\/uploads\/2025\/03\/16\/1742136404836burak-mavis-411-2048x1363.jpg?ver=30b6a58b28084c13b84419ff0bc2dbc3 2048w\"\/>                            <\/div>\n<p>K\u0131br\u0131s T\u00fcrk \u00d6\u011fretmenler Sendikas\u0131 (KT\u00d6S), Milli E\u011fitim Bakanl\u0131\u011f\u0131\u2019n\u0131n disiplin t\u00fcz\u00fc\u011f\u00fc de\u011fi\u015fikli\u011fiyle, okullarda ba\u015f\u00f6rt\u00fcs\u00fc kullan\u0131m\u0131na ili\u015fkin yeni bir d\u00fczenleme getirmesinin kabul edilemez oldu\u011funu belirterek, bunun hukuksuz bir s\u00fcre\u00e7le yap\u0131ld\u0131\u011f\u0131, laiklik ilkesine ayk\u0131r\u0131 oldu\u011fu ve \u00e7ocuk haklar\u0131 a\u00e7\u0131s\u0131ndan sorun yaratt\u0131\u011f\u0131 g\u00f6r\u00fc\u015f\u00fcn\u00fc ifade etti.<\/p>\n<p>De\u011fi\u015fikli\u011fin derhal geri \u00e7ekilmesini isteyen KT\u00d6S;  \u201cE\u011fer E\u011fitim Bakanl\u0131\u011f\u0131 bu tavr\u0131n\u0131 s\u00fcrd\u00fcr\u00fcrse, e\u011fitim sendikalar\u0131 ile birlikte her t\u00fcrl\u00fc hukuki ve sendikal m\u00fccadeleyi ba\u015flataca\u011f\u0131m\u0131z\u0131 kamuoyuna duyururuz\u201d dedi.<\/p>\n<p>-\u201cE\u011fitim hukukun \u00fcst\u00fcnl\u00fc\u011f\u00fc, laiklik ve bilimsel ilkeler temelinde \u015fekillendirilmeli\u201d<\/p>\n<p>KT\u00d6S Genel Sekreteri Burak Mavi\u015f yaz\u0131l\u0131 a\u00e7\u0131klamas\u0131nda, e\u011fitimin hukukun \u00fcst\u00fcnl\u00fc\u011f\u00fc, laiklik ve bilimsel ilkeler temelinde \u015fekillendirilmesi gereken bir kamusal hizmet oldu\u011funu vurgulad\u0131. Mavi\u015f, ancak E\u011fitim Bakanl\u0131\u011f\u0131\u2019n\u0131n d\u00fczenlemeyi \u201chukuku ve demokratik s\u00fcre\u00e7leri yok sayarak yapt\u0131\u011f\u0131n\u0131 ve  bunun y\u00f6ntemiyle de kabul edilemez oldu\u011funu\u201d belirtti.<\/p>\n<p>-\u201cE\u011fitim sistemi Teknik Kurul ve Y\u00fcksek Dan\u0131\u015fma Kurulu\u2019nun g\u00f6zetiminde y\u00f6netilmek zorundad\u0131r\u201d<\/p>\n<p>\u00dclkedeki e\u011fitim sisteminin, \u00d6\u011fretmenler Yasas\u0131 uyar\u0131nca kurulan Teknik Kurul ve Y\u00fcksek Dan\u0131\u015fma Kurulu\u2019nun g\u00f6zetiminde y\u00f6netilmek zorunda oldu\u011funu belirten Mavi\u015f, \u201cE\u011fitimle ilgili t\u00fcm yasa, t\u00fcz\u00fck ve y\u00f6netmelik de\u011fi\u015fiklikleri, Teknik Kurul\u2019un onay\u0131ndan ge\u00e7melidir. Bakanl\u0131k, e\u011fitim politikalar\u0131n\u0131 keyfi bir \u015fekilde belirleyemez\u201d dedi. Mavi\u015f, de\u011fi\u015fikli\u011fin sendikalar ve di\u011fer e\u011fitim payda\u015flar\u0131n\u0131n g\u00f6r\u00fc\u015f\u00fc al\u0131nmadan yap\u0131ld\u0131\u011f\u0131na da dikkat \u00e7ekerek de\u011fi\u015fikli\u011fin ge\u00e7ersiz oldu\u011funu savundu.<\/p>\n<p>-\u201cLaiklik ilkesine ayk\u0131r\u0131\u201d<\/p>\n<p>D\u00fczenlemenin laiklik ilkesine ayk\u0131r\u0131 oldu\u011funu kaydeden Mavi\u015f,  \u201cAnayasa\u2019n\u0131n 1. maddesi a\u00e7\u0131kt\u0131r.  Devletin dini yoktur, laik bir cumhuriyettir. Devletin laik yap\u0131s\u0131, e\u011fitim sisteminde hi\u00e7bir dini y\u00f6nlendirmenin veya dini sembollerin kurumsal d\u00fczeyde te\u015fvik edilmemesi gerekti\u011fini ortaya koymaktad\u0131r. Okullar, bireysel dini inan\u00e7lara mesafeli olmal\u0131d\u0131r ve devlet eliyle yap\u0131lan d\u00fczenlemeler de e\u011fitimi dini referanslarla y\u00f6netme riskini do\u011furmamal\u0131d\u0131r\u201d ifadelerini kulland\u0131.<\/p>\n<p>-\u201c\u00c7ocuk haklar\u0131 a\u00e7\u0131s\u0131ndan da sorunlu\u201d<\/p>\n<p>Disiplin t\u00fcz\u00fc\u011f\u00fc de\u011fi\u015fikli\u011fini \u201c\u00e7ocuk haklar\u0131 a\u00e7\u0131s\u0131ndan da sorunlu\u201d olarak de\u011ferlendiren Mavi\u015f, \u015funlar\u0131 kaydetti:<\/p>\n<p>\u201c\u00c7ocuk Haklar\u0131 S\u00f6zle\u015fmesi\u2019ne g\u00f6re, \u00e7ocuklar\u0131n \u00f6zg\u00fcr iradeleri ile karar alabilmeleri sa\u011flanmal\u0131d\u0131r.<br \/>Bu d\u00fczenleme, \u00e7ocuklar\u0131 dini kimlikler \u00fczerinden bir ayr\u0131\u015fmaya s\u00fcr\u00fckleyebilecek, toplumsal bask\u0131lar\u0131 art\u0131rabilecek bir nitelik ta\u015f\u0131maktad\u0131r. Bireysel \u00f6zg\u00fcrl\u00fcklerle ilgili kararlar, pedagojik, bilimsel ve \u00e7ocuk haklar\u0131na dayal\u0131 bir \u00e7er\u00e7evede ele al\u0131nmal\u0131d\u0131r. Bu d\u00fczenleme \u00e7ocuklar\u0131n \u00f6zg\u00fcr iradesine dayal\u0131 bir hak de\u011fil, onlar\u0131n erken ya\u015fta belirli kal\u0131plara zorlanmas\u0131n\u0131n \u00f6n\u00fcn\u00fc a\u00e7abilecek bir karar olarak g\u00f6r\u00fclmelidir.\u201d<\/p>\n<p>\u201cOlgunluk \u00e7a\u011f\u0131na gelmi\u015f her \u00e7ocu\u011fun ve \u00f6\u011fretmenin inan\u00e7 veya k\u0131l\u0131k k\u0131yafet \u00f6zg\u00fcrl\u00fc\u011f\u00fcn\u00fc savunaca\u011f\u0131m\u0131z gibi \u00f6\u011frencilerin ve \u00f6\u011fretmenlerin ya\u015fam tarz\u0131na m\u00fcdahale edilmesine, e\u011fitimde dini veya ideolojik y\u00f6nlendirmeye kar\u015f\u0131 birlik ve b\u00fct\u00fcnl\u00fck i\u00e7inde m\u00fccadele edece\u011fiz\u201d diyen Mavi\u015f,  tarafs\u0131zl\u0131k ve yans\u0131zl\u0131k ilkesinin olmazsa olmazlar\u0131 oldu\u011funu kaydetti.<\/p>\n<p>-\u201cToplumsal de\u011ferler ve yasalar\u2026\u201d<\/p>\n<p>Toplumsal de\u011ferlerinin ve yasalar\u0131n din ve vicdan \u00f6zg\u00fcrl\u00fc\u011f\u00fcn\u00fc dikkate ald\u0131\u011f\u0131n\u0131, ho\u015fg\u00f6r\u00fc \u00e7er\u00e7evesinde  ki\u015filerin inan\u00e7 ve ibadetlerini yerine getirmesini f\u0131rsat tan\u0131d\u0131\u011f\u0131n\u0131 vurgulayan Mavi\u015f,  \u201cFarkl\u0131 k\u00fclt\u00fcrlerden gelen \u00f6\u011frencilerimiz dil, din, \u0131rk, siyasal d\u00fc\u015f\u00fcnce, felsefi inan\u00e7 ve mezhep ay\u0131r\u0131m\u0131 yapmadan ve taraf tutmadan e\u011fitim sistemi i\u00e7erisinde okullarda e\u015fitlenmektedirler. \u00d6\u011fretmenlerimiz bu e\u015fitli\u011fi bozmayacak ve kapsay\u0131c\u0131 bir tav\u0131rla sorumluluklar\u0131n\u0131 yerine getireceklerdir. Bu noktada \u00f6\u011fretmenlerimizin yans\u0131zl\u0131k \u00f6devine ba\u011fl\u0131 olarak g\u00f6revini ifa edece\u011fine g\u00fcvenimiz tamd\u0131r\u201d dedi.<\/p>\n<p>Bu t\u00fcr tart\u0131\u015fmalar\u0131n \u00fclkeyi b\u00f6lme, kaosa s\u00fcr\u00fckleme, cephele\u015ftirme, vatanda\u015flar\u0131 \u00f6tekile\u015ftirme ve ayr\u0131mc\u0131l\u0131\u011fa maruz b\u0131rakma riski ta\u015f\u0131d\u0131\u011f\u0131n\u0131n dikkate al\u0131nmas\u0131 gerekti\u011fini kaydeden Mavi\u015f, bu tart\u0131\u015fmalar\u0131n dini ekonomik ve siyasi bir \u00f6rg\u00fctlenme arac\u0131 olarak kullan\u0131lmas\u0131na  m\u00fcsaade etmeyeceklerini kaydetti.<\/p>\n<p>-\u201cI\u015f\u0131\u011f\u0131m\u0131z Atat\u00fcrk\u2019t\u00fcr\u2026\u201d<\/p>\n<p>\u201cI\u015f\u0131\u011f\u0131m\u0131z Atat\u00fcrk\u2019t\u00fcr\u201d vurgusu yapan Mavi\u015f, \u201cOkullar bizimdir, neferi \u00f6\u011fretmendir, \u0131\u015f\u0131\u011f\u0131m\u0131z Atat\u00fcrk\u2019t\u00fcr. Son s\u00f6z\u00fc \u00f6\u011fretmen s\u00f6yleyecek. Hi\u00e7bir kural veya t\u00fcz\u00fck \u00f6\u011fretmenin yans\u0131zl\u0131k \u00f6devinden \u00fcst\u00fcn de\u011fildir. Hi\u00e7bir talep \u00e7ocuklar aras\u0131nda ayr\u0131mc\u0131l\u0131k veya ayr\u0131cal\u0131k yaratamaz, me\u015fru de\u011fildir\u201d ifadelerini kulland\u0131.<\/p>\n<\/p><\/div>\n<p><script async\n                    defer\n                    crossorigin=\"anonymous\"\n                    src=\"https:\/\/connect.facebook.net\/tr_TR\/sdk.js#xfbml=1&#038;version=v3.3\"\n            ><\/script><br \/>\n<br \/><br \/>\n<br \/><a href=\"https:\/\/brtk.net\/ktosdisiplin-tuzugu-degisikligiyle-okullarda-basortusu-kullanimina-iliskin-yeni-bir-duzenleme-getirilmesi-kabul-edilemez\/\">Kaynak BRT <\/a><\/p>\n","protected":false},"excerpt":{"rendered":"<p>K\u0131br\u0131s T\u00fcrk \u00d6\u011fretmenler Sendikas\u0131 (KT\u00d6S), Milli E\u011fitim Bakanl\u0131\u011f\u0131\u2019n\u0131n disiplin t\u00fcz\u00fc\u011f\u00fc de\u011fi\u015fikli\u011fiyle, okullarda ba\u015f\u00f6rt\u00fcs\u00fc kullan\u0131m\u0131na ili\u015fkin yeni bir d\u00fczenleme getirmesinin kabul edilemez oldu\u011funu belirterek, bunun hukuksuz bir s\u00fcre\u00e7le yap\u0131ld\u0131\u011f\u0131, laiklik ilkesine ayk\u0131r\u0131 oldu\u011fu ve \u00e7ocuk haklar\u0131 a\u00e7\u0131s\u0131ndan sorun yaratt\u0131\u011f\u0131 g\u00f6r\u00fc\u015f\u00fcn\u00fc ifade etti. De\u011fi\u015fikli\u011fin derhal geri \u00e7ekilmesini isteyen KT\u00d6S; \u201cE\u011fer E\u011fitim Bakanl\u0131\u011f\u0131 bu tavr\u0131n\u0131 s\u00fcrd\u00fcr\u00fcrse, e\u011fitim sendikalar\u0131 [&hellip;]<\/p>\n","protected":false},"author":908,"featured_media":20099,"comment_status":"open","ping_status":"open","sticky":false,"template":"","format":"standard","meta":{"_jetpack_memberships_contains_paid_content":false,"footnotes":"","jetpack_publicize_message":"","jetpack_publicize_feature_enabled":true,"jetpack_social_post_already_shared":true,"jetpack_social_options":{"image_generator_settings":{"template":"highway","default_image_id":0,"font":"","enabled":false},"version":2}},"categories":[253],"tags":[],"class_list":["post-20098","post","type-post","status-publish","format-standard","has-post-thumbnail","hentry","category-gundem"],"jetpack_publicize_connections":[],"jetpack_featured_media_url":"https:\/\/kibrisayna.com\/wp-content\/uploads\/2025\/03\/1742136404836burak-mavis-411-scaled.jpg","jetpack_sharing_enabled":true,"_links":{"self":[{"href":"https:\/\/kibrisayna.com\/index.php\/wp-json\/wp\/v2\/posts\/20098","targetHints":{"allow":["GET"]}}],"collection":[{"href":"https:\/\/kibrisayna.com\/index.php\/wp-json\/wp\/v2\/posts"}],"about":[{"href":"https:\/\/kibrisayna.com\/index.php\/wp-json\/wp\/v2\/types\/post"}],"author":[{"embeddable":true,"href":"https:\/\/kibrisayna.com\/index.php\/wp-json\/wp\/v2\/users\/908"}],"replies":[{"embeddable":true,"href":"https:\/\/kibrisayna.com\/index.php\/wp-json\/wp\/v2\/comments?post=20098"}],"version-history":[{"count":0,"href":"https:\/\/kibrisayna.com\/index.php\/wp-json\/wp\/v2\/posts\/20098\/revisions"}],"wp:featuredmedia":[{"embeddable":true,"href":"https:\/\/kibrisayna.com\/index.php\/wp-json\/wp\/v2\/media\/20099"}],"wp:attachment":[{"href":"https:\/\/kibrisayna.com\/index.php\/wp-json\/wp\/v2\/media?parent=20098"}],"wp:term":[{"taxonomy":"category","embeddable":true,"href":"https:\/\/kibrisayna.com\/index.php\/wp-json\/wp\/v2\/categories?post=20098"},{"taxonomy":"post_tag","embeddable":true,"href":"https:\/\/kibrisayna.com\/index.php\/wp-json\/wp\/v2\/tags?post=20098"}],"curies":[{"name":"wp","href":"https:\/\/api.w.org\/{rel}","templated":true}]}}