{"id":20085,"date":"2025-03-16T20:27:06","date_gmt":"2025-03-16T17:27:06","guid":{"rendered":"https:\/\/kibrisayna.com\/index.php\/2025\/03\/16\/seracilar-birligi-baskani-veli-bayir-sebze-ekim-takvimi-ve-seracilar-birliginin-sorunlari-ile-ilgili-brtye-bilgi-verdi-brtk\/"},"modified":"2025-03-16T20:27:06","modified_gmt":"2025-03-16T17:27:06","slug":"seracilar-birligi-baskani-veli-bayir-sebze-ekim-takvimi-ve-seracilar-birliginin-sorunlari-ile-ilgili-brtye-bilgi-verdi-brtk","status":"publish","type":"post","link":"https:\/\/kibrisayna.com\/index.php\/2025\/03\/16\/seracilar-birligi-baskani-veli-bayir-sebze-ekim-takvimi-ve-seracilar-birliginin-sorunlari-ile-ilgili-brtye-bilgi-verdi-brtk\/","title":{"rendered":"Serac\u0131lar Birli\u011fi Ba\u015fkan\u0131 Veli Bay\u0131r, sebze ekim takvimi ve Serac\u0131lar Birli\u011fi\u2019nin sorunlar\u0131 ile ilgili BRT\u2019ye bilgi verdi \u2013 BRTK"},"content":{"rendered":"<p> <br \/>\n<\/p>\n<div>\n<p>Sebze ekimi yaparken mevsim \u015fartlar\u0131n\u0131 g\u00f6z \u00f6n\u00fcnde bulundurmak, bitkilerin verimli olmas\u0131 a\u00e7\u0131s\u0131ndan \u00f6nem ta\u015f\u0131yor. <\/p>\n<p>\tBRT ekibinin hangi sebzenin ne zaman ekilebilece\u011fi konusunda yapt\u0131\u011f\u0131 ara\u015ft\u0131rmaya g\u00f6re; Mart ve Nisan aylar\u0131, domates, biber, patl\u0131can, fasulye, salatal\u0131k, kabak, havu\u00e7, lahana gibi sebzelerin ekiminin yap\u0131lmas\u0131 i\u00e7in en ideal d\u00f6nem.. <\/p>\n<p>\tSo\u011fuk hava \u015fartlar\u0131na dayan\u0131kl\u0131 olan sebzelerin ba\u015f\u0131nda ise roka, tere, dereotu ve sar\u0131msak geliyor.. Bu sebzelerin ekimi Ocak ve \u015eubat aylar\u0131nda tercih ediliyor.<\/p>\n<p> \tSerac\u0131lar Birli\u011fi Ba\u015fkan\u0131 Veli Bay\u0131r, sebze ekim takvimi ve Serac\u0131lar Birli\u011fi\u2019nin sorunlar\u0131 ile ilgili BRT\u2019ye bilgi verdi.<br \/>Sera yeti\u015ftiricili\u011finin 20 A\u011fustos tarihinde ba\u015flay\u0131p Eyl\u00fcl, Ekim, Kas\u0131m aylar\u0131na kadar s\u00fcrebilece\u011fini belirten Bay\u0131r, ekimlerin Haziran ay\u0131nda son buldu\u011funu s\u00f6yledi.<\/p>\n<p>A\u00e7\u0131\u011fa ekimlerin 15 Mart\u2019ta ba\u015flay\u0131p Eyl\u00fcl Ekim aylar\u0131na kadar devam edebilece\u011fini kaydeden Bay\u0131r, \u00f6zellikle Mart ay\u0131nda pek \u00e7ok \u00fcr\u00fcn\u00fcn ekilebilece\u011fini dile getirdi.<\/p>\n<p>Veli Bay\u0131r \u015fu anda  biber, domates, kavun, b\u00f6r\u00fclce, gibi \u00fcr\u00fcnlerin yan\u0131s\u0131ra her t\u00fcrl\u00fc meyve a\u011fac\u0131n\u0131n dikim i\u015fleminin de yap\u0131labilece\u011fini belirtti.<\/p>\n<p> \tSerac\u0131lar Birli\u011fi\u2019nin sorunlar\u0131n\u0131 da dile getiren Bay\u0131r, Birlik Binas\u0131na ihtiya\u00e7 oldu\u011funu belirtti ve yetkililerden bu konuda destek istedi.<\/p>\n<\/p><\/div>\n<p><script async\n                    defer\n                    crossorigin=\"anonymous\"\n                    src=\"https:\/\/connect.facebook.net\/tr_TR\/sdk.js#xfbml=1&#038;version=v3.3\"\n            ><\/script><br \/>\n<br \/><br \/>\n<br \/><a href=\"https:\/\/brtk.net\/seracilar-birligi-baskani-veli-bayir-sebze-ekim-takvimi-ve-seracilar-birliginin-sorunlari-ile-ilgili-brtye-bilgi-verdi\/\">Kaynak BRT <\/a><\/p>\n","protected":false},"excerpt":{"rendered":"<p>Sebze ekimi yaparken mevsim \u015fartlar\u0131n\u0131 g\u00f6z \u00f6n\u00fcnde bulundurmak, bitkilerin verimli olmas\u0131 a\u00e7\u0131s\u0131ndan \u00f6nem ta\u015f\u0131yor. BRT ekibinin hangi sebzenin ne zaman ekilebilece\u011fi konusunda yapt\u0131\u011f\u0131 ara\u015ft\u0131rmaya g\u00f6re; Mart ve Nisan aylar\u0131, domates, biber, patl\u0131can, fasulye, salatal\u0131k, kabak, havu\u00e7, lahana gibi sebzelerin ekiminin yap\u0131lmas\u0131 i\u00e7in en ideal d\u00f6nem.. So\u011fuk hava \u015fartlar\u0131na dayan\u0131kl\u0131 olan sebzelerin ba\u015f\u0131nda ise roka, tere, [&hellip;]<\/p>\n","protected":false},"author":908,"featured_media":20086,"comment_status":"open","ping_status":"open","sticky":false,"template":"","format":"standard","meta":{"_jetpack_memberships_contains_paid_content":false,"footnotes":"","jetpack_publicize_message":"","jetpack_publicize_feature_enabled":true,"jetpack_social_post_already_shared":true,"jetpack_social_options":{"image_generator_settings":{"template":"highway","default_image_id":0,"font":"","enabled":false},"version":2}},"categories":[253],"tags":[],"class_list":["post-20085","post","type-post","status-publish","format-standard","has-post-thumbnail","hentry","category-gundem"],"jetpack_publicize_connections":[],"jetpack_featured_media_url":"https:\/\/kibrisayna.com\/wp-content\/uploads\/2025\/03\/slakssadlsaksdsa.jpg","jetpack_sharing_enabled":true,"_links":{"self":[{"href":"https:\/\/kibrisayna.com\/index.php\/wp-json\/wp\/v2\/posts\/20085","targetHints":{"allow":["GET"]}}],"collection":[{"href":"https:\/\/kibrisayna.com\/index.php\/wp-json\/wp\/v2\/posts"}],"about":[{"href":"https:\/\/kibrisayna.com\/index.php\/wp-json\/wp\/v2\/types\/post"}],"author":[{"embeddable":true,"href":"https:\/\/kibrisayna.com\/index.php\/wp-json\/wp\/v2\/users\/908"}],"replies":[{"embeddable":true,"href":"https:\/\/kibrisayna.com\/index.php\/wp-json\/wp\/v2\/comments?post=20085"}],"version-history":[{"count":0,"href":"https:\/\/kibrisayna.com\/index.php\/wp-json\/wp\/v2\/posts\/20085\/revisions"}],"wp:featuredmedia":[{"embeddable":true,"href":"https:\/\/kibrisayna.com\/index.php\/wp-json\/wp\/v2\/media\/20086"}],"wp:attachment":[{"href":"https:\/\/kibrisayna.com\/index.php\/wp-json\/wp\/v2\/media?parent=20085"}],"wp:term":[{"taxonomy":"category","embeddable":true,"href":"https:\/\/kibrisayna.com\/index.php\/wp-json\/wp\/v2\/categories?post=20085"},{"taxonomy":"post_tag","embeddable":true,"href":"https:\/\/kibrisayna.com\/index.php\/wp-json\/wp\/v2\/tags?post=20085"}],"curies":[{"name":"wp","href":"https:\/\/api.w.org\/{rel}","templated":true}]}}