{"id":20040,"date":"2025-03-16T14:05:06","date_gmt":"2025-03-16T11:05:06","guid":{"rendered":"https:\/\/kibrisayna.com\/index.php\/2025\/03\/16\/cumhurbaskani-tatar-istanbulda-asadin-iftar-yemegine-katildi\/"},"modified":"2025-03-16T14:05:06","modified_gmt":"2025-03-16T11:05:06","slug":"cumhurbaskani-tatar-istanbulda-asadin-iftar-yemegine-katildi","status":"publish","type":"post","link":"https:\/\/kibrisayna.com\/index.php\/2025\/03\/16\/cumhurbaskani-tatar-istanbulda-asadin-iftar-yemegine-katildi\/","title":{"rendered":"Cumhurba\u015fkan\u0131 Tatar, \u0130stanbul\u2019da ASAD\u2019\u0131n iftar yeme\u011fine kat\u0131ld\u0131"},"content":{"rendered":"<p> <br \/>\n<\/p>\n<div class=\"mariselle-image-container center\">\n                <img width=\"2560\" height=\"1703\" class=\"lazy-image\" alt=\"\" data-src=\"https:\/\/brtk.net\/wp-content\/uploads\/2025\/03\/16\/1742116256409TATAR-ISTANBUL-ASAD-IFTAR-YEMEGI-8.jpg?ver=9d679e079ea44e3d02e6eb0a7352aa49\" data-srcset=\"https:\/\/brtk.net\/wp-content\/uploads\/2025\/03\/16\/1742116256409TATAR-ISTANBUL-ASAD-IFTAR-YEMEGI-8.jpg?ver=9d679e079ea44e3d02e6eb0a7352aa49 2560w, https:\/\/brtk.net\/wp-content\/uploads\/2025\/03\/16\/1742116256409TATAR-ISTANBUL-ASAD-IFTAR-YEMEGI-8-300x200.jpg?ver=b3b784d623fdf6db15cb5e807190674f 300w, https:\/\/brtk.net\/wp-content\/uploads\/2025\/03\/16\/1742116256409TATAR-ISTANBUL-ASAD-IFTAR-YEMEGI-8-1024x681.jpg?ver=b3b784d623fdf6db15cb5e807190674f 1024w, https:\/\/brtk.net\/wp-content\/uploads\/2025\/03\/16\/1742116256409TATAR-ISTANBUL-ASAD-IFTAR-YEMEGI-8-768x511.jpg?ver=7e81d5d597de51bcd3bb28c64c116bb6 768w, https:\/\/brtk.net\/wp-content\/uploads\/2025\/03\/16\/1742116256409TATAR-ISTANBUL-ASAD-IFTAR-YEMEGI-8-1536x1022.jpg?ver=f1e1090ab3264c97a84fd9b84d3d5b54 1536w, https:\/\/brtk.net\/wp-content\/uploads\/2025\/03\/16\/1742116256409TATAR-ISTANBUL-ASAD-IFTAR-YEMEGI-8-2048x1362.jpg?ver=ec0615e1f2316bfbb3cd99d9eee798ef 2048w\" \/>                            <\/div>\n<p>Cumhurba\u015fkan\u0131 Ersin Tatar, Avrasya Stratejik Ara\u015ft\u0131rmalar Platformu\u2019nun (ASAD) d\u00fczenledi\u011fi iftar yeme\u011fine kat\u0131ld\u0131.<\/p>\n<p>\u0130ftar yeme\u011finde konu\u015fan Cumhurba\u015fkan\u0131 Ersin Tatar, m\u00fcbarek Ramazan ay\u0131nda bir araya gelmenin, iftar sofras\u0131n\u0131 payla\u015fman\u0131n, birlik ve beraberli\u011fi s\u00fcrd\u00fcrebilmenin \u00f6nemine dikkat \u00e7ekti.<\/p>\n<p>Cumhurba\u015fkanl\u0131\u011f\u0131\u2019ndan yap\u0131lan a\u00e7\u0131klamaya g\u00f6re, Tatar, milli de\u011ferler ile M\u00fcsl\u00fcman halk\u0131n temsilcileri olarak K\u0131br\u0131s&#8217;ta m\u00fccadeleye devam ettiklerini ve ba\u011f\u0131ms\u0131z T\u00fcrk devleti olarak milli davaya sahip \u00e7\u0131kt\u0131klar\u0131n\u0131 vurgulad\u0131.<\/p>\n<p>Bu co\u011frafyada, milli de\u011ferleri korumak suretiyle emin ad\u0131mlarla gelece\u011fe y\u00fcr\u00fcrken, k\u00fcresel \u00e7at\u0131\u015fmalara direndiklerinin alt\u0131n\u0131 \u00e7izen Cumhurba\u015fkan\u0131 Tatar, tarihe yak\u0131\u015f\u0131r \u015fekilde K\u0131br\u0131s T\u00fcrk\u00fc\u2019n\u00fcn bar\u0131\u015f, huzur ve g\u00fcvenli\u011fini koruman\u0131n en b\u00fcy\u00fck temennileri oldu\u011funu vurgulad\u0131.<\/p>\n<p>Cumhurba\u015fkan\u0131 Ersin Tatar, T\u00fcrkiye&#8217;nin giderek artan stat\u00fcs\u00fcne de\u011finerek, T\u00fcrkiye Cumhurba\u015fkan\u0131 Recep Tayyip Erdo\u011fan&#8217;\u0131n deste\u011fi ile savunulan yeni siyasetin kendilerine g\u00fc\u00e7 verdi\u011fini belirtti. Federasyon temelinde \u00e7\u00f6z\u00fcm\u00fcn tehlikelerinden bahseden Cumhurba\u015fkan\u0131 Tatar, T\u00fcrkiye\u2019nin bulunmad\u0131\u011f\u0131 Avrupa Birli\u011fi\u2019nde, \u201cs\u0131f\u0131r asker ve s\u0131f\u0131r garanti\u201d ile K\u0131br\u0131s T\u00fcrk\u00fc ile T\u00fcrkiye aras\u0131ndaki ba\u011flar\u0131n kopart\u0131laca\u011f\u0131n\u0131 ve K\u0131br\u0131s T\u00fcrk\u00fc\u2019n\u00fcn yaln\u0131zla\u015ft\u0131r\u0131larak asimile edilece\u011fini s\u00f6yledi.<\/p>\n<p>K\u0131br\u0131s\u2019ta yarat\u0131lan bar\u0131\u015f, huzur ve g\u00fcven ortam\u0131 i\u00e7in iki devletli \u00e7\u00f6z\u00fcm siyasetini daha \u00f6nce ger\u00e7ekle\u015ftirdi\u011fi toplant\u0131larda muhataplar\u0131na ve BM Genel Sekreterine anlatt\u0131\u011f\u0131na i\u015faret eden Cumhurba\u015fkan\u0131 Tatar, Cenevre\u2019de ger\u00e7ekle\u015ftirilecek gayriresmi toplant\u0131da tekrar anlataca\u011f\u0131na dikkat \u00e7ekti.<\/p>\n<p>Cumhurba\u015fkan\u0131 Ersin Tatar, Rum-Yunan zihniyetine kar\u015f\u0131 T\u00fcrkiye&#8217;nin deste\u011fiyle K\u0131br\u0131s&#8217;ta g\u00fc\u00e7lendiklerini vurgulad\u0131 ve i\u015f birli\u011fi i\u00e7inde bu yolda y\u00fcr\u00fcmeye devam edeceklerini ifade etti. D\u00fcnyada ya\u015fanan \u00e7at\u0131\u015fmalarda insanlar\u0131n zor \u015fartlarda hayatta kalma m\u00fccadelesi verdiklerini kaydeden Cumhurba\u015fkan\u0131 Tatar, adada T\u00fcrk askerinin varl\u0131\u011f\u0131yla bar\u0131\u015f, huzur ve g\u00fcvenli\u011fin devam etti\u011fini bunun aksinin d\u00fc\u015f\u00fcn\u00fclemeyece\u011fini belirtti<\/p>\n<p>Cumhurba\u015fkan\u0131 Ersin Tatar, \u015funlar\u0131 ekledi:<\/p>\n<p>&#8220;Milli de\u011ferlerin artt\u0131\u011f\u0131 bu d\u00f6nemde, T\u00fcrkiye ile olan birlikteli\u011fi g\u00fc\u00e7lendirerek, y\u00fcr\u00fcd\u00fc\u011f\u00fcm\u00fcz yolda, m\u00fccadeleye devam etmeliyiz. Milli birlik, beraberlik i\u00e7erisinde kendi devletimiz ile g\u00fc\u00e7l\u00fc \u015fekilde y\u00fcr\u00fcmek zorunday\u0131z. Bu yolda Kuzey K\u0131br\u0131s T\u00fcrk Cumhuriyeti&#8217;nin daha da tan\u0131nmas\u0131yla bir\u00e7ok sekt\u00f6r\u00fcn daha da canlanaca\u011f\u0131na inan\u0131yorum. G\u00fcc\u00fcm\u00fcz\u00fc milletimizden al\u0131yoruz. En g\u00fcneydeki ba\u011f\u0131ms\u0131z T\u00fcrk devleti olarak milli iradeyi temsil etmenin mutlulu\u011fu i\u00e7erisindeyim.&#8221;<\/p>\n<p><br \/>\n<br \/><a href=\"https:\/\/brtk.net\/cumhurbaskani-tatar-istanbulda-asadin-iftar-yemegine-katildi\/\">Kaynak BRT <\/a><\/p>\n","protected":false},"excerpt":{"rendered":"<p>Cumhurba\u015fkan\u0131 Ersin Tatar, Avrasya Stratejik Ara\u015ft\u0131rmalar Platformu\u2019nun (ASAD) d\u00fczenledi\u011fi iftar yeme\u011fine kat\u0131ld\u0131. \u0130ftar yeme\u011finde konu\u015fan Cumhurba\u015fkan\u0131 Ersin Tatar, m\u00fcbarek Ramazan ay\u0131nda bir araya gelmenin, iftar sofras\u0131n\u0131 payla\u015fman\u0131n, birlik ve beraberli\u011fi s\u00fcrd\u00fcrebilmenin \u00f6nemine dikkat \u00e7ekti. Cumhurba\u015fkanl\u0131\u011f\u0131\u2019ndan yap\u0131lan a\u00e7\u0131klamaya g\u00f6re, Tatar, milli de\u011ferler ile M\u00fcsl\u00fcman halk\u0131n temsilcileri olarak K\u0131br\u0131s&#8217;ta m\u00fccadeleye devam ettiklerini ve ba\u011f\u0131ms\u0131z T\u00fcrk devleti olarak [&hellip;]<\/p>\n","protected":false},"author":908,"featured_media":20041,"comment_status":"open","ping_status":"open","sticky":false,"template":"","format":"standard","meta":{"_jetpack_memberships_contains_paid_content":false,"footnotes":"","jetpack_publicize_message":"","jetpack_publicize_feature_enabled":true,"jetpack_social_post_already_shared":true,"jetpack_social_options":{"image_generator_settings":{"template":"highway","default_image_id":0,"font":"","enabled":false},"version":2}},"categories":[253],"tags":[],"class_list":["post-20040","post","type-post","status-publish","format-standard","has-post-thumbnail","hentry","category-gundem"],"jetpack_publicize_connections":[],"jetpack_featured_media_url":"https:\/\/kibrisayna.com\/wp-content\/uploads\/2025\/03\/1742116256407TATAR-ISTANBUL-ASAD-IFTAR-YEMEGI-3.jpg","jetpack_sharing_enabled":true,"_links":{"self":[{"href":"https:\/\/kibrisayna.com\/index.php\/wp-json\/wp\/v2\/posts\/20040","targetHints":{"allow":["GET"]}}],"collection":[{"href":"https:\/\/kibrisayna.com\/index.php\/wp-json\/wp\/v2\/posts"}],"about":[{"href":"https:\/\/kibrisayna.com\/index.php\/wp-json\/wp\/v2\/types\/post"}],"author":[{"embeddable":true,"href":"https:\/\/kibrisayna.com\/index.php\/wp-json\/wp\/v2\/users\/908"}],"replies":[{"embeddable":true,"href":"https:\/\/kibrisayna.com\/index.php\/wp-json\/wp\/v2\/comments?post=20040"}],"version-history":[{"count":0,"href":"https:\/\/kibrisayna.com\/index.php\/wp-json\/wp\/v2\/posts\/20040\/revisions"}],"wp:featuredmedia":[{"embeddable":true,"href":"https:\/\/kibrisayna.com\/index.php\/wp-json\/wp\/v2\/media\/20041"}],"wp:attachment":[{"href":"https:\/\/kibrisayna.com\/index.php\/wp-json\/wp\/v2\/media?parent=20040"}],"wp:term":[{"taxonomy":"category","embeddable":true,"href":"https:\/\/kibrisayna.com\/index.php\/wp-json\/wp\/v2\/categories?post=20040"},{"taxonomy":"post_tag","embeddable":true,"href":"https:\/\/kibrisayna.com\/index.php\/wp-json\/wp\/v2\/tags?post=20040"}],"curies":[{"name":"wp","href":"https:\/\/api.w.org\/{rel}","templated":true}]}}