{"id":20038,"date":"2025-03-16T13:58:23","date_gmt":"2025-03-16T10:58:23","guid":{"rendered":"https:\/\/kibrisayna.com\/index.php\/2025\/03\/16\/guzelyurtta-sosyal-konut-projesinin-temeli-28-martta-atilacak-brtk\/"},"modified":"2025-03-16T13:58:23","modified_gmt":"2025-03-16T10:58:23","slug":"guzelyurtta-sosyal-konut-projesinin-temeli-28-martta-atilacak-brtk","status":"publish","type":"post","link":"https:\/\/kibrisayna.com\/index.php\/2025\/03\/16\/guzelyurtta-sosyal-konut-projesinin-temeli-28-martta-atilacak-brtk\/","title":{"rendered":"G\u00fczelyurt\u2019ta sosyal konut projesinin temeli 28 Mart\u2019ta at\u0131lacak \u2013 BRTK"},"content":{"rendered":"<p> <br \/>\n<\/p>\n<div>\n<div class=\"mariselle-image-container center\">\n                <img loading=\"lazy\" decoding=\"async\" width=\"1061\" height=\"379\" class=\"lazy-image\" alt=\"\" sizes=\"auto, (max-width: 1061px) 100vw, 1061px\" src=\"https:\/\/brtk.net\/wp-content\/uploads\/2025\/03\/16\/ustel-25.jpg?ver=e7da9e959ddf32f5acf8e593926f8433\" srcset=\"https:\/\/brtk.net\/wp-content\/uploads\/2025\/03\/16\/ustel-25.jpg?ver=e7da9e959ddf32f5acf8e593926f8433 1061w, https:\/\/brtk.net\/wp-content\/uploads\/2025\/03\/16\/ustel-25-300x107.jpg?ver=6ddbcf5abfc385d945e675fe96139766 300w, https:\/\/brtk.net\/wp-content\/uploads\/2025\/03\/16\/ustel-25-1024x366.jpg?ver=6ddbcf5abfc385d945e675fe96139766 1024w, https:\/\/brtk.net\/wp-content\/uploads\/2025\/03\/16\/ustel-25-768x274.jpg?ver=6ddbcf5abfc385d945e675fe96139766 768w\"\/>                            <\/div>\n<p>\u00a0<\/p>\n<p>Ba\u015fbakan \u00dcnal \u00dcstel, uzun y\u0131llard\u0131r beklenen sosyal konut projelerinin yeniden hayata ge\u00e7irilece\u011fini duyurdu. H\u00fck\u00fcmetin g\u00f6reve geldi\u011fi ilk g\u00fcnden itibaren halka verdi\u011fi s\u00f6zleri yerine getirmek i\u00e7in yo\u011fun bir \u015fekilde \u00e7al\u0131\u015ft\u0131\u011f\u0131n\u0131 vurgulayan \u00dcstel, gen\u00e7lerin uygun fiyatlarla konut sahibi olmas\u0131n\u0131 sa\u011flamak amac\u0131yla \u00f6nemli bir ad\u0131m att\u0131klar\u0131n\u0131 belirtti.<\/p>\n<p><strong>\u0130lk Temel 28 Mart\u2019ta G\u00fczelyurt\u2019ta At\u0131l\u0131yor<\/strong><\/p>\n<p>Ba\u015fbakanl\u0131k ve ilgili kurumlar\u0131n koordinasyonunda y\u00fcr\u00fct\u00fclen \u00e7al\u0131\u015fmalar sonucunda, 28 Mart\u2019ta G\u00fczelyurt\u2019ta ilk sosyal konut projesinin temeli at\u0131l\u0131yor. Bunun yan\u0131 s\u0131ra Alayk\u00f6y ve Karpaz b\u00f6lgelerinde de benzer projeler i\u00e7in haz\u0131rl\u0131klar\u0131n son a\u015famaya geldi\u011fi bildirildi.<\/p>\n<p>Daha \u00c7a\u011fda\u015f ve Uygun Fiyatl\u0131 Konutlar \u0130\u00e7in Yasal D\u00fczenlemeler Yap\u0131ld\u0131<\/p>\n<p>Sosyal konut projelerinin daha \u00e7a\u011fda\u015f, eri\u015filebilir ve uygun \u00f6deme ko\u015fullar\u0131yla hayata ge\u00e7irilmesi i\u00e7in \u00f6nemli yasal d\u00fczenlemeler tamamland\u0131. 63\/2007 Say\u0131l\u0131 Konut Edindirme Yasas\u0131 g\u00fcncellenerek, gerekli t\u00fcm t\u00fcz\u00fckler y\u00fcr\u00fcrl\u00fc\u011fe konuldu.<\/p>\n<p><strong>K\u0131rsal Kesim Arsa Da\u011f\u0131t\u0131mlar\u0131 5 Nisan\u2019da Ba\u015fl\u0131yor<\/strong><\/p>\n<p>\u00d6te yandan, k\u0131rsal b\u00f6lgelerde ya\u015fayan gen\u00e7lerin kendi topraklar\u0131nda yuva kurmalar\u0131na destek olmak amac\u0131yla 5 Nisan itibar\u0131yla G\u00fcney Mesarya\u2019dan ba\u015flayarak yeni k\u0131rsal kesim arsas\u0131 da\u011f\u0131t\u0131m\u0131 yap\u0131lacak. Daha \u00f6nce da\u011f\u0131t\u0131lan k\u0131rsal kesim arsalar\u0131n\u0131n altyap\u0131 eksiklikleri b\u00fcy\u00fck \u00f6l\u00e7\u00fcde tamamlan\u0131rken, yeni da\u011f\u0131t\u0131mlar\u0131n \u00fclke geneline yay\u0131lmas\u0131 planlan\u0131yor.<\/p>\n<p>Ayr\u0131ca, k\u0131rsal kesim arsas\u0131 sahibi olan gen\u00e7lerin ev yapabilmeleri i\u00e7in ihtiya\u00e7 duyacaklar\u0131 kredilerin sa\u011flanmas\u0131 konusunda da \u00e7al\u0131\u015fmalar\u0131n s\u00fcrd\u00fc\u011f\u00fc belirtildi.<\/p>\n<p>Ba\u015fbakan \u00dcstel, h\u00fck\u00fcmetin halk\u0131n refah\u0131n\u0131 art\u0131racak projeleri hayata ge\u00e7irmeye devam edece\u011fini vurgularken, sosyal konut projeleri ve k\u0131rsal kesim destekleriyle gen\u00e7lerin bar\u0131nma sorununa uzun vadeli \u00e7\u00f6z\u00fcmler sunmay\u0131 hedeflediklerini ifade etti.<\/p>\n<\/p><\/div>\n<p><script async\n                    defer\n                    crossorigin=\"anonymous\"\n                    src=\"https:\/\/connect.facebook.net\/tr_TR\/sdk.js#xfbml=1&#038;version=v3.3\"\n            ><\/script><br \/>\n<br \/><br \/>\n<br \/><a href=\"https:\/\/brtk.net\/guzelyurtta-sosyal-konut-projesinin-temeli-28-martta-atilacak\/\">Kaynak BRT <\/a><\/p>\n","protected":false},"excerpt":{"rendered":"<p>\u00a0 Ba\u015fbakan \u00dcnal \u00dcstel, uzun y\u0131llard\u0131r beklenen sosyal konut projelerinin yeniden hayata ge\u00e7irilece\u011fini duyurdu. H\u00fck\u00fcmetin g\u00f6reve geldi\u011fi ilk g\u00fcnden itibaren halka verdi\u011fi s\u00f6zleri yerine getirmek i\u00e7in yo\u011fun bir \u015fekilde \u00e7al\u0131\u015ft\u0131\u011f\u0131n\u0131 vurgulayan \u00dcstel, gen\u00e7lerin uygun fiyatlarla konut sahibi olmas\u0131n\u0131 sa\u011flamak amac\u0131yla \u00f6nemli bir ad\u0131m att\u0131klar\u0131n\u0131 belirtti. \u0130lk Temel 28 Mart\u2019ta G\u00fczelyurt\u2019ta At\u0131l\u0131yor Ba\u015fbakanl\u0131k ve ilgili kurumlar\u0131n [&hellip;]<\/p>\n","protected":false},"author":908,"featured_media":20039,"comment_status":"open","ping_status":"open","sticky":false,"template":"","format":"standard","meta":{"_jetpack_memberships_contains_paid_content":false,"footnotes":"","jetpack_publicize_message":"","jetpack_publicize_feature_enabled":true,"jetpack_social_post_already_shared":true,"jetpack_social_options":{"image_generator_settings":{"template":"highway","default_image_id":0,"font":"","enabled":false},"version":2}},"categories":[253],"tags":[],"class_list":["post-20038","post","type-post","status-publish","format-standard","has-post-thumbnail","hentry","category-gundem"],"jetpack_publicize_connections":[],"jetpack_featured_media_url":"https:\/\/kibrisayna.com\/wp-content\/uploads\/2025\/03\/ustel-25.jpg","jetpack_sharing_enabled":true,"_links":{"self":[{"href":"https:\/\/kibrisayna.com\/index.php\/wp-json\/wp\/v2\/posts\/20038","targetHints":{"allow":["GET"]}}],"collection":[{"href":"https:\/\/kibrisayna.com\/index.php\/wp-json\/wp\/v2\/posts"}],"about":[{"href":"https:\/\/kibrisayna.com\/index.php\/wp-json\/wp\/v2\/types\/post"}],"author":[{"embeddable":true,"href":"https:\/\/kibrisayna.com\/index.php\/wp-json\/wp\/v2\/users\/908"}],"replies":[{"embeddable":true,"href":"https:\/\/kibrisayna.com\/index.php\/wp-json\/wp\/v2\/comments?post=20038"}],"version-history":[{"count":0,"href":"https:\/\/kibrisayna.com\/index.php\/wp-json\/wp\/v2\/posts\/20038\/revisions"}],"wp:featuredmedia":[{"embeddable":true,"href":"https:\/\/kibrisayna.com\/index.php\/wp-json\/wp\/v2\/media\/20039"}],"wp:attachment":[{"href":"https:\/\/kibrisayna.com\/index.php\/wp-json\/wp\/v2\/media?parent=20038"}],"wp:term":[{"taxonomy":"category","embeddable":true,"href":"https:\/\/kibrisayna.com\/index.php\/wp-json\/wp\/v2\/categories?post=20038"},{"taxonomy":"post_tag","embeddable":true,"href":"https:\/\/kibrisayna.com\/index.php\/wp-json\/wp\/v2\/tags?post=20038"}],"curies":[{"name":"wp","href":"https:\/\/api.w.org\/{rel}","templated":true}]}}