{"id":20034,"date":"2025-03-16T12:16:30","date_gmt":"2025-03-16T09:16:30","guid":{"rendered":"https:\/\/kibrisayna.com\/index.php\/2025\/03\/16\/amazonun-karari-tartisma-yaratti-son-dakika-ekonomi-haberleri\/"},"modified":"2025-03-16T12:16:30","modified_gmt":"2025-03-16T09:16:30","slug":"amazonun-karari-tartisma-yaratti-son-dakika-ekonomi-haberleri","status":"publish","type":"post","link":"https:\/\/kibrisayna.com\/index.php\/2025\/03\/16\/amazonun-karari-tartisma-yaratti-son-dakika-ekonomi-haberleri\/","title":{"rendered":"Amazon\u2019un karar\u0131 tart\u0131\u015fma yaratt\u0131 &#8211; Son Dakika Ekonomi Haberleri"},"content":{"rendered":"<p> <br \/>\n<\/p>\n<div>\n<p>Teknoloji d\u00fcnyas\u0131n\u0131n \u00f6nde gelen \u015firketlerinden <a href=\"https:\/\/www.ntv.com.tr\/amazon\" target=\"_blank\" rel=\"tag noopener\">Amazon<\/a>, 28 Mart 2025 itibar\u0131yla Echo cihazlar\u0131n\u0131n t\u00fcm ses kay\u0131tlar\u0131n\u0131 do\u011frudan \u00e7evrimi\u00e7i buluta g\u00f6nderece\u011fini duyurdu. Bu yenilikle birlikte, Alexa isteklerinin yerel cihaz \u00fczerinde i\u015flenmesi se\u00e7ene\u011fi kald\u0131r\u0131lacak. Amazon, bu ad\u0131m\u0131, Alexa\u2019n\u0131n yeni nesil <a href=\"https:\/\/www.ntv.com.tr\/yapay-zeka\" target=\"_blank\" rel=\"tag noopener\">yapay zeka<\/a> \u00f6zelliklerini desteklemek amac\u0131yla att\u0131\u011f\u0131n\u0131 belirtiyor. Kullan\u0131c\u0131lar ise al\u0131nan karar\u0131, gizlilik ko\u015fullar\u0131n\u0131 ihlal etti\u011fi gerek\u00e7esiyle ele\u015ftiriyor. <\/p>\n<p>Amazon\u2019un bulut tabanl\u0131 sisteme ge\u00e7i\u015fi, yeni tan\u0131t\u0131lan Alexa+ hizmetini optimize etmeyi ama\u00e7l\u0131yor. \u015eirketin yapay zeka destekli sesli asistan\u0131 Alexa, bulut sistemine y\u00fcklenen sesli komutlar kullan\u0131larak e\u011fitilecek. Bu sayede Alexa+\u2019\u0131n sesli isteklere daha h\u0131zl\u0131 ve do\u011fru yan\u0131tlar sunmas\u0131, geli\u015fmi\u015f ki\u015fiselle\u015ftirme se\u00e7eneklerine sahip olmas\u0131 hedefleniyor. Yapay zekan\u0131n derin \u00f6\u011frenme yeteneklerinden faydalanan Alexa\u2019n\u0131n daha karma\u015f\u0131k g\u00f6revleri yerine getirebilecek bir asistana d\u00f6n\u00fc\u015fece\u011fi d\u00fc\u015f\u00fcn\u00fcl\u00fcyor. \u00d6rnek vermek gerekirse, Alexa\u2019n\u0131n kullan\u0131calara sadece temel hava durumu bilgilerini iletmesindense, \u00e7ok daha ayr\u0131nt\u0131l\u0131 analizler sunabilmesi isteniyor. <\/p>\n<p><strong>G\u0130ZL\u0130L\u0130K END\u0130\u015eELER\u0130 G\u00dcNDEMDE<\/strong><\/p>\n<p>Amazon, bu de\u011fi\u015fikli\u011fin daha iyi bir kullan\u0131c\u0131 deneyimi sunaca\u011f\u0131n\u0131 iddia etse de, kullan\u0131c\u0131lar aras\u0131nda g\u00fcvenlik ve gizlilik konular\u0131nda soru i\u015faretleri olu\u015ftu. \u00d6zellikle, ses kay\u0131tlar\u0131n\u0131n buluta s\u00fcrekli olarak y\u00fcklenmesi, ge\u00e7mi\u015fte ya\u015fanan veri ihlali ve ses kay\u0131tlar\u0131n\u0131n k\u00f6t\u00fcye kullan\u0131m\u0131 iddialar\u0131n\u0131 hat\u0131rlatan kullan\u0131c\u0131lar\u0131 endi\u015felendirdi. \u015eirket ise kullan\u0131c\u0131 verilerinin g\u00fcvenli\u011fini sa\u011flamak i\u00e7in y\u00fcksek d\u00fczeyde \u015fifreleme ve geli\u015fmi\u015f g\u00fcvenlik protokolleri uygulad\u0131\u011f\u0131n\u0131 belirtiyor. <\/p>\n<p><strong>GE\u00c7M\u0130\u015eTE YA\u015eANAN PROBLEMLER<\/strong><\/p>\n<p>Amazon, ge\u00e7mi\u015fte ses kay\u0131tlar\u0131 ve veri gizlili\u011fiyle ilgili birka\u00e7 \u00f6nemli sorunla g\u00fcndeme gelmi\u015fti. 2019 y\u0131l\u0131nda Amazon \u00e7al\u0131\u015fanlar\u0131n\u0131n, Alexa kullan\u0131c\u0131lar\u0131n\u0131n ses kay\u0131tlar\u0131n\u0131 dinledi\u011fi ortaya \u00e7\u0131km\u0131\u015ft\u0131. \u015eirket, bunu yapay zeka algoritmalar\u0131n\u0131 geli\u015ftirmek i\u00e7in kulland\u0131\u011f\u0131n\u0131 kan\u0131tlasa da kullan\u0131c\u0131lar\u0131n bu durumdan haberdar olmamas\u0131 ve baz\u0131 kay\u0131tlar\u0131n hassas i\u00e7erikler bar\u0131nd\u0131rmas\u0131 b\u00fcy\u00fck tart\u0131\u015fmalara yol a\u00e7m\u0131\u015ft\u0131. <\/p>\n<p>Amerikan Federal Ticaret Komisyonu, Ring ve Alexa cihazlar\u0131yla alakal\u0131 veri gizlili\u011fi ihlalleri nedeniyle 2023 y\u0131l\u0131nda Amazon\u2019a 30 milyon dolar ceza vermi\u015fti. Bahsi ge\u00e7en ihlaller aras\u0131nda \u00e7al\u0131\u015fanlar\u0131n ses ve video kay\u0131tlar\u0131na eri\u015fim sa\u011flayabilmesi, \u00e7ocuklara ait ses kay\u0131tlar\u0131n\u0131n da izin verilenden uzun s\u00fcre saklanmas\u0131 gibi durumlar vard\u0131.<\/p>\n<\/div>\n<p><br \/>\n<br \/><a href=\"https:\/\/www.ntv.com.tr\/ntvpara\/tekno-finans\/amazonun-karari-tartisma-yaratti,HtzUSr0Eo0Khvgw0qAtxXg\"><\/a><\/p>\n","protected":false},"excerpt":{"rendered":"<p>Teknoloji d\u00fcnyas\u0131n\u0131n \u00f6nde gelen \u015firketlerinden Amazon, 28 Mart 2025 itibar\u0131yla Echo cihazlar\u0131n\u0131n t\u00fcm ses kay\u0131tlar\u0131n\u0131 do\u011frudan \u00e7evrimi\u00e7i buluta g\u00f6nderece\u011fini duyurdu. Bu yenilikle birlikte, Alexa isteklerinin yerel cihaz \u00fczerinde i\u015flenmesi se\u00e7ene\u011fi kald\u0131r\u0131lacak. Amazon, bu ad\u0131m\u0131, Alexa\u2019n\u0131n yeni nesil yapay zeka \u00f6zelliklerini desteklemek amac\u0131yla att\u0131\u011f\u0131n\u0131 belirtiyor. Kullan\u0131c\u0131lar ise al\u0131nan karar\u0131, gizlilik ko\u015fullar\u0131n\u0131 ihlal etti\u011fi gerek\u00e7esiyle ele\u015ftiriyor. Amazon\u2019un [&hellip;]<\/p>\n","protected":false},"author":908,"featured_media":20035,"comment_status":"open","ping_status":"open","sticky":false,"template":"","format":"standard","meta":{"_jetpack_memberships_contains_paid_content":false,"footnotes":"","jetpack_publicize_message":"","jetpack_publicize_feature_enabled":true,"jetpack_social_post_already_shared":true,"jetpack_social_options":{"image_generator_settings":{"template":"highway","default_image_id":0,"font":"","enabled":false},"version":2}},"categories":[12],"tags":[],"class_list":["post-20034","post","type-post","status-publish","format-standard","has-post-thumbnail","hentry","category-teknoloji"],"jetpack_publicize_connections":[],"jetpack_featured_media_url":"https:\/\/kibrisayna.com\/wp-content\/uploads\/2025\/03\/4H3N83DZ40-9M6n1_h1cyw.jpg","jetpack_sharing_enabled":true,"_links":{"self":[{"href":"https:\/\/kibrisayna.com\/index.php\/wp-json\/wp\/v2\/posts\/20034","targetHints":{"allow":["GET"]}}],"collection":[{"href":"https:\/\/kibrisayna.com\/index.php\/wp-json\/wp\/v2\/posts"}],"about":[{"href":"https:\/\/kibrisayna.com\/index.php\/wp-json\/wp\/v2\/types\/post"}],"author":[{"embeddable":true,"href":"https:\/\/kibrisayna.com\/index.php\/wp-json\/wp\/v2\/users\/908"}],"replies":[{"embeddable":true,"href":"https:\/\/kibrisayna.com\/index.php\/wp-json\/wp\/v2\/comments?post=20034"}],"version-history":[{"count":0,"href":"https:\/\/kibrisayna.com\/index.php\/wp-json\/wp\/v2\/posts\/20034\/revisions"}],"wp:featuredmedia":[{"embeddable":true,"href":"https:\/\/kibrisayna.com\/index.php\/wp-json\/wp\/v2\/media\/20035"}],"wp:attachment":[{"href":"https:\/\/kibrisayna.com\/index.php\/wp-json\/wp\/v2\/media?parent=20034"}],"wp:term":[{"taxonomy":"category","embeddable":true,"href":"https:\/\/kibrisayna.com\/index.php\/wp-json\/wp\/v2\/categories?post=20034"},{"taxonomy":"post_tag","embeddable":true,"href":"https:\/\/kibrisayna.com\/index.php\/wp-json\/wp\/v2\/tags?post=20034"}],"curies":[{"name":"wp","href":"https:\/\/api.w.org\/{rel}","templated":true}]}}