{"id":20032,"date":"2025-03-16T12:10:40","date_gmt":"2025-03-16T09:10:40","guid":{"rendered":"https:\/\/kibrisayna.com\/index.php\/2025\/03\/16\/cenevrede-yapilacak-51-gayriresmi-kibris-zirvesi-yarin-basliyor-brtk\/"},"modified":"2025-03-16T12:10:40","modified_gmt":"2025-03-16T09:10:40","slug":"cenevrede-yapilacak-51-gayriresmi-kibris-zirvesi-yarin-basliyor-brtk","status":"publish","type":"post","link":"https:\/\/kibrisayna.com\/index.php\/2025\/03\/16\/cenevrede-yapilacak-51-gayriresmi-kibris-zirvesi-yarin-basliyor-brtk\/","title":{"rendered":"Cenevre\u2019de yap\u0131lacak 5+1 gayriresmi K\u0131br\u0131s zirvesi yar\u0131n ba\u015fl\u0131yor \u2013 BRTK"},"content":{"rendered":"<p> <br \/>\n<\/p>\n<div>\n<div class=\"mariselle-image-container center\">\n                <img loading=\"lazy\" decoding=\"async\" width=\"971\" height=\"551\" class=\"lazy-image\" alt=\"\" sizes=\"auto, (max-width: 971px) 100vw, 971px\" src=\"https:\/\/brtk.net\/wp-content\/uploads\/2025\/03\/16\/17421155499301741853747423v2yeniproje-2025-03-10t131916388_1741605581.jpg?ver=9c13708bb0eae3dbab61964c4bf02aa5\" srcset=\"https:\/\/brtk.net\/wp-content\/uploads\/2025\/03\/16\/17421155499301741853747423v2yeniproje-2025-03-10t131916388_1741605581.jpg?ver=9c13708bb0eae3dbab61964c4bf02aa5 971w, https:\/\/brtk.net\/wp-content\/uploads\/2025\/03\/16\/17421155499301741853747423v2yeniproje-2025-03-10t131916388_1741605581-300x170.jpg?ver=67e58ef54271c16bb6c7a4acab1a30c1 300w, https:\/\/brtk.net\/wp-content\/uploads\/2025\/03\/16\/17421155499301741853747423v2yeniproje-2025-03-10t131916388_1741605581-768x436.jpg?ver=67e58ef54271c16bb6c7a4acab1a30c1 768w\"\/>                            <\/div>\n<p>Birle\u015fmi\u015f Milletler (BM) Genel Sekreteri Antonio Guterres\u2019in ev sahipli\u011finde Cenevre\u2019de yap\u0131lacak 5+1 gayriresmi K\u0131br\u0131s zirvesi yar\u0131n ba\u015fl\u0131yor.<\/p>\n<p>Cumhurba\u015fkan\u0131 Ersin Tatar, yar\u0131n ve sal\u0131 g\u00fcn\u00fc K\u0131br\u0131s T\u00fcrk taraf\u0131 ve K\u0131br\u0131s Rum taraf\u0131 ile \u00fc\u00e7 garant\u00f6r \u00fclke T\u00fcrkiye, Yunanistan ve \u0130ngiltere\u2019nin kat\u0131l\u0131m\u0131yla yap\u0131lacak toplant\u0131lar\u0131 i\u00e7in Cenevre\u2019ye gitmek \u00fczere d\u00fcn \u00f6\u011fle saatlerinde adadan ayr\u0131ld\u0131.<\/p>\n<p>K\u0131br\u0131s T\u00fcrk taraf\u0131n\u0131 temsilen toplant\u0131ya kat\u0131lacak Tatar\u2019a m\u00fczakere heyetinden; \u00d6zel Temsilci G\u00fcne\u015f Onar, Hukuk \u0130\u015fleri Dan\u0131\u015fman\u0131 S\u00fclen Karabacak, G\u00fcven Yarat\u0131c\u0131 \u00d6nlemler ve \u0130ki Tarafl\u0131 Teknik Komiteler Koordinat\u00f6r\u00fc Seniha Birand \u00c7\u0131nar, Uluslararas\u0131 \u0130li\u015fkiler ve Diplomasi \u00d6zel Dan\u0131\u015fman\u0131 Prof. Dr. H\u00fcseyin I\u015f\u0131ksal e\u015flik edecek.<\/p>\n<p>Cumhuriyet Meclisi\u2019nde temsil edilen siyasi partilerden, Ulusal Birlik Partisi\u2019ni temsilen (UBP) Genel Ba\u015fkan ve Ba\u015fbakan \u00dcnal \u00dcstel, UBP Genel Sekreteri O\u011fuzhan Hasipo\u011flu, Demokrat Parti\u2019yi (DP) temsilen Genel Ba\u015fkan, Ba\u015fbakan Yard\u0131mc\u0131s\u0131, Turizm, K\u00fclt\u00fcr, Gen\u00e7lik ve \u00c7evre Bakan\u0131 Fikri Atao\u011flu ve DP Milletvekili Serhat Akp\u0131nar, Yeniden Do\u011fu\u015f Partisi\u2019ni (YDP) temsilen milletvekili Talip Atalay, Cumhuriyet\u00e7i T\u00fcrk Partisi\u2019ni (CTP) temsilen Genel Ba\u015fkan Tufan Erh\u00fcrman ve milletvekili Fikri Toros Cenevre\u2019ye gidecek.<\/p>\n<p>D\u0131\u015fi\u015fleri Bakan\u0131 Tahsin Ertu\u011frulo\u011flu ve bakanl\u0131ktan bir heyet de Cenevre\u2019de olacak.<\/p>\n<p>\u00d6te yandan, Halk\u0131n Partisi (HP) Genel Ba\u015fkan\u0131 Kudret \u00d6zersay ve D\u0131\u015f \u0130li\u015fkilerden Sorumlu Merkez Y\u00fcr\u00fctme Organ\u0131 \u00fcyesi Ahmet Tokatl\u0131o\u011flu ve Toplumcu Demokrasi Partisi\u2019ni (TDP) temsilen D\u0131\u015f \u0130li\u015fkiler Sekreteri Mine Atl\u0131 ve Parti Meclisi (PM) \u00dcyesi, Lefko\u015fa T\u00fcrk Belediyesi Ba\u015fkan\u0131 Mehmet Harmanc\u0131 da partilerini temsilen Cenevre\u2019ye gideceklerini a\u00e7\u0131klad\u0131.<\/p>\n<p>K\u0131br\u0131s T\u00fcrk bas\u0131n\u0131ndan \u00e7ok say\u0131da gazeteci de Cenevre\u2019ye giderek geli\u015fmeleri takip edecek.<\/p>\n<p><strong>-Toplant\u0131 program\u0131<\/strong><\/p>\n<p>BM taraf\u0131ndan taslak programa ili\u015fkin payla\u015f\u0131lan bilgi notuna g\u00f6re, geni\u015fletilmi\u015f gayriresmi toplant\u0131, yar\u0131n Cenevre saatiyle 19.00\u2019da (K\u0131br\u0131s saatiyle 20.00) Intercontinental Hotel\u2019de BM Genel Sekreteri\u2019nin heyet ba\u015fkanlar\u0131 i\u00e7in verece\u011fi ak\u015fam yeme\u011fiyle ba\u015flayacak.<\/p>\n<p>Ak\u015fam yeme\u011finde heyet ba\u015fkanlar\u0131na birer ki\u015fi e\u015flik edecek. Yemek \u00f6ncesinde BM Genel Sekreteri her heyet ba\u015fkan\u0131 ile foto\u011fraf \u00e7ekimi yapacak.<\/p>\n<p>Program, 18 Mart Sal\u0131 sabah\u0131 Cenevre saatiyle 09.00\u2019da (K\u0131br\u0131s saatiyle 10.00) Intercontinental Hotel\u2019de BM Genel Sekreteri ile her bir heyet aras\u0131nda yap\u0131lacak ikili toplant\u0131larla devam edecek.<\/p>\n<p>Genel Sekreter ile yap\u0131lacak ikili toplant\u0131larda heyet ba\u015fkanlar\u0131na be\u015f ki\u015fi e\u015flik edecek. Bu toplant\u0131lar\u0131n programlanmas\u0131 i\u00e7in BM do\u011frudan delegasyonlarla ileti\u015fime ge\u00e7ecek.<\/p>\n<p>Ard\u0131ndan Cenevre saatiyle 11.30\u2019da (K\u0131br\u0131s saatiyle 12.30) BM\u2019nin Cenevre Ofisi\u2019nde (Palais des Nations) t\u00fcm taraflar\u0131n kat\u0131l\u0131m\u0131yla geni\u015f formattaki 5+1 gayriresmi toplant\u0131 ba\u015flayacak. Toplant\u0131da, heyet ba\u015fkanlar\u0131na be\u015f ki\u015fi e\u015flik edecek.<\/p>\n<p>5+1 formattaki gayriresmi toplant\u0131, Birle\u015fmi\u015f Milletler Genel Sekreteri\u2019nin a\u00e7\u0131l\u0131\u015f konu\u015fmas\u0131 ile ba\u015flayacak ve ard\u0131ndan heyet ba\u015fkanlar\u0131 s\u00f6z alacak.<\/p>\n<p>Bilgi notunda, BM\u2019nin her heyetin, heyetlerinde kad\u0131n kat\u0131l\u0131mc\u0131lar\u0131n anlaml\u0131 bir \u015fekilde yer almas\u0131n\u0131 sa\u011flamas\u0131n\u0131 te\u015fvik etti\u011fi bilgisi de payla\u015f\u0131ld\u0131.<\/p>\n<p>Toplant\u0131 ba\u015flamadan \u00f6nce \u201caile foto\u011fraf\u0131\u201d \u00e7ekilecek.<\/p>\n<p>Geni\u015f formattaki gayriresmi toplant\u0131n\u0131n, Cenevre saatiyle 14.30\u2019da (K\u0131br\u0131s saatiyle 15.30) tamamlanmas\u0131 planlan\u0131yor.<\/p>\n<\/p><\/div>\n<p><script async\n                    defer\n                    crossorigin=\"anonymous\"\n                    src=\"https:\/\/connect.facebook.net\/tr_TR\/sdk.js#xfbml=1&#038;version=v3.3\"\n            ><\/script><br \/>\n<br \/><br \/>\n<br \/><a href=\"https:\/\/brtk.net\/cenevrede-yapilacak-51-gayriresmi-kibris-zirvesi-yarin-basliyor\/\">Kaynak BRT <\/a><\/p>\n","protected":false},"excerpt":{"rendered":"<p>Birle\u015fmi\u015f Milletler (BM) Genel Sekreteri Antonio Guterres\u2019in ev sahipli\u011finde Cenevre\u2019de yap\u0131lacak 5+1 gayriresmi K\u0131br\u0131s zirvesi yar\u0131n ba\u015fl\u0131yor. Cumhurba\u015fkan\u0131 Ersin Tatar, yar\u0131n ve sal\u0131 g\u00fcn\u00fc K\u0131br\u0131s T\u00fcrk taraf\u0131 ve K\u0131br\u0131s Rum taraf\u0131 ile \u00fc\u00e7 garant\u00f6r \u00fclke T\u00fcrkiye, Yunanistan ve \u0130ngiltere\u2019nin kat\u0131l\u0131m\u0131yla yap\u0131lacak toplant\u0131lar\u0131 i\u00e7in Cenevre\u2019ye gitmek \u00fczere d\u00fcn \u00f6\u011fle saatlerinde adadan ayr\u0131ld\u0131. K\u0131br\u0131s T\u00fcrk taraf\u0131n\u0131 temsilen [&hellip;]<\/p>\n","protected":false},"author":908,"featured_media":20033,"comment_status":"open","ping_status":"open","sticky":false,"template":"","format":"standard","meta":{"_jetpack_memberships_contains_paid_content":false,"footnotes":"","jetpack_publicize_message":"","jetpack_publicize_feature_enabled":true,"jetpack_social_post_already_shared":true,"jetpack_social_options":{"image_generator_settings":{"template":"highway","default_image_id":0,"font":"","enabled":false},"version":2}},"categories":[253],"tags":[],"class_list":["post-20032","post","type-post","status-publish","format-standard","has-post-thumbnail","hentry","category-gundem"],"jetpack_publicize_connections":[],"jetpack_featured_media_url":"https:\/\/kibrisayna.com\/wp-content\/uploads\/2025\/03\/17421155499301741853747423v2yeniproje-2025-03-10t131916388_1741605581.jpg","jetpack_sharing_enabled":true,"_links":{"self":[{"href":"https:\/\/kibrisayna.com\/index.php\/wp-json\/wp\/v2\/posts\/20032","targetHints":{"allow":["GET"]}}],"collection":[{"href":"https:\/\/kibrisayna.com\/index.php\/wp-json\/wp\/v2\/posts"}],"about":[{"href":"https:\/\/kibrisayna.com\/index.php\/wp-json\/wp\/v2\/types\/post"}],"author":[{"embeddable":true,"href":"https:\/\/kibrisayna.com\/index.php\/wp-json\/wp\/v2\/users\/908"}],"replies":[{"embeddable":true,"href":"https:\/\/kibrisayna.com\/index.php\/wp-json\/wp\/v2\/comments?post=20032"}],"version-history":[{"count":0,"href":"https:\/\/kibrisayna.com\/index.php\/wp-json\/wp\/v2\/posts\/20032\/revisions"}],"wp:featuredmedia":[{"embeddable":true,"href":"https:\/\/kibrisayna.com\/index.php\/wp-json\/wp\/v2\/media\/20033"}],"wp:attachment":[{"href":"https:\/\/kibrisayna.com\/index.php\/wp-json\/wp\/v2\/media?parent=20032"}],"wp:term":[{"taxonomy":"category","embeddable":true,"href":"https:\/\/kibrisayna.com\/index.php\/wp-json\/wp\/v2\/categories?post=20032"},{"taxonomy":"post_tag","embeddable":true,"href":"https:\/\/kibrisayna.com\/index.php\/wp-json\/wp\/v2\/tags?post=20032"}],"curies":[{"name":"wp","href":"https:\/\/api.w.org\/{rel}","templated":true}]}}