{"id":20022,"date":"2025-03-16T11:50:04","date_gmt":"2025-03-16T08:50:04","guid":{"rendered":"https:\/\/kibrisayna.com\/index.php\/2025\/03\/16\/emaanin-14-genel-kurulu-yapildi-brtk\/"},"modified":"2025-03-16T11:50:04","modified_gmt":"2025-03-16T08:50:04","slug":"emaanin-14-genel-kurulu-yapildi-brtk","status":"publish","type":"post","link":"https:\/\/kibrisayna.com\/index.php\/2025\/03\/16\/emaanin-14-genel-kurulu-yapildi-brtk\/","title":{"rendered":"EMAA\u2019n\u0131n 14. Genel Kurulu yap\u0131ld\u0131 \u2013 BRTK"},"content":{"rendered":"<p> <br \/>\n<\/p>\n<div>\n<div class=\"mariselle-image-container center\">\n                <img loading=\"lazy\" decoding=\"async\" width=\"2048\" height=\"1536\" class=\"lazy-image\" alt=\"\" sizes=\"auto, (max-width: 2048px) 100vw, 2048px\" src=\"https:\/\/brtk.net\/wp-content\/uploads\/2025\/03\/16\/1742108453639EMAA-GENEL-KURULU-YAPILDI-1.jpeg?ver=315593d57078cfe4d2ba31f97c55da11\" srcset=\"https:\/\/brtk.net\/wp-content\/uploads\/2025\/03\/16\/1742108453639EMAA-GENEL-KURULU-YAPILDI-1.jpeg?ver=315593d57078cfe4d2ba31f97c55da11 2048w, https:\/\/brtk.net\/wp-content\/uploads\/2025\/03\/16\/1742108453639EMAA-GENEL-KURULU-YAPILDI-1-300x225.jpeg?ver=315593d57078cfe4d2ba31f97c55da11 300w, https:\/\/brtk.net\/wp-content\/uploads\/2025\/03\/16\/1742108453639EMAA-GENEL-KURULU-YAPILDI-1-1024x768.jpeg?ver=fd77c1ceff6fc1fd78ff4708286e45ff 1024w, https:\/\/brtk.net\/wp-content\/uploads\/2025\/03\/16\/1742108453639EMAA-GENEL-KURULU-YAPILDI-1-768x576.jpeg?ver=fd77c1ceff6fc1fd78ff4708286e45ff 768w, https:\/\/brtk.net\/wp-content\/uploads\/2025\/03\/16\/1742108453639EMAA-GENEL-KURULU-YAPILDI-1-1536x1152.jpeg?ver=9aba89244e4e38baa317d949c43d0905 1536w\"\/>                            <\/div>\n<p>Akdeniz Avrupa Sanat Derne\u011fi\u2019nin (EMAA), 14. Ola\u011fan Genel Kurulu yap\u0131ld\u0131.<\/p>\n<p>EMAA Ba\u015fkent Sanat Merkezi\u2019nde yer alan Genel Kurul\u2019da U\u011fur Bah\u00e7eci ve Rahme Veziro\u011flu E\u015f Ba\u015fkanlar olarak belirlendi.<\/p>\n<p>EMAA\u2019dan yap\u0131lan a\u00e7\u0131klamaya g\u00f6re, 14. EMAA Ola\u011fan Genel Kurulu, Divan Ba\u015fkan\u0131 Zehra \u015eonya ve Divan Kurulu \u00fcyeleri Merve Akg\u00fcl ile M\u00fcnevver \u00d6zakal\u0131n e\u015fli\u011finde d\u00fczenlendi. Eski y\u00f6netim kurulunun faaliyet ve mali raporlar\u0131n\u0131n okunup onaylanmas\u0131n\u0131n ard\u0131ndan yeni d\u00f6nem temsil organlar\u0131n\u0131n se\u00e7imi yap\u0131ld\u0131.<\/p>\n<p>Genel kurulda 2025-2027 y\u0131llar\u0131nda yetkili organlarda g\u00f6rev yapacak \u00fcyeler \u015f\u00f6yle belirlendi:<\/p>\n<p>Y\u00f6netim Kurulu: Rahme Veziro\u011flu (E\u015f Ba\u015fkan), U\u011fur Bah\u00e7eci (E\u015f Ba\u015fkan), Hatice D\u00f6rtlemez Bilsel (Sayman), \u00d6zg\u00fcl Saygun (Yazman), Osman Olcaytu\u011f (Sosyal \u0130\u015fler Sorumlusu), Nurtane Karagil (Sosyal \u0130\u015fler Sorumlusu), \u0130nal Bilsel (Sosyal \u0130\u015fler Sorumlusu), M\u00fcnevver \u00d6zakal\u0131n (Yedek \u00dcye), Derya Ulubatl\u0131 (Yedek \u00dcye)<\/p>\n<p>Disiplin Kurulu: \u0130nci Kansu (Ba\u015fkan), Mehmet Kansu (\u00dcye), Kemal Behcet Caymaz (\u00dcye), Alp Karaca (Yedek \u00dcye)<\/p>\n<p>Denetleme Kurulu: Zehra \u015eonya (Ba\u015fkan), G\u00f6k\u00e7e Ke\u00e7eci (\u00dcye), \u0130mge Tonyal\u0131 (\u00dcye), Ceyda Al\u00e7\u0131c\u0131o\u011flu Kozal (Yedek \u00dcye)<\/p>\n<\/p><\/div>\n<p><script async\n                    defer\n                    crossorigin=\"anonymous\"\n                    src=\"https:\/\/connect.facebook.net\/tr_TR\/sdk.js#xfbml=1&#038;version=v3.3\"\n            ><\/script><br \/>\n<br \/><br \/>\n<br \/><a href=\"https:\/\/brtk.net\/emaanin-14-genel-kurulu-yapildi\/\">Kaynak BRT <\/a><\/p>\n","protected":false},"excerpt":{"rendered":"<p>Akdeniz Avrupa Sanat Derne\u011fi\u2019nin (EMAA), 14. Ola\u011fan Genel Kurulu yap\u0131ld\u0131. EMAA Ba\u015fkent Sanat Merkezi\u2019nde yer alan Genel Kurul\u2019da U\u011fur Bah\u00e7eci ve Rahme Veziro\u011flu E\u015f Ba\u015fkanlar olarak belirlendi. EMAA\u2019dan yap\u0131lan a\u00e7\u0131klamaya g\u00f6re, 14. EMAA Ola\u011fan Genel Kurulu, Divan Ba\u015fkan\u0131 Zehra \u015eonya ve Divan Kurulu \u00fcyeleri Merve Akg\u00fcl ile M\u00fcnevver \u00d6zakal\u0131n e\u015fli\u011finde d\u00fczenlendi. Eski y\u00f6netim kurulunun faaliyet [&hellip;]<\/p>\n","protected":false},"author":908,"featured_media":20023,"comment_status":"open","ping_status":"open","sticky":false,"template":"","format":"standard","meta":{"_jetpack_memberships_contains_paid_content":false,"footnotes":"","jetpack_publicize_message":"","jetpack_publicize_feature_enabled":true,"jetpack_social_post_already_shared":true,"jetpack_social_options":{"image_generator_settings":{"template":"highway","default_image_id":0,"font":"","enabled":false},"version":2}},"categories":[253],"tags":[],"class_list":["post-20022","post","type-post","status-publish","format-standard","has-post-thumbnail","hentry","category-gundem"],"jetpack_publicize_connections":[],"jetpack_featured_media_url":"https:\/\/kibrisayna.com\/wp-content\/uploads\/2025\/03\/1742108453639EMAA-GENEL-KURULU-YAPILDI-1.jpeg","jetpack_sharing_enabled":true,"_links":{"self":[{"href":"https:\/\/kibrisayna.com\/index.php\/wp-json\/wp\/v2\/posts\/20022","targetHints":{"allow":["GET"]}}],"collection":[{"href":"https:\/\/kibrisayna.com\/index.php\/wp-json\/wp\/v2\/posts"}],"about":[{"href":"https:\/\/kibrisayna.com\/index.php\/wp-json\/wp\/v2\/types\/post"}],"author":[{"embeddable":true,"href":"https:\/\/kibrisayna.com\/index.php\/wp-json\/wp\/v2\/users\/908"}],"replies":[{"embeddable":true,"href":"https:\/\/kibrisayna.com\/index.php\/wp-json\/wp\/v2\/comments?post=20022"}],"version-history":[{"count":0,"href":"https:\/\/kibrisayna.com\/index.php\/wp-json\/wp\/v2\/posts\/20022\/revisions"}],"wp:featuredmedia":[{"embeddable":true,"href":"https:\/\/kibrisayna.com\/index.php\/wp-json\/wp\/v2\/media\/20023"}],"wp:attachment":[{"href":"https:\/\/kibrisayna.com\/index.php\/wp-json\/wp\/v2\/media?parent=20022"}],"wp:term":[{"taxonomy":"category","embeddable":true,"href":"https:\/\/kibrisayna.com\/index.php\/wp-json\/wp\/v2\/categories?post=20022"},{"taxonomy":"post_tag","embeddable":true,"href":"https:\/\/kibrisayna.com\/index.php\/wp-json\/wp\/v2\/tags?post=20022"}],"curies":[{"name":"wp","href":"https:\/\/api.w.org\/{rel}","templated":true}]}}