{"id":20020,"date":"2025-03-16T11:28:55","date_gmt":"2025-03-16T08:28:55","guid":{"rendered":"https:\/\/kibrisayna.com\/index.php\/2025\/03\/16\/gaziantepin-asirlik-meslegi-yok-olma-tehlikesiyle-karsi-karsiya\/"},"modified":"2025-03-16T11:28:55","modified_gmt":"2025-03-16T08:28:55","slug":"gaziantepin-asirlik-meslegi-yok-olma-tehlikesiyle-karsi-karsiya","status":"publish","type":"post","link":"https:\/\/kibrisayna.com\/index.php\/2025\/03\/16\/gaziantepin-asirlik-meslegi-yok-olma-tehlikesiyle-karsi-karsiya\/","title":{"rendered":"Gaziantep&#8217;in as\u0131rl\u0131k mesle\u011fi: Yok olma tehlikesiyle kar\u015f\u0131 kar\u015f\u0131ya"},"content":{"rendered":"<p> <br \/>\n<br \/><img decoding=\"async\" src=\"https:\/\/cdn1.ntv.com.tr\/gorsel\/Oa72B1hjcUSNRbkcNbH-1Q.jpg?width=1200&amp;ampmode=crop&amp;ampscale=both\" class=\"type:primaryImage\" alt=\"Gaziantep'in as\u0131rl\u0131k mesle\u011fi: Yok olma tehlikesiyle kar\u015f\u0131 kar\u015f\u0131ya\" \/><\/p>\n<p>Gaziantep Bak\u0131rc\u0131lar \u00c7ar\u015f\u0131s\u0131&#8217;nda 43 y\u0131ld\u0131r bak\u0131r i\u015fleyen Mesut Keklik, geli\u015fen teknoloji ve \u00e7al\u0131\u015facak yeni eleman bulamama s\u0131k\u0131nt\u0131s\u0131 nedeniyle mesle\u011fin yok olma tehlikesiyle kar\u015f\u0131 kar\u015f\u0131ya oldu\u011funu s\u00f6yledi.<\/p>\n<section class=\"type:slideshow\">\n<figure><img decoding=\"async\" src=\"https:\/\/cdn1.ntv.com.tr\/gorsel\/IXLec1w4tEamLPLcF0OC5g.jpg?width=1200&amp;mode=crop&amp;scale=both\" width=\"1200\" \/><figcaption>Gaziantep&#8217;in tarihi Bak\u0131rc\u0131lar \u00c7ar\u015f\u0131s\u0131&#8217;nda 43 y\u0131ld\u0131r el i\u015f\u00e7ili\u011fiyle \u00fcretim yapan 53 ya\u015f\u0131ndaki usta Mesut Keklik, geli\u015fen teknoloji ve \u00e7al\u0131\u015facak yeni eleman bulamama s\u0131k\u0131nt\u0131s\u0131 nedeniyle mesle\u011fin gelece\u011finden endi\u015fe ettiklerini s\u00f6yledi.<\/figcaption><\/figure>\n<figure><img decoding=\"async\" src=\"https:\/\/cdn1.ntv.com.tr\/gorsel\/g_iRA4vCg0y9ppde1LIE9Q.jpg?width=1200&amp;mode=crop&amp;scale=both\" width=\"1200\" \/><figcaption>Gaziantep Bak\u0131rc\u0131lar \u00c7ar\u015f\u0131s\u0131&#8217;nda 43 y\u0131ld\u0131r bak\u0131r i\u015fleyen Mesut Keklik, gen\u00e7lerin el sanatlar\u0131na ilgisiz oldu\u011funu belirterek, &#8220;Yeni yeti\u015fen kimse yok, eleman bulam\u0131yoruz. Mecburen fabrikasyon \u00fcretime y\u00f6neliyoruz&#8221; diyerek mesle\u011fin giderek yok oldu\u011funu vurgulad\u0131. K\u00fc\u00e7\u00fck ya\u015fta a\u011fabeyini \u00e7al\u0131\u015f\u0131rken g\u00f6r\u00fcp bu mesle\u011fe ad\u0131m atan Keklik, bak\u0131rc\u0131l\u0131\u011fa olan sevgisini hi\u00e7 kaybetmedi\u011fini s\u00f6yledi. Keklik, g\u00fcn\u00fcm\u00fczde \u00e7\u0131rak yeti\u015fmedi\u011fini ve bu durumun gelecekte el i\u015f\u00e7ili\u011finin tamamen ortadan kalkmas\u0131na neden olabilece\u011fini belirtti. Tarihi ve k\u00fclt\u00fcrel miras\u0131n \u00f6nemli bir par\u00e7as\u0131 olan bak\u0131rc\u0131l\u0131k mesle\u011finin gelece\u011fi, gen\u00e7lerin bu alana y\u00f6nlendirmesiyle m\u00fcmk\u00fcn olaca\u011f\u0131n\u0131 s\u00f6yledi.<\/figcaption><\/figure>\n<figure><img decoding=\"async\" src=\"https:\/\/cdn1.ntv.com.tr\/gorsel\/1IQth1F0akO-EBpwe3cx1w.jpg?width=1200&amp;mode=crop&amp;scale=both\" width=\"1200\" \/><figcaption>Mesle\u011fin yok olmas\u0131ndan korktu\u011funu s\u00f6yleyen usta Keklik, &#8220;\u00c7ocukken abimle birlikte i\u015fe gitmeye ba\u015flad\u0131m. Onu \u00e7al\u0131\u015f\u0131rken g\u00f6rd\u00fc\u011f\u00fcmde, &#8216;Ben de gitmek istiyorum, ben de \u00e7al\u0131\u015fmak istiyorum&#8217; diyerek ba\u015flad\u0131m bu mesle\u011fe. Mesle\u011fimi seviyorum, severek yap\u0131yorum. Ama \u00fcz\u00fcl\u00fcyorum \u00e7\u00fcnk\u00fc yeni yeti\u015fen kimse yok, gen\u00e7ler bu i\u015fe ilgi g\u00f6stermiyor. Eleman yeti\u015fmedi\u011fi i\u00e7in de mecburen fabrikasyon \u00fcretime y\u00f6nelmek zorunda kal\u0131yoruz. Eskiden el i\u015f\u00e7ili\u011fi \u00e7ok daha yayg\u0131nd\u0131, \u015fimdi ise fabrikasyon \u00fcr\u00fcnlerle kar\u0131\u015f\u0131k olarak sat\u0131l\u0131yor.<\/figcaption><\/figure>\n<figure><img decoding=\"async\" src=\"https:\/\/cdn1.ntv.com.tr\/gorsel\/x_vHvvzb9ESqfD9q5V-oww.jpg?width=1200&amp;mode=crop&amp;scale=both\" width=\"1200\" \/><figcaption>El i\u015f\u00e7ili\u011fine direnmeye \u00e7al\u0131\u015f\u0131yoruz ama bu giderek zorla\u015f\u0131yor. Sonu\u00e7ta mesle\u011fimizin bitmekte oldu\u011funu g\u00f6rmek \u00fcz\u00fcc\u00fc. \u0130nsan, hayat\u0131n\u0131 adad\u0131\u011f\u0131 i\u015fin yava\u015f yava\u015f yok oldu\u011funu g\u00f6rd\u00fc\u011f\u00fcnde elbette \u00fcz\u00fcl\u00fcr. O\u011flumu bu mesle\u011fe ben yeti\u015ftirdim, i\u015fi biliyor. B\u00fcy\u00fck o\u011flum da mesle\u011fin t\u00fcm inceliklerini \u00f6\u011frendi, isterse gelip \u00e7al\u0131\u015fabilir. Ama d\u0131\u015far\u0131dan gelen birinin bu i\u015fi \u00f6\u011frenmesi zaman al\u0131r. En ba\u015ftan, temel \u00e7izgilerinden ba\u015flayarak e\u011fitim almas\u0131 gerekir ve tam anlam\u0131yla yeti\u015fmesi en az bir, bir bu\u00e7uk y\u0131l s\u00fcrer&#8221; dedi.<\/figcaption><\/figure>\n<figure><img decoding=\"async\" src=\"https:\/\/cdn1.ntv.com.tr\/gorsel\/8RqACGoTu0211urqeIyDzg.jpg?width=1200&amp;mode=crop&amp;scale=both\" width=\"1200\" \/><figcaption>Gen\u00e7lerin mesle\u011fe ilgi duymad\u0131\u011f\u0131n\u0131 belirten usta Keklik, &#8220;\u015eu an bir \u00e7\u0131ra\u011f\u0131m var, okuluna devam ederken burada da yava\u015f yava\u015f \u00f6\u011freniyor. Fakat gen\u00e7lerin bu mesle\u011fe ilgisiz olmas\u0131 d\u00fc\u015f\u00fcnd\u00fcr\u00fcc\u00fc. G\u00f6z\u00fcn\u00fcn \u00f6n\u00fcnde b\u00fcy\u00fctt\u00fc\u011f\u00fcn, emek verdi\u011fin bir \u015feyin eriyip gitti\u011fini g\u00f6rmek ac\u0131 verici. Asl\u0131nda meslek liselerinde bu t\u00fcr el sanatlar\u0131 i\u00e7in de kurslar a\u00e7\u0131lmal\u0131. Elektrik\u00e7i, elektronik\u00e7i nas\u0131l yeti\u015ftiriliyorsa, tornac\u0131 gibi meslekler i\u00e7in de e\u011fitim verilerek bu alan desteklenmeli. Uygulamal\u0131 e\u011fitimlerle gen\u00e7ler te\u015fvik edilmeli, b\u00f6ylece mesle\u011fin devaml\u0131l\u0131\u011f\u0131 sa\u011flanmal\u0131&#8221; diye konu\u015ftu.<\/figcaption><\/figure>\n<\/section>\n<p><br \/>\n<br \/><a href=\"https:\/\/www.ntv.com.tr\/galeri\/turkiye\/gaziantepin-asirlik-meslegi-yok-olma-tehlikesiyle-karsi-karsiya,IXYCf8_sO0KuhaJ1o3SOxQ\"><\/a><\/p>\n","protected":false},"excerpt":{"rendered":"<p>Gaziantep Bak\u0131rc\u0131lar \u00c7ar\u015f\u0131s\u0131&#8217;nda 43 y\u0131ld\u0131r bak\u0131r i\u015fleyen Mesut Keklik, geli\u015fen teknoloji ve \u00e7al\u0131\u015facak yeni eleman bulamama s\u0131k\u0131nt\u0131s\u0131 nedeniyle mesle\u011fin yok olma tehlikesiyle kar\u015f\u0131 kar\u015f\u0131ya oldu\u011funu s\u00f6yledi. Gaziantep&#8217;in tarihi Bak\u0131rc\u0131lar \u00c7ar\u015f\u0131s\u0131&#8217;nda 43 y\u0131ld\u0131r el i\u015f\u00e7ili\u011fiyle \u00fcretim yapan 53 ya\u015f\u0131ndaki usta Mesut Keklik, geli\u015fen teknoloji ve \u00e7al\u0131\u015facak yeni eleman bulamama s\u0131k\u0131nt\u0131s\u0131 nedeniyle mesle\u011fin gelece\u011finden endi\u015fe ettiklerini s\u00f6yledi. [&hellip;]<\/p>\n","protected":false},"author":908,"featured_media":20021,"comment_status":"open","ping_status":"open","sticky":false,"template":"","format":"standard","meta":{"_jetpack_memberships_contains_paid_content":false,"footnotes":"","jetpack_publicize_message":"","jetpack_publicize_feature_enabled":true,"jetpack_social_post_already_shared":true,"jetpack_social_options":{"image_generator_settings":{"template":"highway","default_image_id":0,"font":"","enabled":false},"version":2}},"categories":[12],"tags":[],"class_list":["post-20020","post","type-post","status-publish","format-standard","has-post-thumbnail","hentry","category-teknoloji"],"jetpack_publicize_connections":[],"jetpack_featured_media_url":"https:\/\/kibrisayna.com\/wp-content\/uploads\/2025\/03\/Oa72B1hjcUSNRbkcNbH-1Q.jpg","jetpack_sharing_enabled":true,"_links":{"self":[{"href":"https:\/\/kibrisayna.com\/index.php\/wp-json\/wp\/v2\/posts\/20020","targetHints":{"allow":["GET"]}}],"collection":[{"href":"https:\/\/kibrisayna.com\/index.php\/wp-json\/wp\/v2\/posts"}],"about":[{"href":"https:\/\/kibrisayna.com\/index.php\/wp-json\/wp\/v2\/types\/post"}],"author":[{"embeddable":true,"href":"https:\/\/kibrisayna.com\/index.php\/wp-json\/wp\/v2\/users\/908"}],"replies":[{"embeddable":true,"href":"https:\/\/kibrisayna.com\/index.php\/wp-json\/wp\/v2\/comments?post=20020"}],"version-history":[{"count":0,"href":"https:\/\/kibrisayna.com\/index.php\/wp-json\/wp\/v2\/posts\/20020\/revisions"}],"wp:featuredmedia":[{"embeddable":true,"href":"https:\/\/kibrisayna.com\/index.php\/wp-json\/wp\/v2\/media\/20021"}],"wp:attachment":[{"href":"https:\/\/kibrisayna.com\/index.php\/wp-json\/wp\/v2\/media?parent=20020"}],"wp:term":[{"taxonomy":"category","embeddable":true,"href":"https:\/\/kibrisayna.com\/index.php\/wp-json\/wp\/v2\/categories?post=20020"},{"taxonomy":"post_tag","embeddable":true,"href":"https:\/\/kibrisayna.com\/index.php\/wp-json\/wp\/v2\/tags?post=20020"}],"curies":[{"name":"wp","href":"https:\/\/api.w.org\/{rel}","templated":true}]}}