{"id":20014,"date":"2025-03-16T08:33:58","date_gmt":"2025-03-16T05:33:58","guid":{"rendered":"https:\/\/kibrisayna.com\/index.php\/2025\/03\/16\/tarihi-kurtarma-gorevi-basladi-spacex-roketi-issye-yanasti\/"},"modified":"2025-03-16T08:33:58","modified_gmt":"2025-03-16T05:33:58","slug":"tarihi-kurtarma-gorevi-basladi-spacex-roketi-issye-yanasti","status":"publish","type":"post","link":"https:\/\/kibrisayna.com\/index.php\/2025\/03\/16\/tarihi-kurtarma-gorevi-basladi-spacex-roketi-issye-yanasti\/","title":{"rendered":"Tarihi kurtarma g\u00f6revi ba\u015flad\u0131: SpaceX roketi ISS&#8217;ye yana\u015ft\u0131!"},"content":{"rendered":"<p> <br \/>\n<br \/><img decoding=\"async\" src=\"https:\/\/cdn1.ntv.com.tr\/gorsel\/An5YHEXD102pY_2maPTCpw.jpg?width=1200&amp;ampmode=crop&amp;ampscale=both\" class=\"type:primaryImage\" alt=\"Tarihi kurtarma g\u00f6revi ba\u015flad\u0131: SpaceX roketi ISS'ye yana\u015ft\u0131!\" \/><\/p>\n<p>Dokuz ayd\u0131r uzayda mahsur kalan iki astronotu kurtarmak i\u00e7in g\u00f6nderilen SpaceX roketi, Uluslararas\u0131 Uzay \u0130stasyonu&#8217;na (ISS) kenetlendi.<\/p>\n<section class=\"type:slideshow\">\n<figure><img decoding=\"async\" src=\"https:\/\/cdn1.ntv.com.tr\/gorsel\/dFBvPuFAnket1Vr_MLXqGw.jpg?width=1200&amp;mode=crop&amp;scale=both\" width=\"1200\" \/><figcaption>Boeing&#8217;in Starliner uzay arac\u0131 ile 6 Haziran&#8217;da uzaya giden iki NASA astronotu, 9 aydan fazla s\u00fcredir uzayda mahsur.<br \/>\nSpaceX&#8217;in Falcon 9 roketi, d\u00f6rt yeni astronotu ISS&#8217;ye ula\u015ft\u0131rma g\u00f6revini yerine getirmek amac\u0131yla Cuma gecesi NASA&#8217;n\u0131n Kennedy Uzay Merkezi&#8217;nden ba\u015far\u0131yla f\u0131rlat\u0131ld\u0131.<\/figcaption><\/figure>\n<figure><img decoding=\"async\" src=\"https:\/\/cdn1.ntv.com.tr\/gorsel\/BEoKdexe5UyRpQQWoBDm3A.jpg?width=1200&amp;mode=crop&amp;scale=both\" width=\"1200\" \/><figcaption>Bu ba\u015far\u0131l\u0131 f\u0131rlatma, astronotlar Sunita Williams ve Butch Wilmore&#8217;un sonunda D\u00fcnya&#8217;ya d\u00f6nebilece\u011fi anlam\u0131na geliyor.<br \/>\nSpaceX&#8217;in sahibi Elon Musk ve di\u011ferleri, Williams ve Wilmore&#8217;un siyasi nedenlerle ISS&#8217;ye b\u0131rak\u0131ld\u0131\u011f\u0131n\u0131 \u00f6ne s\u00fcrse de, bu iddialar astronotlar taraf\u0131ndan reddedildi.<\/figcaption><\/figure>\n<figure><img decoding=\"async\" src=\"https:\/\/cdn1.ntv.com.tr\/gorsel\/jZi0bbPya0C_zwSgGkqozg.jpg?width=1200&amp;mode=crop&amp;scale=both\" width=\"1200\" \/><figcaption>Yeni ekip, 28 saat s\u00fcren yolculu\u011fun ard\u0131ndan Pazar g\u00fcn\u00fc ISS&#8217;ye yana\u015ft\u0131. Wilmore&#8217;un, yakla\u015f\u0131k 90 dakika s\u00fcrecek bas\u0131n\u00e7land\u0131rma ve s\u0131z\u0131nt\u0131 kontrol prosed\u00fcrlerini tamamlamas\u0131n\u0131n ard\u0131ndan, istasyonun kapa\u011f\u0131n\u0131 a\u00e7mas\u0131 planlan\u0131yor.Williams ve Wilmore&#8217;un, SpaceX&#8217;in Dragon kaps\u00fcl\u00fcyle D\u00fcnya&#8217;ya d\u00f6n\u00fc\u015flerine \u00c7ar\u015famba g\u00fcn\u00fc ba\u015flanmas\u0131 bekleniyor.<\/figcaption><\/figure>\n<figure><img decoding=\"async\" src=\"https:\/\/cdn1.ntv.com.tr\/gorsel\/ARY4lqmUTUeiHExCSAdVeQ.jpg?width=1200&amp;mode=crop&amp;scale=both\" width=\"1200\" \/><figcaption>Ba\u015flang\u0131\u00e7ta sekiz g\u00fcn s\u00fcrecek bir g\u00f6reve \u00e7\u0131kan ikili, uzun bir s\u00fcre sonra eve d\u00f6necek. D\u00f6n\u00fc\u015f u\u00e7u\u015funda kendilerine Nick Hague ve\u00a0 Aleksandr Gorbunov da e\u015flik edecek.<br \/>\nYeni m\u00fcrettebat, istasyonun inceliklerini \u00f6\u011frenmek i\u00e7in birka\u00e7 g\u00fcn\u00fc ge\u00e7irecek ve alt\u0131 ayl\u0131k normal g\u00f6rev s\u00fcrelerine ba\u015flayacak.<\/figcaption><\/figure>\n<figure><img decoding=\"async\" src=\"https:\/\/cdn1.ntv.com.tr\/gorsel\/3CllLc7mAEqQd4lbnAHwNg.jpg?width=1200&amp;mode=crop&amp;scale=both\" width=\"1200\" \/><figcaption>Bu geli\u015fme, kurtarma g\u00f6revindeki aksiliklerin ard\u0131ndan geldi. En sonuncusu, Falcon 9 roketindeki hidrolik sistem sorunu nedeniyle \u00c7ar\u015famba g\u00fcn\u00fc u\u00e7u\u015fun son anda iptal edilmesiydi.<br \/>\nBa\u015fkan Trump&#8217;\u0131n Musk&#8217;a Williams ve Wilmore&#8217;u &#8220;al&#8221; demesinin ard\u0131ndan, NASA d\u00f6n\u00fc\u015f g\u00f6revini iki hafta \u00f6ne \u00e7ekti. Trump&#8217;\u0131n iste\u011fi \u00f6ncesinde astronotlar\u0131n 26 Mart&#8217;tan \u00f6nce geri d\u00f6nmeleri beklenmiyordu.<\/figcaption><\/figure>\n<figure><img decoding=\"async\" src=\"https:\/\/cdn1.ntv.com.tr\/gorsel\/tMCA3NARokeiZ__sJDbUFQ.jpg?width=1200&amp;mode=crop&amp;scale=both\" width=\"1200\" \/><figcaption>Trump ve Musk&#8217;\u0131n, astronotlar\u0131n siyasi nedenlerle uzayda b\u0131rak\u0131ld\u0131\u011f\u0131n\u0131 iddia etmeleri, g\u00f6rev s\u0131ras\u0131nda b\u00fcy\u00fck bir tart\u0131\u015fma yaratt\u0131.<br \/>\nMusk, sekiz ay \u00f6nce astronotlar\u0131 \u00fclkelerine getirmeyi teklif etti\u011fini, ancak Biden Y\u00f6netimi&#8217;nin bunu reddetti\u011fini belirtti.<br \/>\nNASA Uzay Operasyonlar\u0131 Misyon M\u00fcd\u00fcrl\u00fc\u011f\u00fc yard\u0131mc\u0131 y\u00f6neticisi Ken Bowersox, bu g\u00f6r\u00fc\u015fmelerin olup olmad\u0131\u011f\u0131 hakk\u0131nda bilgi vermezken, NASA ISS program\u0131 m\u00fcd\u00fcr yard\u0131mc\u0131s\u0131 Dina Contellam, Crew-10 f\u0131rlat\u0131l\u0131\u015f\u0131n\u0131n, Wilmore ve Williams&#8217;\u0131n istasyonda uyuduklar\u0131 s\u0131rada ger\u00e7ekle\u015fti\u011fini s\u00f6yledi.<\/figcaption><\/figure>\n<\/section>\n<p><br \/>\n<br \/><a href=\"https:\/\/www.ntv.com.tr\/galeri\/teknoloji\/tarihi-kurtarma-gorevi-basladispacex-roketi-issye-yanasti,9tlEuJ1Y50q796IMZCEbUQ\"><\/a><\/p>\n","protected":false},"excerpt":{"rendered":"<p>Dokuz ayd\u0131r uzayda mahsur kalan iki astronotu kurtarmak i\u00e7in g\u00f6nderilen SpaceX roketi, Uluslararas\u0131 Uzay \u0130stasyonu&#8217;na (ISS) kenetlendi. Boeing&#8217;in Starliner uzay arac\u0131 ile 6 Haziran&#8217;da uzaya giden iki NASA astronotu, 9 aydan fazla s\u00fcredir uzayda mahsur. SpaceX&#8217;in Falcon 9 roketi, d\u00f6rt yeni astronotu ISS&#8217;ye ula\u015ft\u0131rma g\u00f6revini yerine getirmek amac\u0131yla Cuma gecesi NASA&#8217;n\u0131n Kennedy Uzay Merkezi&#8217;nden ba\u015far\u0131yla [&hellip;]<\/p>\n","protected":false},"author":908,"featured_media":20015,"comment_status":"open","ping_status":"open","sticky":false,"template":"","format":"standard","meta":{"_jetpack_memberships_contains_paid_content":false,"footnotes":"","jetpack_publicize_message":"","jetpack_publicize_feature_enabled":true,"jetpack_social_post_already_shared":true,"jetpack_social_options":{"image_generator_settings":{"template":"highway","default_image_id":0,"font":"","enabled":false},"version":2}},"categories":[12],"tags":[],"class_list":["post-20014","post","type-post","status-publish","format-standard","has-post-thumbnail","hentry","category-teknoloji"],"jetpack_publicize_connections":[],"jetpack_featured_media_url":"https:\/\/kibrisayna.com\/wp-content\/uploads\/2025\/03\/An5YHEXD102pY_2maPTCpw.jpg","jetpack_sharing_enabled":true,"_links":{"self":[{"href":"https:\/\/kibrisayna.com\/index.php\/wp-json\/wp\/v2\/posts\/20014","targetHints":{"allow":["GET"]}}],"collection":[{"href":"https:\/\/kibrisayna.com\/index.php\/wp-json\/wp\/v2\/posts"}],"about":[{"href":"https:\/\/kibrisayna.com\/index.php\/wp-json\/wp\/v2\/types\/post"}],"author":[{"embeddable":true,"href":"https:\/\/kibrisayna.com\/index.php\/wp-json\/wp\/v2\/users\/908"}],"replies":[{"embeddable":true,"href":"https:\/\/kibrisayna.com\/index.php\/wp-json\/wp\/v2\/comments?post=20014"}],"version-history":[{"count":0,"href":"https:\/\/kibrisayna.com\/index.php\/wp-json\/wp\/v2\/posts\/20014\/revisions"}],"wp:featuredmedia":[{"embeddable":true,"href":"https:\/\/kibrisayna.com\/index.php\/wp-json\/wp\/v2\/media\/20015"}],"wp:attachment":[{"href":"https:\/\/kibrisayna.com\/index.php\/wp-json\/wp\/v2\/media?parent=20014"}],"wp:term":[{"taxonomy":"category","embeddable":true,"href":"https:\/\/kibrisayna.com\/index.php\/wp-json\/wp\/v2\/categories?post=20014"},{"taxonomy":"post_tag","embeddable":true,"href":"https:\/\/kibrisayna.com\/index.php\/wp-json\/wp\/v2\/tags?post=20014"}],"curies":[{"name":"wp","href":"https:\/\/api.w.org\/{rel}","templated":true}]}}