{"id":20012,"date":"2025-03-15T23:37:06","date_gmt":"2025-03-15T20:37:06","guid":{"rendered":"https:\/\/kibrisayna.com\/index.php\/2025\/03\/15\/mok-kamaliya-emanet-brtk\/"},"modified":"2025-03-15T23:37:06","modified_gmt":"2025-03-15T20:37:06","slug":"mok-kamaliya-emanet-brtk","status":"publish","type":"post","link":"https:\/\/kibrisayna.com\/index.php\/2025\/03\/15\/mok-kamaliya-emanet-brtk\/","title":{"rendered":"MOK Kamal\u0131\u2019ya emanet \u2013 BRTK"},"content":{"rendered":"<p> <br \/>\n<\/p>\n<div>\n<div class=\"mariselle-image-container none\">\n                <img loading=\"lazy\" decoding=\"async\" width=\"2560\" height=\"1196\" class=\"lazy-image\" alt=\"\" sizes=\"auto, (max-width: 2560px) 100vw, 2560px\" src=\"https:\/\/brtk.net\/wp-content\/uploads\/2025\/03\/15\/MOK-scaled.jpeg?ver=297bc625193be3aaeee6f8b116cc9191\" srcset=\"https:\/\/brtk.net\/wp-content\/uploads\/2025\/03\/15\/MOK-scaled.jpeg?ver=297bc625193be3aaeee6f8b116cc9191 2560w, https:\/\/brtk.net\/wp-content\/uploads\/2025\/03\/15\/MOK-300x140.jpeg?ver=297bc625193be3aaeee6f8b116cc9191 300w, https:\/\/brtk.net\/wp-content\/uploads\/2025\/03\/15\/MOK-1024x478.jpeg?ver=f70691f3b72feb84f597b14335e812cf 1024w, https:\/\/brtk.net\/wp-content\/uploads\/2025\/03\/15\/MOK-768x359.jpeg?ver=f70691f3b72feb84f597b14335e812cf 768w, https:\/\/brtk.net\/wp-content\/uploads\/2025\/03\/15\/MOK-1536x717.jpeg?ver=d946e7fe1e60946b2c1de9aeffb0f2fb 1536w, https:\/\/brtk.net\/wp-content\/uploads\/2025\/03\/15\/MOK-2048x956.jpeg?ver=954469c1d6cac4089a14e74e95e94ea7 2048w\"\/>                            <\/div>\n<p>KKTC Milli Olimpiyat Komitesi\u2019nde se\u00e7imli genel kurul bug\u00fcn topland\u0131\u2026<br \/>Girne \u00d6\u011fretmen Evi\u2019nde saat 11.00\u2019de ba\u015flayan genel kurulda ba\u015fkanl\u0131k g\u00f6revi i\u00e7in Or\u00e7un Kamal\u0131 tek aday olarak se\u00e7ime kat\u0131ld\u0131 ve MOK\u2019un 8. ba\u015fkan\u0131 oldu\u2026<br \/>\u00dclkede spor y\u00f6netimi dahil, Futbol ve Engelliler Spor Federasyonu\u2019nda da g\u00f6revlerde bulunan Or\u00e7un Kamal\u0131, yurt d\u0131\u015f\u0131 organizasyonlar\u0131n g\u00f6rev kadrolar\u0131nda da yer alan bir isimdi\u2026<br \/>Kamal\u0131, en son Uluslararas\u0131 Tekerlekli Sandalye Basketbol Federasyonu IWBF Europe\u2019un y\u00f6netim kuruluna da se\u00e7ilmi\u015fti\u2026<\/p>\n<p>\u00a0<\/p>\n<p>\u00a0<\/p>\n<\/p><\/div>\n<p><script async\n                    defer\n                    crossorigin=\"anonymous\"\n                    src=\"https:\/\/connect.facebook.net\/tr_TR\/sdk.js#xfbml=1&#038;version=v3.3\"\n            ><\/script><br \/>\n<br \/><br \/>\n<br \/><a href=\"https:\/\/brtk.net\/mok-kamaliya-emanet\/\">Kaynak BRT <\/a><\/p>\n","protected":false},"excerpt":{"rendered":"<p>KKTC Milli Olimpiyat Komitesi\u2019nde se\u00e7imli genel kurul bug\u00fcn topland\u0131\u2026Girne \u00d6\u011fretmen Evi\u2019nde saat 11.00\u2019de ba\u015flayan genel kurulda ba\u015fkanl\u0131k g\u00f6revi i\u00e7in Or\u00e7un Kamal\u0131 tek aday olarak se\u00e7ime kat\u0131ld\u0131 ve MOK\u2019un 8. ba\u015fkan\u0131 oldu\u2026\u00dclkede spor y\u00f6netimi dahil, Futbol ve Engelliler Spor Federasyonu\u2019nda da g\u00f6revlerde bulunan Or\u00e7un Kamal\u0131, yurt d\u0131\u015f\u0131 organizasyonlar\u0131n g\u00f6rev kadrolar\u0131nda da yer alan bir isimdi\u2026Kamal\u0131, en [&hellip;]<\/p>\n","protected":false},"author":908,"featured_media":20013,"comment_status":"open","ping_status":"open","sticky":false,"template":"","format":"standard","meta":{"_jetpack_memberships_contains_paid_content":false,"footnotes":"","jetpack_publicize_message":"","jetpack_publicize_feature_enabled":true,"jetpack_social_post_already_shared":true,"jetpack_social_options":{"image_generator_settings":{"template":"highway","default_image_id":0,"font":"","enabled":false},"version":2}},"categories":[9],"tags":[],"class_list":["post-20012","post","type-post","status-publish","format-standard","has-post-thumbnail","hentry","category-spor"],"jetpack_publicize_connections":[],"jetpack_featured_media_url":"https:\/\/kibrisayna.com\/wp-content\/uploads\/2025\/03\/MOK-scaled.jpeg","jetpack_sharing_enabled":true,"_links":{"self":[{"href":"https:\/\/kibrisayna.com\/index.php\/wp-json\/wp\/v2\/posts\/20012","targetHints":{"allow":["GET"]}}],"collection":[{"href":"https:\/\/kibrisayna.com\/index.php\/wp-json\/wp\/v2\/posts"}],"about":[{"href":"https:\/\/kibrisayna.com\/index.php\/wp-json\/wp\/v2\/types\/post"}],"author":[{"embeddable":true,"href":"https:\/\/kibrisayna.com\/index.php\/wp-json\/wp\/v2\/users\/908"}],"replies":[{"embeddable":true,"href":"https:\/\/kibrisayna.com\/index.php\/wp-json\/wp\/v2\/comments?post=20012"}],"version-history":[{"count":0,"href":"https:\/\/kibrisayna.com\/index.php\/wp-json\/wp\/v2\/posts\/20012\/revisions"}],"wp:featuredmedia":[{"embeddable":true,"href":"https:\/\/kibrisayna.com\/index.php\/wp-json\/wp\/v2\/media\/20013"}],"wp:attachment":[{"href":"https:\/\/kibrisayna.com\/index.php\/wp-json\/wp\/v2\/media?parent=20012"}],"wp:term":[{"taxonomy":"category","embeddable":true,"href":"https:\/\/kibrisayna.com\/index.php\/wp-json\/wp\/v2\/categories?post=20012"},{"taxonomy":"post_tag","embeddable":true,"href":"https:\/\/kibrisayna.com\/index.php\/wp-json\/wp\/v2\/tags?post=20012"}],"curies":[{"name":"wp","href":"https:\/\/api.w.org\/{rel}","templated":true}]}}