{"id":19952,"date":"2025-03-14T18:17:00","date_gmt":"2025-03-14T15:17:00","guid":{"rendered":"https:\/\/kibrisayna.com\/index.php\/2025\/03\/14\/tdk-baskani-prof-dr-mert-daude-konferans-verdi-brtk\/"},"modified":"2025-03-14T18:17:00","modified_gmt":"2025-03-14T15:17:00","slug":"tdk-baskani-prof-dr-mert-daude-konferans-verdi-brtk","status":"publish","type":"post","link":"https:\/\/kibrisayna.com\/index.php\/2025\/03\/14\/tdk-baskani-prof-dr-mert-daude-konferans-verdi-brtk\/","title":{"rendered":"TDK Ba\u015fkan\u0131 Prof. Dr. Mert, DA\u00dc\u2019de konferans verdi \u2013 BRTK"},"content":{"rendered":"<p> <br \/>\n<\/p>\n<div>\n<div class=\"mariselle-image-container center\">\n                <img loading=\"lazy\" decoding=\"async\" width=\"1700\" height=\"1249\" class=\"lazy-image\" alt=\"\" sizes=\"auto, (max-width: 1700px) 100vw, 1700px\" src=\"https:\/\/brtk.net\/wp-content\/uploads\/2025\/03\/14\/askdla.jpg?ver=42ba95b4300f3a2ce9910eb5cfdcd8a4\" srcset=\"https:\/\/brtk.net\/wp-content\/uploads\/2025\/03\/14\/askdla.jpg?ver=42ba95b4300f3a2ce9910eb5cfdcd8a4 1700w, https:\/\/brtk.net\/wp-content\/uploads\/2025\/03\/14\/askdla-300x220.jpg?ver=4752907d369f74055d45cdc203609727 300w, https:\/\/brtk.net\/wp-content\/uploads\/2025\/03\/14\/askdla-1024x752.jpg?ver=4752907d369f74055d45cdc203609727 1024w, https:\/\/brtk.net\/wp-content\/uploads\/2025\/03\/14\/askdla-768x564.jpg?ver=4752907d369f74055d45cdc203609727 768w, https:\/\/brtk.net\/wp-content\/uploads\/2025\/03\/14\/askdla-1536x1129.jpg?ver=ce0b2ac05c294f0e4d44b9e056da3372 1536w\"\/>                            <\/div>\n<p>Do\u011fu Akdeniz \u00dcniversitesi\u2019nde (DA\u00dc) bug\u00fcn, \u201cT\u00fcrk D\u00fcnyas\u0131nda Ortak Alfabe \u00c7al\u0131\u015fmalar\u0131\u201d konulu konferans d\u00fczenlendi.<\/p>\n<p>DA\u00dc Halkla \u0130li\u015fkiler ve Medya M\u00fcd\u00fcrl\u00fc\u011f\u00fc\u2019nden yap\u0131lan a\u00e7\u0131klamaya g\u00f6re, Mustafa Af\u015fin Ersoy Salonu\u2019nda yer alan etkinlikte, T\u00fcrkiye Cumhuriyeti T\u00fcrk Dil Kurumu (TDK) Ba\u015fkan\u0131 Prof. Dr. Osman Mert konu\u015fmac\u0131 olarak yer ald\u0131.<\/p>\n<p><strong>-Pehlivan: \u201cKKTC ilk kez bir ortak alfabe \u00e7al\u0131\u015fmas\u0131na dahil oldu\u201d<\/strong><\/p>\n<p>DA\u00dc E\u011fitim Fak\u00fcltesi Dekan\u0131 Prof. Dr. Ahmet Pehlivan a\u00e7\u0131l\u0131\u015fta yapt\u0131\u011f\u0131 konu\u015fmada, TDK Ba\u015fkan\u0131 Prof. Dr. Mert\u2019in, KKTC\u2019deki dil bilgisine yapt\u0131\u011f\u0131 katk\u0131lara de\u011findi.<\/p>\n<p>Pehlivan, T\u00fcrk Cumhuriyetleri aras\u0131nda KKTC\u2019yi ilk kez bir ortak alfabe \u00e7al\u0131\u015fmas\u0131na dahil etmesinden dolay\u0131 Mert\u2019in ayr\u0131 bir yere sahip oldu\u011funu belirtti.<\/p>\n<p><strong>-K\u0131l\u0131\u00e7: \u201cAlfabe birli\u011fi T\u00fcrk d\u00fcnyas\u0131nda etkile\u015fimi g\u00fc\u00e7lendirecek\u201d<\/strong><\/p>\n<p>DA\u00dc Rekt\u00f6r\u00fc Prof. Dr. Hasan K\u0131l\u0131\u00e7 da, alfabe birli\u011finin, T\u00fcrk d\u00fcnyas\u0131nda etkile\u015fimi g\u00fc\u00e7lendirece\u011fini kaydetti.<\/p>\n<p>Prof. Dr. Osman Mert\u2019in liderli\u011finde y\u00fcr\u00fct\u00fclen \u00e7al\u0131\u015fmalar\u0131n bu alanda \u00f6nemli bir ad\u0131m oldu\u011funu ifade eden K\u0131l\u0131\u00e7, ortak alfabenin, k\u00fclt\u00fcrel miras\u0131n sa\u011flam temeller \u00fczerine in\u015fa edilmesine katk\u0131 sunaca\u011f\u0131n\u0131 s\u00f6yledi.<\/p>\n<p>Dilin sadece bir ileti\u015fim arac\u0131 de\u011fil, ayn\u0131 zamanda kimlik ve birlik unsuru oldu\u011funu dile getiren K\u0131l\u0131\u00e7, ortak alfabenin bilimsel, sanatsal ve ekonomik i\u015f birliklerini de destekleyece\u011fini vurgulad\u0131.<\/p>\n<div class=\"mariselle-image-container center\">\n                <img loading=\"lazy\" decoding=\"async\" width=\"1662\" height=\"582\" class=\"lazy-image\" alt=\"\" sizes=\"auto, (max-width: 1662px) 100vw, 1662px\" src=\"https:\/\/brtk.net\/wp-content\/uploads\/2025\/03\/14\/320842.jpg?ver=821dd883e26398bab5bf03a5698df9c6\" srcset=\"https:\/\/brtk.net\/wp-content\/uploads\/2025\/03\/14\/320842.jpg?ver=821dd883e26398bab5bf03a5698df9c6 1662w, https:\/\/brtk.net\/wp-content\/uploads\/2025\/03\/14\/320842-300x105.jpg?ver=821dd883e26398bab5bf03a5698df9c6 300w, https:\/\/brtk.net\/wp-content\/uploads\/2025\/03\/14\/320842-1024x359.jpg?ver=521aacb46f65d20c653dcd3550919d09 1024w, https:\/\/brtk.net\/wp-content\/uploads\/2025\/03\/14\/320842-768x269.jpg?ver=521aacb46f65d20c653dcd3550919d09 768w, https:\/\/brtk.net\/wp-content\/uploads\/2025\/03\/14\/320842-1536x538.jpg?ver=521aacb46f65d20c653dcd3550919d09 1536w\"\/>                            <\/div>\n<p>\nA\u00e7\u0131l\u0131\u015f konu\u015fmalar\u0131n\u0131n ard\u0131ndan konferansa ge\u00e7ildi. Prof. Dr. Mert, alfabede birlik sa\u011flanmadan, di\u011fer alanlarda birlik sa\u011flanamayaca\u011f\u0131n\u0131 ifade ederek, k\u00fclt\u00fcr\u00fcn kelimelerle kodland\u0131\u011f\u0131n\u0131 ve bu \u015fekilde aktar\u0131ld\u0131\u011f\u0131n\u0131 belirtti.<\/p>\n<p>Ortak alfabenin halklar\u0131 birbirine yakla\u015ft\u0131raca\u011f\u0131n\u0131 ifade eden Mert, KKTC\u2019nin, T\u00fcrk d\u00fcnyas\u0131n\u0131n bir par\u00e7as\u0131 oldu\u011funu s\u00f6yledi. T\u00fcrk\u00e7e\u2019nin \u00f6nemini, \u201cAnadolu\u2019dan T\u00fcrk\u00e7e\u2019nin \u00e7\u0131kar\u0131lmas\u0131n\u0131 hayal edin, yok oluruz.\u201d diyerek, vurgulayan Mert, \u201cGe\u00e7mi\u015fte nas\u0131l devlet d\u00fczeyinde birlik sa\u011fland\u0131ysa, \u015fimdi de ortak alfabe ile birlik sa\u011flanabilir.\u201d \u015feklinde konu\u015ftu.<\/p>\n<p>Kat\u0131l\u0131mc\u0131lardan gelen sorular\u0131n yan\u0131tlanmas\u0131n\u0131n ard\u0131ndan DA\u00dc Rekt\u00f6r\u00fc Prof. Dr. Hasan K\u0131l\u0131\u00e7, TDK Ba\u015fkan\u0131 Prof. Dr. Osman Mert\u2019e plaket takdim etti.<\/p>\n<p>-Ziyaret<\/p>\n<p>Konferans\u0131n sonras\u0131nda Prof. Dr. Osman Mert, DA\u00dc Rekt\u00f6r\u00fc Prof. Dr. Hasan K\u0131l\u0131\u00e7\u2019\u0131 makam\u0131nda ziyaret etti. Ziyarette, DA\u00dc hakk\u0131nda detayl\u0131 bilgi veren Prof. Dr. K\u0131l\u0131\u00e7, Prof. Dr. Mert\u2019i, DA\u00dc\u2019de a\u011f\u0131rlamaktan memnuniyet duydu\u011funu ifade etti.<\/p>\n<p>Ziyarette kar\u015f\u0131l\u0131kl\u0131 hediye takdiminde de bulunuldu.<\/p>\n<\/p><\/div>\n<p><script async\n                    defer\n                    crossorigin=\"anonymous\"\n                    src=\"https:\/\/connect.facebook.net\/tr_TR\/sdk.js#xfbml=1&#038;version=v3.3\"\n            ><\/script><br \/>\n<br \/><br \/>\n<br \/><a href=\"https:\/\/brtk.net\/tdk-baskani-prof-dr-mert-daude-konferans-verdi\/\">Kaynak BRT <\/a><\/p>\n","protected":false},"excerpt":{"rendered":"<p>Do\u011fu Akdeniz \u00dcniversitesi\u2019nde (DA\u00dc) bug\u00fcn, \u201cT\u00fcrk D\u00fcnyas\u0131nda Ortak Alfabe \u00c7al\u0131\u015fmalar\u0131\u201d konulu konferans d\u00fczenlendi. DA\u00dc Halkla \u0130li\u015fkiler ve Medya M\u00fcd\u00fcrl\u00fc\u011f\u00fc\u2019nden yap\u0131lan a\u00e7\u0131klamaya g\u00f6re, Mustafa Af\u015fin Ersoy Salonu\u2019nda yer alan etkinlikte, T\u00fcrkiye Cumhuriyeti T\u00fcrk Dil Kurumu (TDK) Ba\u015fkan\u0131 Prof. Dr. Osman Mert konu\u015fmac\u0131 olarak yer ald\u0131. -Pehlivan: \u201cKKTC ilk kez bir ortak alfabe \u00e7al\u0131\u015fmas\u0131na dahil oldu\u201d DA\u00dc [&hellip;]<\/p>\n","protected":false},"author":908,"featured_media":19953,"comment_status":"open","ping_status":"open","sticky":false,"template":"","format":"standard","meta":{"_jetpack_memberships_contains_paid_content":false,"footnotes":"","jetpack_publicize_message":"","jetpack_publicize_feature_enabled":true,"jetpack_social_post_already_shared":true,"jetpack_social_options":{"image_generator_settings":{"template":"highway","default_image_id":0,"font":"","enabled":false},"version":2}},"categories":[253],"tags":[],"class_list":["post-19952","post","type-post","status-publish","format-standard","has-post-thumbnail","hentry","category-gundem"],"jetpack_publicize_connections":[],"jetpack_featured_media_url":"https:\/\/kibrisayna.com\/wp-content\/uploads\/2025\/03\/askdla.jpg","jetpack_sharing_enabled":true,"_links":{"self":[{"href":"https:\/\/kibrisayna.com\/index.php\/wp-json\/wp\/v2\/posts\/19952","targetHints":{"allow":["GET"]}}],"collection":[{"href":"https:\/\/kibrisayna.com\/index.php\/wp-json\/wp\/v2\/posts"}],"about":[{"href":"https:\/\/kibrisayna.com\/index.php\/wp-json\/wp\/v2\/types\/post"}],"author":[{"embeddable":true,"href":"https:\/\/kibrisayna.com\/index.php\/wp-json\/wp\/v2\/users\/908"}],"replies":[{"embeddable":true,"href":"https:\/\/kibrisayna.com\/index.php\/wp-json\/wp\/v2\/comments?post=19952"}],"version-history":[{"count":0,"href":"https:\/\/kibrisayna.com\/index.php\/wp-json\/wp\/v2\/posts\/19952\/revisions"}],"wp:featuredmedia":[{"embeddable":true,"href":"https:\/\/kibrisayna.com\/index.php\/wp-json\/wp\/v2\/media\/19953"}],"wp:attachment":[{"href":"https:\/\/kibrisayna.com\/index.php\/wp-json\/wp\/v2\/media?parent=19952"}],"wp:term":[{"taxonomy":"category","embeddable":true,"href":"https:\/\/kibrisayna.com\/index.php\/wp-json\/wp\/v2\/categories?post=19952"},{"taxonomy":"post_tag","embeddable":true,"href":"https:\/\/kibrisayna.com\/index.php\/wp-json\/wp\/v2\/tags?post=19952"}],"curies":[{"name":"wp","href":"https:\/\/api.w.org\/{rel}","templated":true}]}}