{"id":19950,"date":"2025-03-14T18:10:58","date_gmt":"2025-03-14T15:10:58","guid":{"rendered":"https:\/\/kibrisayna.com\/index.php\/2025\/03\/14\/hukuk-siyasi-isler-disiliskiler-ve-savunma-komitesi-secim-ve-halkoylamasi-degisiklik-yasa-onerisini-gorustu-brtk\/"},"modified":"2025-03-14T18:10:58","modified_gmt":"2025-03-14T15:10:58","slug":"hukuk-siyasi-isler-disiliskiler-ve-savunma-komitesi-secim-ve-halkoylamasi-degisiklik-yasa-onerisini-gorustu-brtk","status":"publish","type":"post","link":"https:\/\/kibrisayna.com\/index.php\/2025\/03\/14\/hukuk-siyasi-isler-disiliskiler-ve-savunma-komitesi-secim-ve-halkoylamasi-degisiklik-yasa-onerisini-gorustu-brtk\/","title":{"rendered":"Hukuk, Siyasi \u0130\u015fler, D\u0131\u015fili\u015fkiler ve Savunma Komitesi \u201cSe\u00e7im ve Halkoylamas\u0131 (De\u011fi\u015fiklik) Yasa \u00d6nerisi\u201dni g\u00f6r\u00fc\u015ft\u00fc \u2013 BRTK"},"content":{"rendered":"<p> <br \/>\n<\/p>\n<div>\n<div class=\"mariselle-image-container center\">\n                <img loading=\"lazy\" decoding=\"async\" width=\"1800\" height=\"1200\" class=\"lazy-image\" alt=\"\" sizes=\"auto, (max-width: 1800px) 100vw, 1800px\" src=\"https:\/\/brtk.net\/wp-content\/uploads\/2025\/03\/14\/1084081.jpg?ver=fc3e8b60f936c25b39846e7ba930cb36\" srcset=\"https:\/\/brtk.net\/wp-content\/uploads\/2025\/03\/14\/1084081.jpg?ver=fc3e8b60f936c25b39846e7ba930cb36 1800w, https:\/\/brtk.net\/wp-content\/uploads\/2025\/03\/14\/1084081-300x200.jpg?ver=f75fa9c8cbc85ae51416ab5c5d7ad32c 300w, https:\/\/brtk.net\/wp-content\/uploads\/2025\/03\/14\/1084081-1024x683.jpg?ver=f75fa9c8cbc85ae51416ab5c5d7ad32c 1024w, https:\/\/brtk.net\/wp-content\/uploads\/2025\/03\/14\/1084081-768x512.jpg?ver=f75fa9c8cbc85ae51416ab5c5d7ad32c 768w, https:\/\/brtk.net\/wp-content\/uploads\/2025\/03\/14\/1084081-1536x1024.jpg?ver=c62d6987ac4da832a8327b2e7f92282d 1536w\"\/>                            <\/div>\n<p>Cumhuriyet Meclisi, Hukuk, Siyasi \u0130\u015fler, D\u0131\u015fili\u015fkiler ve Savunma Komitesi bug\u00fcn saat 11.00\u2019de Komite Ba\u015fkan\u0131 UBP Milletvekili Yasemi \u00d6zt\u00fcrk ba\u015fkanl\u0131\u011f\u0131nda topland\u0131.<\/p>\n<p>Meclis\u2019ten yap\u0131lan a\u00e7\u0131klamaya g\u00f6re, Komite, g\u00fcndeminde bulunan \u201cSe\u00e7im ve Halkoylamas\u0131 (De\u011fi\u015fiklik) Yasa \u00d6nerisi\u2019ni ele ald\u0131. Komite\u2019nin, Yasa \u00d6nerisi ile ilgili \u00e7al\u0131\u015fmalar\u0131na bir sonraki toplant\u0131s\u0131nda devam edece\u011fi ifade edildi.<\/p>\n<p>Komite toplant\u0131s\u0131na davetli olarak \u00f6neri sahibi UBP Gazima\u011fusa Milletvekili O\u011fuzhan Hasipo\u011flu ile Y\u00fcksek Se\u00e7im Kurulu, Ba\u015fsavc\u0131l\u0131k, Ulusal Birlik Partisi, Cumhuriyet\u00e7i T\u00fcrk Partisi, Demokrat Parti ve Yeniden Do\u011fu\u015f Partisi\u2019nden yetkili ve temsilciler kat\u0131larak konu ile ilgili g\u00f6r\u00fc\u015flerini sundu.<\/p>\n<p>Komite Ba\u015fkan\u0131 UBP Milletvekili Yasemi \u00d6zt\u00fcrk ba\u015fkanl\u0131\u011f\u0131nda yap\u0131lan toplant\u0131ya, Komite Ba\u015fkan Vekili CTP Milletvekili Ongun Talat, Komite \u00dcyesi UBP milletvekilleri F\u0131rt\u0131na Karanfil ve Hasan K\u00fc\u00e7\u00fck ile CTP Milletvekili \u00dcr\u00fcn Solyal\u0131\u2019n\u0131n yan\u0131 s\u0131ra, Cumhuriyet Meclisi Ba\u015fkan Yard\u0131mc\u0131s\u0131 CTP Milletvekili Fazilet \u00d6zdenefe, CTP milletvekilleri Erkut \u015eahali, Devrim Bar\u00e7\u0131n, Arma\u011fan Candan, Sami \u00d6zuslu, \u015eifa \u00c7olako\u011flu ve S\u0131la Usar \u0130ncirli, DP Milletvekili Serhat Akp\u0131nar ve Ba\u011f\u0131ms\u0131z Milletvekili Ay\u015feg\u00fcl Baybars da kat\u0131ld\u0131.<\/p>\n<\/p><\/div>\n<p><script async\n                    defer\n                    crossorigin=\"anonymous\"\n                    src=\"https:\/\/connect.facebook.net\/tr_TR\/sdk.js#xfbml=1&#038;version=v3.3\"\n            ><\/script><br \/>\n<br \/><br \/>\n<br \/><a href=\"https:\/\/brtk.net\/hukuk-siyasi-isler-disiliskiler-ve-savunma-komitesi-secim-ve-halkoylamasi-degisiklik-yasa-onerisini-gorustu\/\">Kaynak BRT <\/a><\/p>\n","protected":false},"excerpt":{"rendered":"<p>Cumhuriyet Meclisi, Hukuk, Siyasi \u0130\u015fler, D\u0131\u015fili\u015fkiler ve Savunma Komitesi bug\u00fcn saat 11.00\u2019de Komite Ba\u015fkan\u0131 UBP Milletvekili Yasemi \u00d6zt\u00fcrk ba\u015fkanl\u0131\u011f\u0131nda topland\u0131. Meclis\u2019ten yap\u0131lan a\u00e7\u0131klamaya g\u00f6re, Komite, g\u00fcndeminde bulunan \u201cSe\u00e7im ve Halkoylamas\u0131 (De\u011fi\u015fiklik) Yasa \u00d6nerisi\u2019ni ele ald\u0131. Komite\u2019nin, Yasa \u00d6nerisi ile ilgili \u00e7al\u0131\u015fmalar\u0131na bir sonraki toplant\u0131s\u0131nda devam edece\u011fi ifade edildi. Komite toplant\u0131s\u0131na davetli olarak \u00f6neri sahibi UBP [&hellip;]<\/p>\n","protected":false},"author":908,"featured_media":19951,"comment_status":"open","ping_status":"open","sticky":false,"template":"","format":"standard","meta":{"_jetpack_memberships_contains_paid_content":false,"footnotes":"","jetpack_publicize_message":"","jetpack_publicize_feature_enabled":true,"jetpack_social_post_already_shared":true,"jetpack_social_options":{"image_generator_settings":{"template":"highway","default_image_id":0,"font":"","enabled":false},"version":2}},"categories":[253],"tags":[],"class_list":["post-19950","post","type-post","status-publish","format-standard","has-post-thumbnail","hentry","category-gundem"],"jetpack_publicize_connections":[],"jetpack_featured_media_url":"https:\/\/kibrisayna.com\/wp-content\/uploads\/2025\/03\/1084081.jpg","jetpack_sharing_enabled":true,"_links":{"self":[{"href":"https:\/\/kibrisayna.com\/index.php\/wp-json\/wp\/v2\/posts\/19950","targetHints":{"allow":["GET"]}}],"collection":[{"href":"https:\/\/kibrisayna.com\/index.php\/wp-json\/wp\/v2\/posts"}],"about":[{"href":"https:\/\/kibrisayna.com\/index.php\/wp-json\/wp\/v2\/types\/post"}],"author":[{"embeddable":true,"href":"https:\/\/kibrisayna.com\/index.php\/wp-json\/wp\/v2\/users\/908"}],"replies":[{"embeddable":true,"href":"https:\/\/kibrisayna.com\/index.php\/wp-json\/wp\/v2\/comments?post=19950"}],"version-history":[{"count":0,"href":"https:\/\/kibrisayna.com\/index.php\/wp-json\/wp\/v2\/posts\/19950\/revisions"}],"wp:featuredmedia":[{"embeddable":true,"href":"https:\/\/kibrisayna.com\/index.php\/wp-json\/wp\/v2\/media\/19951"}],"wp:attachment":[{"href":"https:\/\/kibrisayna.com\/index.php\/wp-json\/wp\/v2\/media?parent=19950"}],"wp:term":[{"taxonomy":"category","embeddable":true,"href":"https:\/\/kibrisayna.com\/index.php\/wp-json\/wp\/v2\/categories?post=19950"},{"taxonomy":"post_tag","embeddable":true,"href":"https:\/\/kibrisayna.com\/index.php\/wp-json\/wp\/v2\/tags?post=19950"}],"curies":[{"name":"wp","href":"https:\/\/api.w.org\/{rel}","templated":true}]}}