{"id":19949,"date":"2025-03-14T18:07:00","date_gmt":"2025-03-14T15:07:00","guid":{"rendered":"https:\/\/kibrisayna.com\/index.php\/2025\/03\/14\/balkondan-dusen-bir-yasindaki-cocuk-agir-yaralandi-brtk\/"},"modified":"2025-03-14T18:07:00","modified_gmt":"2025-03-14T15:07:00","slug":"balkondan-dusen-bir-yasindaki-cocuk-agir-yaralandi-brtk","status":"publish","type":"post","link":"https:\/\/kibrisayna.com\/index.php\/2025\/03\/14\/balkondan-dusen-bir-yasindaki-cocuk-agir-yaralandi-brtk\/","title":{"rendered":"Balkondan d\u00fc\u015fen bir ya\u015f\u0131ndaki \u00e7ocuk a\u011f\u0131r yaraland\u0131 \u2013 BRTK"},"content":{"rendered":"<p> <br \/>\n<\/p>\n<div>\n<div class=\"mariselle-image-container center\">\n                <img loading=\"lazy\" decoding=\"async\" width=\"656\" height=\"400\" class=\"lazy-image\" alt=\"\" sizes=\"auto, (max-width: 656px) 100vw, 656px\" src=\"https:\/\/brtk.net\/wp-content\/uploads\/2024\/12\/16\/1734367573611kaza-ambulans.jpg?ver=7387b4c0f60c996541ae23296fb53f1c\" srcset=\"https:\/\/brtk.net\/wp-content\/uploads\/2024\/12\/16\/1734367573611kaza-ambulans.jpg?ver=7387b4c0f60c996541ae23296fb53f1c 656w, https:\/\/brtk.net\/wp-content\/uploads\/2024\/12\/16\/1734367573611kaza-ambulans-300x183.jpg?ver=7387b4c0f60c996541ae23296fb53f1c 300w\"\/>                            <\/div>\n<p>Bo\u011fazk\u00f6y\u2019de bir ya\u015f\u0131ndaki \u00e7ocuk evinin balkonundan d\u00fc\u015ferek a\u011f\u0131r yaraland\u0131.<\/p>\n<p>Polisten yap\u0131lan a\u00e7\u0131klamaya g\u00f6re, Bo\u011fazk\u00f6y\u2019de, Lavinium Sitesinde bulunan bir dairede ya\u015fayan bir ya\u015f\u0131ndaki \u00d6znur Suna Bayram bug\u00fcn saat 15.00 s\u0131ralar\u0131nda \u00fc\u00e7\u00fcnc\u00fc katta bulunan evin balkonundaki korkuluklar aras\u0131ndan beton zemine d\u00fc\u015ferek a\u011f\u0131r yaraland\u0131.<\/p>\n<p>\u00d6znur Suna Bayram, Acil Durum Hastanesi \u00c7ocuk Yo\u011fun Bak\u0131m Servisinde m\u00fc\u015fahede alt\u0131na al\u0131nd\u0131<\/p>\n<\/p><\/div>\n<p><script async\n                    defer\n                    crossorigin=\"anonymous\"\n                    src=\"https:\/\/connect.facebook.net\/tr_TR\/sdk.js#xfbml=1&#038;version=v3.3\"\n            ><\/script><br \/>\n<br \/><br \/>\n<br \/><a href=\"https:\/\/brtk.net\/balkondan-dusen-bir-yasindaki-cocuk-agir-yaralandi\/\"> <\/a><\/p>\n","protected":false},"excerpt":{"rendered":"<p>Bo\u011fazk\u00f6y\u2019de bir ya\u015f\u0131ndaki \u00e7ocuk evinin balkonundan d\u00fc\u015ferek a\u011f\u0131r yaraland\u0131. Polisten yap\u0131lan a\u00e7\u0131klamaya g\u00f6re, Bo\u011fazk\u00f6y\u2019de, Lavinium Sitesinde bulunan bir dairede ya\u015fayan bir ya\u015f\u0131ndaki \u00d6znur Suna Bayram bug\u00fcn saat 15.00 s\u0131ralar\u0131nda \u00fc\u00e7\u00fcnc\u00fc katta bulunan evin balkonundaki korkuluklar aras\u0131ndan beton zemine d\u00fc\u015ferek a\u011f\u0131r yaraland\u0131. \u00d6znur Suna Bayram, Acil Durum Hastanesi \u00c7ocuk Yo\u011fun Bak\u0131m Servisinde m\u00fc\u015fahede alt\u0131na al\u0131nd\u0131<\/p>\n","protected":false},"author":908,"featured_media":5848,"comment_status":"open","ping_status":"open","sticky":false,"template":"","format":"standard","meta":{"_jetpack_memberships_contains_paid_content":false,"footnotes":"","jetpack_publicize_message":"","jetpack_publicize_feature_enabled":true,"jetpack_social_post_already_shared":true,"jetpack_social_options":{"image_generator_settings":{"template":"highway","default_image_id":0,"font":"","enabled":false},"version":2}},"categories":[253,19],"tags":[],"class_list":["post-19949","post","type-post","status-publish","format-standard","has-post-thumbnail","hentry","category-gundem","category-manset"],"jetpack_publicize_connections":[],"jetpack_featured_media_url":"https:\/\/kibrisayna.com\/wp-content\/uploads\/2024\/09\/ambulans29.png","jetpack_sharing_enabled":true,"_links":{"self":[{"href":"https:\/\/kibrisayna.com\/index.php\/wp-json\/wp\/v2\/posts\/19949","targetHints":{"allow":["GET"]}}],"collection":[{"href":"https:\/\/kibrisayna.com\/index.php\/wp-json\/wp\/v2\/posts"}],"about":[{"href":"https:\/\/kibrisayna.com\/index.php\/wp-json\/wp\/v2\/types\/post"}],"author":[{"embeddable":true,"href":"https:\/\/kibrisayna.com\/index.php\/wp-json\/wp\/v2\/users\/908"}],"replies":[{"embeddable":true,"href":"https:\/\/kibrisayna.com\/index.php\/wp-json\/wp\/v2\/comments?post=19949"}],"version-history":[{"count":0,"href":"https:\/\/kibrisayna.com\/index.php\/wp-json\/wp\/v2\/posts\/19949\/revisions"}],"wp:featuredmedia":[{"embeddable":true,"href":"https:\/\/kibrisayna.com\/index.php\/wp-json\/wp\/v2\/media\/5848"}],"wp:attachment":[{"href":"https:\/\/kibrisayna.com\/index.php\/wp-json\/wp\/v2\/media?parent=19949"}],"wp:term":[{"taxonomy":"category","embeddable":true,"href":"https:\/\/kibrisayna.com\/index.php\/wp-json\/wp\/v2\/categories?post=19949"},{"taxonomy":"post_tag","embeddable":true,"href":"https:\/\/kibrisayna.com\/index.php\/wp-json\/wp\/v2\/tags?post=19949"}],"curies":[{"name":"wp","href":"https:\/\/api.w.org\/{rel}","templated":true}]}}