{"id":19946,"date":"2025-03-14T17:59:04","date_gmt":"2025-03-14T14:59:04","guid":{"rendered":"https:\/\/kibrisayna.com\/index.php\/2025\/03\/14\/disisleri-bakani-ertugruloglu-tc-lefkosa-buyukelcisi-basceri-ile-gorustu-brtk\/"},"modified":"2025-03-14T17:59:04","modified_gmt":"2025-03-14T14:59:04","slug":"disisleri-bakani-ertugruloglu-tc-lefkosa-buyukelcisi-basceri-ile-gorustu-brtk","status":"publish","type":"post","link":"https:\/\/kibrisayna.com\/index.php\/2025\/03\/14\/disisleri-bakani-ertugruloglu-tc-lefkosa-buyukelcisi-basceri-ile-gorustu-brtk\/","title":{"rendered":"D\u0131\u015fi\u015fleri Bakan\u0131 Ertu\u011frulo\u011flu TC Lefko\u015fa B\u00fcy\u00fckel\u00e7isi Ba\u015f\u00e7eri ile g\u00f6r\u00fc\u015ft\u00fc \u2013 BRTK"},"content":{"rendered":"<p> <br \/>\n<\/p>\n<div>\n<div class=\"mariselle-image-container center\">\n                <img loading=\"lazy\" decoding=\"async\" width=\"2560\" height=\"1368\" class=\"lazy-image\" alt=\"\" sizes=\"auto, (max-width: 2560px) 100vw, 2560px\" src=\"https:\/\/brtk.net\/wp-content\/uploads\/2025\/03\/14\/asdaa.jpg?ver=c930cfc2c2c5e2457be468175e31ea83\" srcset=\"https:\/\/brtk.net\/wp-content\/uploads\/2025\/03\/14\/asdaa.jpg?ver=c930cfc2c2c5e2457be468175e31ea83 2560w, https:\/\/brtk.net\/wp-content\/uploads\/2025\/03\/14\/asdaa-300x160.jpg?ver=f724f129f940c9ad122fc37d412d89b1 300w, https:\/\/brtk.net\/wp-content\/uploads\/2025\/03\/14\/asdaa-1024x547.jpg?ver=f724f129f940c9ad122fc37d412d89b1 1024w, https:\/\/brtk.net\/wp-content\/uploads\/2025\/03\/14\/asdaa-768x410.jpg?ver=14a8ff6d0f2c61fd0f295a8223a9e6a2 768w, https:\/\/brtk.net\/wp-content\/uploads\/2025\/03\/14\/asdaa-1536x821.jpg?ver=14a8ff6d0f2c61fd0f295a8223a9e6a2 1536w, https:\/\/brtk.net\/wp-content\/uploads\/2025\/03\/14\/asdaa-2048x1094.jpg?ver=d646b96ac8d53fcac86bcdf439385d8a 2048w\"\/>                            <\/div>\n<p>D\u0131\u015fi\u015fleri Bakan\u0131 Tahsin Ertu\u011frulo\u011flu, g\u00f6reve ba\u015flamas\u0131n\u0131n ard\u0131ndan ziyarette bulunan T\u00fcrkiye Cumhuriyeti\u2019nin Lefko\u015fa B\u00fcy\u00fckel\u00e7isi Ali Murat Ba\u015f\u00e7eri ile g\u00f6r\u00fc\u015ft\u00fc.<\/p>\n<p>D\u0131\u015fi\u015fleri Bakan\u0131 Ertu\u011frulo\u011flu, B\u00fcy\u00fckel\u00e7i Ba\u015f\u00e7eri\u2019ye g\u00f6revinde ba\u015far\u0131lar diledi.<\/p>\n<\/p><\/div>\n<p><script async\n                    defer\n                    crossorigin=\"anonymous\"\n                    src=\"https:\/\/connect.facebook.net\/tr_TR\/sdk.js#xfbml=1&#038;version=v3.3\"\n            ><\/script><br \/>\n<br \/><br \/>\n<br \/><a href=\"https:\/\/brtk.net\/disisleri-bakani-ertugruloglu-tc-lefkosa-buyukelcisi-basceri-ile-gorustu\/\">Kaynak BRT <\/a><\/p>\n","protected":false},"excerpt":{"rendered":"<p>D\u0131\u015fi\u015fleri Bakan\u0131 Tahsin Ertu\u011frulo\u011flu, g\u00f6reve ba\u015flamas\u0131n\u0131n ard\u0131ndan ziyarette bulunan T\u00fcrkiye Cumhuriyeti\u2019nin Lefko\u015fa B\u00fcy\u00fckel\u00e7isi Ali Murat Ba\u015f\u00e7eri ile g\u00f6r\u00fc\u015ft\u00fc. D\u0131\u015fi\u015fleri Bakan\u0131 Ertu\u011frulo\u011flu, B\u00fcy\u00fckel\u00e7i Ba\u015f\u00e7eri\u2019ye g\u00f6revinde ba\u015far\u0131lar diledi. Kaynak BRT<\/p>\n","protected":false},"author":908,"featured_media":19947,"comment_status":"open","ping_status":"open","sticky":false,"template":"","format":"standard","meta":{"_jetpack_memberships_contains_paid_content":false,"footnotes":"","jetpack_publicize_message":"","jetpack_publicize_feature_enabled":true,"jetpack_social_post_already_shared":true,"jetpack_social_options":{"image_generator_settings":{"template":"highway","default_image_id":0,"font":"","enabled":false},"version":2}},"categories":[253],"tags":[],"class_list":["post-19946","post","type-post","status-publish","format-standard","has-post-thumbnail","hentry","category-gundem"],"jetpack_publicize_connections":[],"jetpack_featured_media_url":"https:\/\/kibrisayna.com\/wp-content\/uploads\/2025\/03\/asdaa.jpg","jetpack_sharing_enabled":true,"_links":{"self":[{"href":"https:\/\/kibrisayna.com\/index.php\/wp-json\/wp\/v2\/posts\/19946","targetHints":{"allow":["GET"]}}],"collection":[{"href":"https:\/\/kibrisayna.com\/index.php\/wp-json\/wp\/v2\/posts"}],"about":[{"href":"https:\/\/kibrisayna.com\/index.php\/wp-json\/wp\/v2\/types\/post"}],"author":[{"embeddable":true,"href":"https:\/\/kibrisayna.com\/index.php\/wp-json\/wp\/v2\/users\/908"}],"replies":[{"embeddable":true,"href":"https:\/\/kibrisayna.com\/index.php\/wp-json\/wp\/v2\/comments?post=19946"}],"version-history":[{"count":0,"href":"https:\/\/kibrisayna.com\/index.php\/wp-json\/wp\/v2\/posts\/19946\/revisions"}],"wp:featuredmedia":[{"embeddable":true,"href":"https:\/\/kibrisayna.com\/index.php\/wp-json\/wp\/v2\/media\/19947"}],"wp:attachment":[{"href":"https:\/\/kibrisayna.com\/index.php\/wp-json\/wp\/v2\/media?parent=19946"}],"wp:term":[{"taxonomy":"category","embeddable":true,"href":"https:\/\/kibrisayna.com\/index.php\/wp-json\/wp\/v2\/categories?post=19946"},{"taxonomy":"post_tag","embeddable":true,"href":"https:\/\/kibrisayna.com\/index.php\/wp-json\/wp\/v2\/tags?post=19946"}],"curies":[{"name":"wp","href":"https:\/\/api.w.org\/{rel}","templated":true}]}}