{"id":19944,"date":"2025-03-14T17:00:43","date_gmt":"2025-03-14T14:00:43","guid":{"rendered":"https:\/\/kibrisayna.com\/index.php\/2025\/03\/14\/yalinkayabesin-mucadelesi-kazanimla-sonuclandi-sinav-tuzugu-ile-ilgili-yasa-tasarisi-bakanlar-kuruluna-sunuldu-brtk\/"},"modified":"2025-03-14T17:00:43","modified_gmt":"2025-03-14T14:00:43","slug":"yalinkayabesin-mucadelesi-kazanimla-sonuclandi-sinav-tuzugu-ile-ilgili-yasa-tasarisi-bakanlar-kuruluna-sunuldu-brtk","status":"publish","type":"post","link":"https:\/\/kibrisayna.com\/index.php\/2025\/03\/14\/yalinkayabesin-mucadelesi-kazanimla-sonuclandi-sinav-tuzugu-ile-ilgili-yasa-tasarisi-bakanlar-kuruluna-sunuldu-brtk\/","title":{"rendered":"Yal\u0131nkaya:BES\u2019in m\u00fccadelesi kazan\u0131mla sonu\u00e7land\u0131\u2026 S\u0131nav T\u00fcz\u00fc\u011f\u00fc ile ilgili yasa tasar\u0131s\u0131 Bakanlar Kurulu\u2019na sunuldu \u2013 BRTK"},"content":{"rendered":"<p> <br \/>\n<\/p>\n<div>\n<div class=\"mariselle-image-container center\">\n                <img loading=\"lazy\" decoding=\"async\" width=\"1280\" height=\"720\" class=\"lazy-image\" alt=\"\" sizes=\"auto, (max-width: 1280px) 100vw, 1280px\" src=\"https:\/\/brtk.net\/wp-content\/uploads\/2024\/12\/24\/1735048917323BES-YALINKAYA.jpeg?ver=30c9462d5a6af1faa6e7482597bea288\" srcset=\"https:\/\/brtk.net\/wp-content\/uploads\/2024\/12\/24\/1735048917323BES-YALINKAYA.jpeg?ver=30c9462d5a6af1faa6e7482597bea288 1280w, https:\/\/brtk.net\/wp-content\/uploads\/2024\/12\/24\/1735048917323BES-YALINKAYA-300x169.jpeg?ver=30c9462d5a6af1faa6e7482597bea288 300w, https:\/\/brtk.net\/wp-content\/uploads\/2024\/12\/24\/1735048917323BES-YALINKAYA-1024x576.jpeg?ver=30c9462d5a6af1faa6e7482597bea288 1024w, https:\/\/brtk.net\/wp-content\/uploads\/2024\/12\/24\/1735048917323BES-YALINKAYA-768x432.jpeg?ver=30c9462d5a6af1faa6e7482597bea288 768w\"\/>                            <\/div>\n<p> Belediye Emek\u00e7ileri Sendikas\u0131 (BES) Ba\u015fkan\u0131 Mustafa Yal\u0131nkaya, belediyelerdeki bir\u00e7ok emek\u00e7inin, att\u0131klar\u0131 imza ve yapt\u0131klar\u0131 \u00e7al\u0131\u015fmalar\u0131 \u201cgayri yasal\u201d konuma soktu\u011funu belirtti\u011fi S\u0131nav T\u00fcz\u00fc\u011f\u00fc eksikli\u011fi ile ilgili m\u00fccadelelerinin sonu\u00e7 verdi\u011fini ve ilgili yasa tasar\u0131s\u0131n\u0131n Bakanlar Kurulu\u2019na sunuldu\u011funu belirtti<\/p>\n<p>Yaz\u0131l\u0131 a\u00e7\u0131klama yapan Yal\u0131nkaya, 65\/2007 Belediyeler De\u011fi\u015fiklik Yasas\u0131 ve 15 y\u0131ld\u0131r hi\u00e7bir h\u00fck\u00fcmet taraf\u0131ndan ge\u00e7irilmeyen S\u0131nav T\u00fcz\u00fc\u011f\u00fc konular\u0131na ili\u015fkin eylem uyar\u0131s\u0131 neticesinde Ba\u015fbakan \u00dcnal \u00dcstel ile \u0130\u00e7i\u015fleri Bakan\u0131 Dursun O\u011fuz\u2019un, verdikleri s\u00f6z do\u011frultusunda harekete ge\u00e7tiklerini belirtti.<\/p>\n<p>Yal\u0131nkaya, \u201c\u00dcstel ve O\u011fuz, talebimiz olan 65\/2007 Belediye Personel Yasas\u0131 (De\u011fi\u015fiklik) Yasa Tasar\u0131s\u0131, Meclis\u2019e sevk edilme talebiyle \u0130\u00e7i\u015fleri Bakanl\u0131\u011f\u0131 taraf\u0131ndan Bakanlar Kurulu\u2019na sunulmu\u015f bulunmaktad\u0131r. Yine buna ba\u011fl\u0131 olarak bizlerin de i\u00e7erisinde oldu\u011fu S\u0131nav T\u00fcz\u00fc\u011f\u00fc Kurulu da toplanm\u0131\u015f ve toplant\u0131s\u0131n\u0131 ger\u00e7ekle\u015ftirmi\u015ftir\u201d dedi.<\/p>\n<p>Yal\u0131nkaya buna g\u00f6re, Bakanlar Kurulu\u2019nun ilgili yasa de\u011fi\u015fiklik \u00f6nergesini Meclis\u2019e g\u00f6ndermesinden sonra s\u00fcrecin nas\u0131l geli\u015fece\u011fini de \u015f\u00f6yle a\u00e7\u0131klad\u0131:<\/p>\n<p>\u201c\u00d6nerge Meclis\u2019te g\u00f6r\u00fc\u015f\u00fclecek, oylan\u0131p ge\u00e7irilecek ve Resmi Gazete\u2019de yay\u0131nlanacakt\u0131r. T\u00fcm bunlar oldu\u011fu andan itibaren ise S\u0131nav T\u00fcz\u00fc\u011f\u00fc Kurulu en ge\u00e7 bir hafta i\u00e7erisinde toplan\u0131p t\u00fcz\u00fc\u011f\u00fc haz\u0131rlayaca\u011f\u0131na ve \u0130\u00e7i\u015fleri Bakanl\u0131\u011f\u0131\u2019na sunaca\u011f\u0131na y\u00f6nelik karar \u00fcretmi\u015ftir<\/p>\n<p>Bu ba\u011flamda taleplerimiz do\u011frultusuna ilerleyen s\u00fcre\u00e7lerde belediyelerde \u00e7al\u0131\u015fan ve ma\u011fdur olan t\u00fcm personellerimizin gayri yasal \u00e7al\u0131\u015fma ko\u015fullar\u0131; ilgili uygulamalar ortadan kald\u0131r\u0131l\u0131p yasal bir zemine oturtulacakt\u0131r\u201d<\/p>\n<p>Yal\u0131nkaya, bu \u00e7al\u0131\u015fmalara katk\u0131 koyan h\u00fck\u00fcmet kanad\u0131na ve bundan sonra s\u00fcrece katk\u0131 koyacak olan h\u00fck\u00fcmete, muhalefete, sendikalara ve belediye ba\u015fkanlar\u0131na te\u015fekk\u00fcr etti.<\/p>\n<\/p><\/div>\n<p><script async\n                    defer\n                    crossorigin=\"anonymous\"\n                    src=\"https:\/\/connect.facebook.net\/tr_TR\/sdk.js#xfbml=1&#038;version=v3.3\"\n            ><\/script><br \/>\n<br \/><br \/>\n<br \/><a href=\"https:\/\/brtk.net\/yalinkayabesin-mucadelesi-kazanimla-sonuclandi-sinav-tuzugu-ile-ilgili-yasa-tasarisi-bakanlar-kuruluna-sunuldu\/\">Kaynak BRT <\/a><\/p>\n","protected":false},"excerpt":{"rendered":"<p>Belediye Emek\u00e7ileri Sendikas\u0131 (BES) Ba\u015fkan\u0131 Mustafa Yal\u0131nkaya, belediyelerdeki bir\u00e7ok emek\u00e7inin, att\u0131klar\u0131 imza ve yapt\u0131klar\u0131 \u00e7al\u0131\u015fmalar\u0131 \u201cgayri yasal\u201d konuma soktu\u011funu belirtti\u011fi S\u0131nav T\u00fcz\u00fc\u011f\u00fc eksikli\u011fi ile ilgili m\u00fccadelelerinin sonu\u00e7 verdi\u011fini ve ilgili yasa tasar\u0131s\u0131n\u0131n Bakanlar Kurulu\u2019na sunuldu\u011funu belirtti Yaz\u0131l\u0131 a\u00e7\u0131klama yapan Yal\u0131nkaya, 65\/2007 Belediyeler De\u011fi\u015fiklik Yasas\u0131 ve 15 y\u0131ld\u0131r hi\u00e7bir h\u00fck\u00fcmet taraf\u0131ndan ge\u00e7irilmeyen S\u0131nav T\u00fcz\u00fc\u011f\u00fc konular\u0131na ili\u015fkin [&hellip;]<\/p>\n","protected":false},"author":908,"featured_media":19945,"comment_status":"open","ping_status":"open","sticky":false,"template":"","format":"standard","meta":{"_jetpack_memberships_contains_paid_content":false,"footnotes":"","jetpack_publicize_message":"","jetpack_publicize_feature_enabled":true,"jetpack_social_post_already_shared":true,"jetpack_social_options":{"image_generator_settings":{"template":"highway","default_image_id":0,"font":"","enabled":false},"version":2}},"categories":[253],"tags":[],"class_list":["post-19944","post","type-post","status-publish","format-standard","has-post-thumbnail","hentry","category-gundem"],"jetpack_publicize_connections":[],"jetpack_featured_media_url":"https:\/\/kibrisayna.com\/wp-content\/uploads\/2025\/03\/mustafa-yalinkaya13.jpg","jetpack_sharing_enabled":true,"_links":{"self":[{"href":"https:\/\/kibrisayna.com\/index.php\/wp-json\/wp\/v2\/posts\/19944","targetHints":{"allow":["GET"]}}],"collection":[{"href":"https:\/\/kibrisayna.com\/index.php\/wp-json\/wp\/v2\/posts"}],"about":[{"href":"https:\/\/kibrisayna.com\/index.php\/wp-json\/wp\/v2\/types\/post"}],"author":[{"embeddable":true,"href":"https:\/\/kibrisayna.com\/index.php\/wp-json\/wp\/v2\/users\/908"}],"replies":[{"embeddable":true,"href":"https:\/\/kibrisayna.com\/index.php\/wp-json\/wp\/v2\/comments?post=19944"}],"version-history":[{"count":0,"href":"https:\/\/kibrisayna.com\/index.php\/wp-json\/wp\/v2\/posts\/19944\/revisions"}],"wp:featuredmedia":[{"embeddable":true,"href":"https:\/\/kibrisayna.com\/index.php\/wp-json\/wp\/v2\/media\/19945"}],"wp:attachment":[{"href":"https:\/\/kibrisayna.com\/index.php\/wp-json\/wp\/v2\/media?parent=19944"}],"wp:term":[{"taxonomy":"category","embeddable":true,"href":"https:\/\/kibrisayna.com\/index.php\/wp-json\/wp\/v2\/categories?post=19944"},{"taxonomy":"post_tag","embeddable":true,"href":"https:\/\/kibrisayna.com\/index.php\/wp-json\/wp\/v2\/tags?post=19944"}],"curies":[{"name":"wp","href":"https:\/\/api.w.org\/{rel}","templated":true}]}}