{"id":19942,"date":"2025-03-14T16:59:29","date_gmt":"2025-03-14T13:59:29","guid":{"rendered":"https:\/\/kibrisayna.com\/index.php\/2025\/03\/14\/cumhurbaskani-tatar-basin-toplantisi-duzenleditatarcenevreye-adanin-gelecegini-iki-devletin-isbirligini-haksiz-izolasyonlarin-kaldirilmasini-konusmaya-gidiyoruz-brtk\/"},"modified":"2025-03-14T16:59:29","modified_gmt":"2025-03-14T13:59:29","slug":"cumhurbaskani-tatar-basin-toplantisi-duzenleditatarcenevreye-adanin-gelecegini-iki-devletin-isbirligini-haksiz-izolasyonlarin-kaldirilmasini-konusmaya-gidiyoruz-brtk","status":"publish","type":"post","link":"https:\/\/kibrisayna.com\/index.php\/2025\/03\/14\/cumhurbaskani-tatar-basin-toplantisi-duzenleditatarcenevreye-adanin-gelecegini-iki-devletin-isbirligini-haksiz-izolasyonlarin-kaldirilmasini-konusmaya-gidiyoruz-brtk\/","title":{"rendered":"Cumhurba\u015fkan\u0131 Tatar bas\u0131n toplant\u0131s\u0131 d\u00fczenledi\u2026Tatar:Cenevre\u2019ye, adan\u0131n gelece\u011fini, iki devletin i\u015fbirli\u011fini, haks\u0131z izolasyonlar\u0131n kald\u0131r\u0131lmas\u0131n\u0131 konu\u015fmaya gidiyoruz \u2013 BRTK"},"content":{"rendered":"<p> <br \/>\n<\/p>\n<div>\n<div class=\"mariselle-image-container center\">\n                <img loading=\"lazy\" decoding=\"async\" width=\"2560\" height=\"1920\" class=\"lazy-image\" alt=\"\" sizes=\"auto, (max-width: 2560px) 100vw, 2560px\" src=\"https:\/\/brtk.net\/wp-content\/uploads\/2025\/03\/14\/8edb54df-97b6-490a-8346-93c4717a7157-scaled.jpg?ver=ca9e58002d1af421b921f7c81a88bc72\" srcset=\"https:\/\/brtk.net\/wp-content\/uploads\/2025\/03\/14\/8edb54df-97b6-490a-8346-93c4717a7157-scaled.jpg?ver=ca9e58002d1af421b921f7c81a88bc72 2560w, https:\/\/brtk.net\/wp-content\/uploads\/2025\/03\/14\/8edb54df-97b6-490a-8346-93c4717a7157-300x225.jpg?ver=ca9e58002d1af421b921f7c81a88bc72 300w, https:\/\/brtk.net\/wp-content\/uploads\/2025\/03\/14\/8edb54df-97b6-490a-8346-93c4717a7157-1024x768.jpg?ver=14291e5c0d8c6dd24e5f86819c2fb26d 1024w, https:\/\/brtk.net\/wp-content\/uploads\/2025\/03\/14\/8edb54df-97b6-490a-8346-93c4717a7157-768x576.jpg?ver=47df1710cbe1fd3386918767948d6e43 768w, https:\/\/brtk.net\/wp-content\/uploads\/2025\/03\/14\/8edb54df-97b6-490a-8346-93c4717a7157-1536x1152.jpg?ver=e25dbe80d641d5bf6ba7570fa000f4e3 1536w, https:\/\/brtk.net\/wp-content\/uploads\/2025\/03\/14\/8edb54df-97b6-490a-8346-93c4717a7157-2048x1536.jpg?ver=f97e1bf26d7ad0f5fcc79c439510ec83 2048w\"\/>                            <\/div>\n<p> Cumhurba\u015fkan\u0131 Ersin Tatar, Cenevre\u2019ye; adan\u0131n gelece\u011fini, iki devletin i\u015fbirli\u011fini, K\u0131br\u0131s T\u00fcrk halk\u0131n\u0131n e\u015fitli\u011fini, haks\u0131z izolasyonlar\u0131n kald\u0131r\u0131lmas\u0131n\u0131 konu\u015fmaya gideceklerini, yeni siyasetten asla geri d\u00f6n\u00fc\u015f yapmayacaklar\u0131n\u0131 s\u00f6yledi. <\/p>\n<p>Tatar, K\u0131br\u0131s m\u00fczakere s\u00fcrecine Crans Montana\u2019dan devam etmenin s\u00f6z konusu olmad\u0131\u011f\u0131n\u0131, bu konuda net olduklar\u0131n\u0131 vurgulad\u0131. <\/p>\n<p>Gayriresmi Cenevre toplant\u0131s\u0131na T\u00fcrkiye Cumhuriyeti\u2019nin D\u0131\u015fi\u015fleri Bakan\u0131 Hakan Fidan ile kat\u0131laca\u011f\u0131n\u0131 ifade eden Tatar, masada, daha \u00f6nceki gibi onlar\u0131n \u201cdevlet\u201d, K\u0131br\u0131s T\u00fcrk halk\u0131n\u0131n da \u201cyaln\u0131z\u201d de\u011fil, g\u00fc\u00e7l\u00fc bir devlet olarak, anavatan T\u00fcrkiye ile birlikte yer alaca\u011f\u0131n\u0131 vurgulad\u0131. <\/p>\n<p>Cumhurba\u015fkan\u0131 Ersin Tatar, Cenevre toplant\u0131s\u0131 \u00f6ncesinde siyasi partilerle yapt\u0131\u011f\u0131 bilgilendirme toplant\u0131lar\u0131 sonras\u0131nda bas\u0131n toplant\u0131s\u0131 d\u00fczenledi. <\/p>\n<p>Cumhurba\u015fkanl\u0131\u011f\u0131 toplant\u0131 salonundaki bas\u0131n toplant\u0131s\u0131 s\u0131ras\u0131nda Cumhurba\u015fkan\u0131 Ersin Tatar\u2019a,  \u00d6zel Temsilci G\u00fcne\u015f Onar ile m\u00fczakere heyeti de e\u015flik etti. <\/p>\n<p>Cumhurba\u015fkan\u0131 Tatar, Cenevre toplant\u0131s\u0131na anavatan ve garant\u00f6r T\u00fcrkiye Cumhuriyeti\u2019nin tam deste\u011fiyle gidece\u011fini s\u00f6yledi. <\/p>\n<p>Garant\u00f6r T\u00fcrkiye Cumhuriyeti\u2019nin duru\u015funun \u00f6nemli oldu\u011funu ifade eden Tatar, K\u0131br\u0131s T\u00fcrk halk\u0131n\u0131n, egemen e\u015fitlik ve e\u015fit uluslararas\u0131 stat\u00fc siyasetine tam deste\u011finin devam etti\u011fini vurgulad\u0131. <\/p>\n<p>Tatar, yeni siyaseti ortaya koyduklar\u0131 Cenevre\u2019ye 4 y\u0131l sonra T\u00fcrkiye\u2019nin artan tam deste\u011fiyle gideceklerini belirtti. <\/p>\n<p>Federal siyasetin terk edilmesinden sonra ortaya konan yeni siyasette, e\u015fit stat\u00fcn\u00fcn teyit edilmesi ile m\u00fczakere s\u00fcrecinin ba\u015flayabilece\u011fini ortaya koyduklar\u0131n\u0131 anlatan Tatar, iki devletin i\u015fbirli\u011fi konusunda net olduklar\u0131n\u0131, enerji ve su konusu ba\u015fta olmak \u00fczere s\u0131n\u0131r kap\u0131lar\u0131 ile ilgili i\u015fbirli\u011fine haz\u0131r olduklar\u0131n\u0131 s\u00f6yledi. <\/p>\n<p>T\u00fcrkiye Cumhuriyeti Cumhurba\u015fkan\u0131 Recep Tayyip Erdo\u011fan\u2019\u0131n deste\u011finin de ortada oldu\u011funu, BM\u2019de yapt\u0131\u011f\u0131 konu\u015fmalarda, K\u0131br\u0131s T\u00fcrk halk\u0131na y\u00f6nelik uygulanan haks\u0131z ambargo izolasyonlar\u0131n kald\u0131r\u0131lmas\u0131 gerekti\u011fini i\u015faret etmesi, tan\u0131nma \u00e7a\u011fr\u0131s\u0131 ve  e\u015fit stat\u00fcs\u00fcn\u00fc dile getirmesinin \u00f6nemine dikkat \u00e7eken Tatar, T\u00fcrk Devletleri Te\u015fkilat\u0131 \u00fcyeli\u011finin de \u00f6nemine de\u011findi. <\/p>\n<p>T\u00fcm bunlar\u0131n K\u0131br\u0131s T\u00fcrk halk\u0131n\u0131n pozisyonunu netle\u015ftirdi\u011fini belirten Tatar, iki taraf aras\u0131nda \u201cKazan kazan\u201d form\u00fcl\u00fc ile g\u00f6r\u00fc\u015fmeler yap\u0131labilece\u011fini kaydetti. <\/p>\n<p>Ortak zemin olmay\u0131\u015f\u0131n\u0131n BM temsilcilerinin raporlar\u0131nda teyit edildi\u011fini, BM Genel Sekreterinin de bunu teyit etti\u011fini ifade eden Tatar, yeni biri atansa da neyin de\u011fi\u015fece\u011fini sordu. <\/p>\n<p><em>-\u201cBeyhudeye geri d\u00f6n\u00fc\u015f yok\u2026\u201d<\/em><\/p>\n<p>Art\u0131k taraflar\u0131n K\u0131br\u0131s\u2019\u0131n gelece\u011fine y\u00f6nelik bir toplant\u0131 yapmas\u0131 gerekti\u011fini, s\u00fcrecin Crans Montana\u2019dan devam\u0131n\u0131 kabul etmelerinin  m\u00fcmk\u00fcn olmad\u0131\u011f\u0131n\u0131 belirten Tatar, 60 y\u0131ld\u0131r \u00e7\u00f6z\u00fcm bulunamayan sorunlar\u0131 yeniden tart\u0131\u015fmak yerine K\u0131br\u0131s T\u00fcrk halk\u0131na haklar\u0131n\u0131n verilmesi gerekti\u011fini, direk u\u00e7u\u015f direk ticaret direk temaslar\u0131n verilmesi gerekti\u011fini kaydetti. <\/p>\n<p>\u201cBeyhudeye geri d\u00f6n\u00fc\u015f yoktur art\u0131k gelecek konu\u015fulmal\u0131d\u0131r\u201d diyen Tatar, K\u0131br\u0131s T\u00fcrk halk\u0131na y\u00f6nelik bask\u0131lar, tutuklamalar, boyun e\u011fmeye zorlayacak hareketlerin beyhude oldu\u011funu s\u00f6yledi. <\/p>\n<p>Egemen e\u015fitlik, e\u015fit uluslararas\u0131 stat\u00fc duru\u015funu Cenevre\u2019de ortaya koyacaklar\u0131n\u0131 belirten Tatar, toplant\u0131da, adada iki devletin i\u015fbirli\u011fiyle bir gelecek arayacaklar\u0131n\u0131 s\u00f6yleyeceklerini kaydetti. <\/p>\n<p>Her zaman diyalogdan yana olduklar\u0131n\u0131 ifade eden Tatar, \u201cYap\u0131c\u0131 tutumumuzu s\u00fcrd\u00fcrd\u00fck, sa\u011fl\u0131k k\u00fclt\u00fcr ekonomi deprem her konuda i\u015fbirli\u011fini \u00f6nerdiklerini, diyalo\u011fu s\u00fcrd\u00fcrd\u00fck, \u015fimdi de ayn\u0131 \u015fekilde Cenevre\u2019de bunu \u00f6ne s\u00fcrece\u011fiz\u201d diye konu\u015ftu. <\/p>\n<p><em>-\u201cAB \u00e7at\u0131s\u0131 alt\u0131nda iki devletli \u00e7\u00f6z\u00fcm..\u201d<\/em><\/p>\n<p>AB \u00e7at\u0131s\u0131 alt\u0131nda iki devletli \u00e7\u00f6z\u00fcm\u00fcn bulunabilece\u011fini belirten Tatar, K\u0131br\u0131s\u2019ta art\u0131k iki devletin k\u00f6kle\u015fti\u011fini, o y\u00fczden art\u0131k yeni maceralara kendilerini s\u00fcr\u00fckleme hakk\u0131n\u0131n kimsede olmad\u0131\u011f\u0131n\u0131 s\u00f6yledi. <\/p>\n<p>D\u00fcnyadaki \u00e7at\u0131\u015fmalar\u0131n bar\u0131\u015f huzur ve g\u00fcvenli\u011fin ne kadar \u00f6nemli oldu\u011funu g\u00f6sterdi\u011fini ifade eden Tatar, T\u00fcrkiye\u2019nin deste\u011fi, KKTC\u2019nin stat\u00fcs\u00fcn\u00fcn artmas\u0131n\u0131n b\u00fct\u00fcn yap\u0131y\u0131 de\u011fi\u015ftirdi\u011fini kaydetti. <\/p>\n<p>K\u0131br\u0131s T\u00fcrk halk\u0131n\u0131n hak ve \u00e7\u0131karlar\u0131n\u0131 koruman\u0131n her zaman \u00f6nceli\u011fi oldu\u011funu ifade eden Tatar, g\u00fc\u00e7l\u00fc sesleri, T\u00fcrkiye Cumhuriyeti\u2019nin, Erdo\u011fan\u2019\u0131n tam deste\u011fiyle Cenevre\u2019ye gideceklerini s\u00f6yledi. <\/p>\n<p><em>-\u201cE\u015fitli\u011fin teyiti\u2026\u201d<\/em><\/p>\n<p>Erdo\u011fan ve Y\u0131lmaz ile de g\u00f6r\u00fc\u015ft\u00fc\u011f\u00fcn\u00fc, tam destek ald\u0131\u011f\u0131n\u0131, tam isti\u015fare i\u00e7erisinde oldu\u011funu anlatan Tatar, e\u011fer bir s\u00fcre\u00e7 ba\u015flayacaksa \u0130ki taraf\u0131n \u00f6nceden e\u015fitli\u011finin teyit edilmesi gerekti\u011fini kaydetti. <\/p>\n<p>Annan plan\u0131 \u00f6rne\u011fini veren ve tek tarafl\u0131 AB \u00fcyeli\u011fini hat\u0131rlatan Tatar, K\u0131br\u0131s T\u00fcrk halk\u0131n\u0131n t\u00fcm raporlara \u201cevet\u201d oyuna ra\u011fmen ald\u0131\u011f\u0131 neticenin s\u0131f\u0131r oldu\u011funu s\u00f6yledi. <\/p>\n<p>Rumlar\u0131n K\u0131br\u0131s T\u00fcrk halk\u0131n\u0131 ezmek i\u00e7in politika y\u00fcr\u00fctt\u00fc\u011f\u00fcn\u00fc ifade eden Tatar, Erdo\u011fan\u2019\u0131n \u201cE\u015fit oturup e\u015fit kalmak laz\u0131m\u201d s\u00f6z\u00fcn\u00fc an\u0131msatt\u0131 ve \u201cYoksa neticeye gitmek m\u00fcmk\u00fcn de\u011fildir\u201d dedi.  <\/p>\n<p>K\u0131br\u0131s T\u00fcrk halk\u0131n\u0131n \u00f6zden gelen haklar\u0131na sahip \u00e7\u0131kmaya devam edeceklerini beliren Tatar, Cenevre\u2019deki toplant\u0131 i\u00e7in yo\u011fun \u00e7al\u0131\u015fma yapt\u0131\u011f\u0131n\u0131 s\u00f6yledi. <\/p>\n<p>K\u0131br\u0131s adas\u0131n\u0131n gelece\u011fini ciddi bir \u015fekilde t\u00fcm taraflar\u0131n kat\u0131l\u0131m\u0131yla tart\u0131\u015fmak amac\u0131yla bu toplant\u0131y\u0131 istedi\u011fini belirten Tatar, bu s\u00fcre\u00e7te \u0130ngiltere\u2019den de tarafs\u0131z davranmas\u0131n\u0131 istedi\u011fini ifade etti. <\/p>\n<p>Yeni ve resm\u00ee m\u00fczakere s\u00fcreci i\u00e7in e\u015fitli\u011fin sa\u011flanmas\u0131n\u0131n \u00f6nemli oldu\u011funu, Federasyonun art\u0131k ortak zemin olmad\u0131\u011f\u0131n\u0131 ifade eden Tatar, bunlar\u0131n \u00f6nemli diplomatik kaz\u0131mlar oldu\u011funu belirtti. <\/p>\n<p><em>-\u201cCenevre toplant\u0131s\u0131 ba\u015far\u0131..\u201d<\/em><\/p>\n<p>Cenevre toplant\u0131s\u0131n\u0131n da kendi ba\u015far\u0131lar\u0131 oldu\u011funu belirten Tatar, egemen e\u015fitlik, e\u015fit uluslararas\u0131 stat\u00fc taleplerinin 4 y\u0131lda netle\u015fti\u011fini s\u00f6yledi. <\/p>\n<p>Kap\u0131lar konusunda da i\u015fbirli\u011fine a\u00e7\u0131k olduklar\u0131n\u0131, s\u00fcrekli yeni kap\u0131 a\u00e7\u0131lmas\u0131 gerekti\u011fini s\u00f6ylediklerini belirten Tatar, Rum taraf\u0131n\u0131n daha fazla ge\u00e7i\u015f istemedi\u011fini, o y\u00fczden yeni kap\u0131lara s\u0131cak bakmad\u0131\u011f\u0131n\u0131 anlatt\u0131. <\/p>\n<div class=\"mariselle-image-container center\">\n                <img loading=\"lazy\" decoding=\"async\" width=\"2560\" height=\"1920\" class=\"lazy-image\" alt=\"\" sizes=\"auto, (max-width: 2560px) 100vw, 2560px\" src=\"https:\/\/brtk.net\/wp-content\/uploads\/2025\/03\/14\/8edb54df-97b6-490a-8346-93c4717a7157-scaled.jpg?ver=ca9e58002d1af421b921f7c81a88bc72\" srcset=\"https:\/\/brtk.net\/wp-content\/uploads\/2025\/03\/14\/8edb54df-97b6-490a-8346-93c4717a7157-scaled.jpg?ver=ca9e58002d1af421b921f7c81a88bc72 2560w, https:\/\/brtk.net\/wp-content\/uploads\/2025\/03\/14\/8edb54df-97b6-490a-8346-93c4717a7157-300x225.jpg?ver=ca9e58002d1af421b921f7c81a88bc72 300w, https:\/\/brtk.net\/wp-content\/uploads\/2025\/03\/14\/8edb54df-97b6-490a-8346-93c4717a7157-1024x768.jpg?ver=14291e5c0d8c6dd24e5f86819c2fb26d 1024w, https:\/\/brtk.net\/wp-content\/uploads\/2025\/03\/14\/8edb54df-97b6-490a-8346-93c4717a7157-768x576.jpg?ver=47df1710cbe1fd3386918767948d6e43 768w, https:\/\/brtk.net\/wp-content\/uploads\/2025\/03\/14\/8edb54df-97b6-490a-8346-93c4717a7157-1536x1152.jpg?ver=e25dbe80d641d5bf6ba7570fa000f4e3 1536w, https:\/\/brtk.net\/wp-content\/uploads\/2025\/03\/14\/8edb54df-97b6-490a-8346-93c4717a7157-2048x1536.jpg?ver=f97e1bf26d7ad0f5fcc79c439510ec83 2048w\"\/>                            <\/div>\n<p>Bas\u0131n mensuplar\u0131n\u0131n sorular\u0131n\u0131 da yan\u0131tlayan Cumhurba\u015fkan\u0131 Ersin Tatar, Cenevre toplant\u0131s\u0131na y\u00f6nelik bas\u0131n a\u00e7\u0131klamas\u0131nda da \u015funlar\u0131 kaydetti: <\/p>\n<p>\u201cDe\u011ferli Siyasi Parti Ba\u015fkanlar\u0131yla verimli olarak nitelendirebilece\u011fim toplant\u0131lar yapt\u0131k. Kendilerine te\u015fekk\u00fcr ediyorum. <\/p>\n<p>Farkl\u0131l\u0131klar\u0131m\u0131z bizim zenginli\u011fimizdir, ben b\u00f6yle g\u00f6r\u00fcyorum. Yeri gelir bir birbirimizi ele\u015ftiririz, ancak birlikteli\u011fimiz g\u00fc\u00e7t\u00fcr diye d\u00fc\u015f\u00fcn\u00fcyorum.<\/p>\n<p>De\u011ferli parti yetkililerimiz bizlerle Cenevre\u2019de olacaklar, bu da benim i\u00e7in ayr\u0131 bir memnuniyet sebebidir. Orada birlikte durmak, orada K\u0131br\u0131s T\u00fcrk Halk\u0131\u2019n\u0131n Cumhurba\u015fkan\u0131yla birlikte iradesini temsil eden siyasi parti temsilcilerinin bulunmas\u0131 \u00e7ok \u00f6nemlidir. Bu konuda da davetimi kabul ettikleri i\u00e7in t\u00fcm\u00fcne te\u015fekk\u00fcr ederim. <\/p>\n<p>Benim i\u00e7in K\u0131br\u0131s T\u00fcrk Halk\u0131\u2019n\u0131n hak ve \u00e7\u0131karlar\u0131n\u0131 korumak her zaman en \u00f6ncelikli konu olmu\u015ftur. Bu y\u00fczden egemenli\u011fimizi, e\u015fitli\u011fimizi ve devletimizi her zaman en \u00f6ne koydum. Benim i\u00e7in bir di\u011fer \u00f6nemli nokta da, Halk\u0131m\u0131za Rum siyasetinden dolay\u0131 60 y\u0131ld\u0131r uygulanan izolasyonu destekleyenleri tatmin etmek de\u011fil, her anlamda bizimle olan, bizi destekleyen, k\u0131s\u0131tland\u0131\u011f\u0131m\u0131z her platformda g\u00fc\u00e7l\u00fc sesimiz ve solu\u011fumuz olan T\u00fcrkiye Cumhuriyeti\u2019nin deste\u011fini almakt\u0131r. \u015eu anda b\u00fcy\u00fck bir mutlulukla ifade etmek isterim ki ba\u015fta T\u00fcrkiye Cumhurba\u015fkan\u0131 Say\u0131n Recep Tayyip Erdo\u011fan olmak \u00fczere T\u00fcrkiye\u2019nin tam deste\u011fiyle Cenevre\u2019ye gidiyoruz.<\/p>\n<p>T\u00fcrkiye\u2019yle isti\u015fare i\u00e7inde K\u0131br\u0131s sorununa ili\u015fkin s\u00fcre\u00e7leri s\u00fcrd\u00fcrmek bizim devlet gelene\u011fimizdir ve benden \u00f6nceki t\u00fcm Cumhurba\u015fkanlar\u0131 da buna \u00f6nem vermi\u015ftir. Baz\u0131lar\u0131 i\u00e7 siyasi m\u00fclahazalarla kendini ayr\u0131 g\u00f6stermek istediyse de bu durum Halk\u0131m\u0131zdan kar\u015f\u0131l\u0131k bulmam\u0131\u015ft\u0131r.<\/p>\n<p>Se\u00e7ilmemle birlikte yeni bir yola \u00e7\u0131kt\u0131m, yeni bir vizyon ortaya koydum. Rum taraf\u0131n\u0131 memnun etme politikas\u0131n\u0131n son buldu\u011funu a\u00e7\u0131klad\u0131m. Herhangi bir s\u00fcre\u00e7 olacaksa, iki taraf\u0131n e\u015fitli\u011finin \u00f6nceden teyit edilmesi gerekti\u011fini, bunun da \u00f6zden gelen haklar\u0131m\u0131z\u0131n gere\u011fi oldu\u011funu s\u00f6yledim. Yani m\u00fczakere odas\u0131na girildi\u011findeki e\u015fitlik de\u011fil girmeden de o odadan \u00e7\u0131kt\u0131\u011f\u0131n\u0131zda da ayn\u0131 e\u015fitli\u011fin olmas\u0131 gerekti\u011fini defaten vurgulad\u0131m. Egemen e\u015fitli\u011fimizi ve e\u015fit uluslararas\u0131 stat\u00fcm\u00fcz\u00fcn teyidini \u00f6neminin alt\u0131n\u0131 defa defa \u00e7izdim. \u00d6zden gelen haklar\u0131m\u0131za sahip \u00e7\u0131kmak Halk\u0131m\u0131z\u0131 hangi g\u00f6revde olursa olsun temsil etti\u011fini s\u00f6yleyen herkesin g\u00f6revidir, \u00f6devidir.<\/p>\n<p>\u00d6n\u00fcm\u00fczdeki pazartesi Cenevre\u2019de ba\u015flayacak toplant\u0131n\u0131n ger\u00e7ekle\u015fmesi i\u00e7in yo\u011fun \u00e7abalar\u0131m oldu. Bu fikrimi BM Genel Sekreteri\u2019nin eski ki\u015fisel temsilci Holguin\u2019le 1 Temmuz 2024 tarihinde Londra\u2019da yapt\u0131\u011f\u0131m son g\u00f6r\u00fc\u015fmede payla\u015ft\u0131m. Orada ortak zeminin olmad\u0131\u011f\u0131n\u0131n tespitinin \u00f6nemin dikkat \u00e7ekerek, art\u0131k \u00e7al\u0131\u015fmayandan, \u00e7al\u0131\u015fmayaca\u011f\u0131 50 y\u0131l\u0131 a\u015fk\u0131n bir s\u00fcre devam eden s\u00fcre\u00e7lerle ispatlanm\u0131\u015f olan federasyonla zaman ge\u00e7irilmemesi gerekti\u011fi noktas\u0131n\u0131n alt\u0131n\u0131 \u00e7izdim. Ve dedim ki K\u0131br\u0131s adas\u0131n\u0131n gelece\u011fini ciddi \u015fekilde konu\u015fma vakti gelmi\u015ftir ve benbunu anavatanlar\u0131n kat\u0131l\u0131m\u0131yla 4+1 format\u0131nda yapmak istiyorum. Buna y\u00f6nelik \u00e7al\u0131\u015fmalar\u0131m\u0131z hem buradaki misyonlarla hem de BM dahil di\u011fer \u00e7evrelerle s\u00fcrd\u00fc. Ge\u00e7ti\u011fimiz Eyl\u00fcl ay\u0131nda Say\u0131n Genel Sekreter\u2019le ikili g\u00f6r\u00fc\u015fmemizde bu fikrimi tekrarlad\u0131m ve bunun bir gereklilik oldu\u011funun alt\u0131n\u0131 \u00e7izdim. Say\u0131n Genel Sekreter bu fikrimi olumlu buldu\u011funu, b\u00f6ylesine bir toplant\u0131ya ev sahipli\u011fi yapabilece\u011fini s\u00f6yleyerek, bu toplant\u0131 \u00f6ncesinde iki liderle gayriresmi bir yemek yemeyi de istedi\u011fini s\u00f6yledi. Bu \u00f6nerisini hemen kabul ettim. Hem kendisine duydu\u011fum sayg\u0131dan, hem de eski zeminin art\u0131k ortak zemin olmad\u0131\u011f\u0131n\u0131n kayda ge\u00e7irilmesinin ard\u0131ndan anlaml\u0131 diyalo\u011fun ba\u015flamas\u0131 gerekti\u011fine inand\u0131\u011f\u0131mdan yapt\u0131m. Ard\u0131ndan Say\u0131n Genel Sekreter Birle\u015fik Krall\u0131k\u2019\u0131n da bu toplant\u0131da yer alma iste\u011fini kendisine iletti\u011fini, kabul edersek onlar\u0131n da kat\u0131l\u0131m\u0131n\u0131 arzu etti\u011fini s\u00f6yledi. Ben de iyi niyetle konuya yakla\u015ft\u0131m, kendilerine dengeyi bozmayacak \u015fekilde iki Garant\u00f6r Anavatan\u2019\u0131n D\u0131\u015fi\u015fleri Bakanlar\u0131\u2019ndan daha d\u00fc\u015f\u00fck bir seviyede bu kat\u0131l\u0131ma r\u0131za g\u00f6sterebilece\u011fimizi s\u00f6yledim. Nihayetinde Birle\u015fik Krall\u0131k D\u0131\u015fi\u015fleri Bakan\u0131\u2019n\u0131n alt\u0131nda g\u00f6rev yapan Avrupa ve Kuzey Amerika\u2019dan Sorumlu Devlet Bakanlar\u0131 geni\u015fletilmi\u015f gayriresmi toplant\u0131da Birle\u015fik Krall\u0131k\u2019\u0131 temsil edecektir. Kendisiyle burada Cumhurba\u015fkanl\u0131\u011f\u0131ndaki Ofisimde ge\u00e7ti\u011fimiz Cuma g\u00fcn\u00fc bir g\u00f6r\u00fc\u015fme ge\u00e7ekle\u015ftirdim ve net \u015fekilde \u00fclkelerinden tarafs\u0131z bir tutum tak\u0131nmalar\u0131n\u0131 bekledi\u011fimi ilettim.<\/p>\n<p>15 Ekim New York\u2019ta BM Genel Sekreteri Say\u0131n Guterres\u2019in ev sahipli\u011finde ger\u00e7ekle\u015ftirdi\u011fimiz gayriresmi yemekte, Rum lider ne kadar saklamaya \u00e7al\u0131\u015fsa da 3 net sonu\u00e7 \u00e7\u0131km\u0131\u015ft\u0131r. Bunlardan bir tanesi taraflar aras\u0131nda yeni ve resmi bir m\u00fczakere s\u00fcrecine ge\u00e7ilebilmesi i\u00e7in ortak zeminin olmad\u0131\u011f\u0131 ger\u00e7e\u011fidir. BM Genel Sekreteri bu a\u00e7\u0131klamas\u0131yla federasyonun art\u0131k ortak bir zemin olmad\u0131\u011f\u0131n\u0131, iki taraf\u0131n farkl\u0131 pozisyonlar\u0131 oldu\u011funu net \u015fekilde ortaya koymu\u015ftur. Yinelemek istiyorum bu tart\u0131\u015fma kald\u0131ran bir durum de\u011fildir.<\/p>\n<p>\u0130kinci sonu\u00e7 \u00f6n\u00fcm\u00fczdeki Pazartesi ak\u015fam ba\u015flayacak geni\u015fletilmi\u015f formattaki gayri resmi toplant\u0131n\u0131n d\u00fczenlenece\u011fi duyurusuydu. Bu bizim a\u00e7\u0131m\u0131zdan uzun u\u011fra\u015flar sonucunda elde etti\u011fimiz \u00f6nemli bir diplomatik ba\u015far\u0131d\u0131r. Bu konu da tart\u0131\u015fmaya a\u00e7\u0131k de\u011fildir. Bizi ele\u015ftirenler hala \u015f\u00fcphe duyuyorsa hem bahsetti\u011fim zamanlarda bas\u0131na yapt\u0131\u011f\u0131m a\u00e7\u0131klamalara bakabilirler. T\u00fcm bu bilgilerin devletin ar\u015fivinde ayr\u0131nt\u0131lar\u0131yla mevcut oldu\u011funu da ifade etmek istiyorum. <\/p>\n<p>\u00dc\u00e7\u00fcnc\u00fc sonu\u00e7 ise yine herkesin bildi\u011fi \u015fekilde adada bir araya gelerek yeni kap\u0131 a\u00e7\u0131lmas\u0131 konusunda g\u00f6r\u00fc\u015fmemiz uzla\u015f\u0131s\u0131yd\u0131. Bu konuya ili\u015fkin ya\u015fad\u0131\u011f\u0131m derin hayal k\u0131r\u0131kl\u0131\u011f\u0131n\u0131 yeniden payla\u015fmak istiyorum. 2003 y\u0131l\u0131nda a\u00e7\u0131lan ilk ge\u00e7i\u015f kap\u0131s\u0131ndan bug\u00fcne son 4 ayda ya\u015fananlar herhangi bir s\u00fcre\u00e7te ya\u015fanmam\u0131\u015ft\u0131r. Metehan ara\u00e7l\u0131 ge\u00e7i\u015f kap\u0131s\u0131nda ya\u015fanan s\u0131k\u0131\u015f\u0131kl\u0131k hepinizin malumlar\u0131d\u0131r. Lefko\u015fa\u2019da yeni bir ara\u00e7l\u0131 ge\u00e7i\u015f kap\u0131s\u0131na olan ihtiya\u00e7 da yads\u0131namaz bir ger\u00e7ektir. \u0130ki taraf\u0131n yarar\u0131na olaca\u011f\u0131 a\u015fikar olan ve y\u0131lda yakla\u015f\u0131k 3 milyon ge\u00e7i\u015f hacmine, yani 3 milyon muhaceret i\u015fleminin yap\u0131ld\u0131\u011f\u0131 Metehan kap\u0131s\u0131nda ya\u015fanan s\u0131k\u0131\u015f\u0131kl\u0131\u011f\u0131n giderilmesine yarayacak olan bu \u00f6nerimiz kar\u015f\u0131s\u0131nda \u00e7ok enteresan ve hi\u00e7 de rasyonel olmayan bir tutumla kar\u015f\u0131la\u015ft\u0131k. Rum lider g\u00fcneyden g\u00fcneye transit koridordan inaret s\u00f6zde \u00f6nerisini iki Halk\u0131n hakl\u0131 taleplerine \u00f6n \u015fart olarak koydu. \u00d6nce m\u00fccadelemizin sembol yerlerinden Erenk\u00f6y sahil \u015feridinden ge\u00e7ecek kontroll\u00fc bir yol istedi, ki niyeti belli, ard\u0131ndan da Ak\u0131nc\u0131lar k\u00f6y\u00fcm\u00fcz\u00fcn kom\u015fu k\u00f6ylerinden Kirac\u0131k\u00f6y\u2019den ba\u015flayarak topraklar\u0131m\u0131zdan ve ara b\u00f6lgenin Lefko\u015fa\u2019ya ba\u011fland\u0131\u011f\u0131 yolu i\u00e7ine alacak \u015fekilde ikinci bir transit koridor yani g\u00fcneyden g\u00fcneye bir ge\u00e7i\u015f istedi. Bunlar\u0131n kabul edilmeyece\u011fini biliyordu. Neden, 13 y\u0131ld\u0131r bunlar g\u00fcndeme geliyor ancak ge\u00e7i\u015f kap\u0131s\u0131 olmad\u0131\u011f\u0131ndan kabul edilmiyordu. \u015eimdi bunu \u00f6n \u015fart haline getirmi\u015f bulunuyor. Kendisine defa defa bir ge\u00e7i\u015f kap\u0131s\u0131 \u00f6nerisi yap de\u011ferlendirmeye haz\u0131r\u0131z demi\u015f olmama ra\u011fmen \u0131srar\u0131n\u0131 bug\u00fcn dahi s\u00fcrd\u00fcr\u00fcyor. Yani kazan-kazan olabilecek ve \u00f6nemli bir ihtiyac\u0131 gidermek yerine kaybet-kaybet yakla\u015f\u0131m\u0131n\u0131 tercih etmeye devam ediyor. Konu kapanm\u0131\u015f de\u011fildir, umar\u0131m Rum lider bu uzla\u015fmaz tutumunda \u0131srar\u0131n\u0131 sonland\u0131r\u0131r.<\/p>\n<p>Yeri gelmi\u015fken buradan Say\u0131n Hristodulides\u2019e ge\u00e7ti\u011fimiz \u00c7ar\u015famba ak\u015fam\u0131 \u015fahs\u0131ma y\u00f6nelik sarf etti\u011fi s\u00f6zleri not etti\u011fimi ancak gerginlik olmamas\u0131 a\u00e7\u0131s\u0131ndan yan\u0131t vermeyece\u011fimi duyurmak istiyorum. Belli ki onun amac\u0131 daha toplant\u0131ya gitmeden ortam\u0131 germek. T\u00fcrkiye Cumhurba\u015fkan\u0131 ve Cumhurba\u015fkan\u0131 Yard\u0131mc\u0131s\u0131\u2019yla g\u00f6r\u00fc\u015fmemi hazmedememi\u015f, kendi ge\u00e7ti\u011fimiz hafta sonu Atina\u2019da de\u011filmi\u015f gibi, hem bana hem de Halk\u0131m\u0131za hakaret i\u00e7eren c\u00fcmleler kurmaya c\u00fcret etmi\u015f. Ancak ben bu tav\u0131rda olmayaca\u011f\u0131m. Yap\u0131c\u0131 ve pozitif g\u00fcndemle i\u015fbirli\u011fi k\u00fclt\u00fcr\u00fc yarat\u0131lmas\u0131na y\u00f6nelik somut d\u00fc\u015f\u00fcncelerimi Cenevre\u2019de payla\u015faca\u011f\u0131m. Kendisini de \u2018yaramaz bir \u00e7ocuk\u2019 gibi davranmaktan imtina etmeye \u00e7a\u011f\u0131r\u0131yorum.<\/p>\n<p>Gayriresmi Cenevre toplant\u0131s\u0131n\u0131n g\u00fcndemi Say\u0131n Guterres\u2019in de davet mektubunda belirtti\u011fi \u00fczere, K\u0131br\u0131s konusunda ileriye nas\u0131l gidilebilece\u011fini konu\u015fmakt\u0131r. Yani oraya adan\u0131n gelece\u011fini konu\u015fmaya gidiyoruz. Amac\u0131m\u0131z\u0131n bu oldu\u011funu ve t\u00fcm haz\u0131rl\u0131\u011f\u0131m\u0131z\u0131 da bunun \u00fczerine kurdu\u011fumuzu s\u00f6yleyebilirim. Ben orada ortak amac\u0131m\u0131z\u0131n t\u00fckenmi\u015fi, ba\u015far\u0131s\u0131zl\u0131\u011f\u0131 tekrar etmek de\u011fil uzla\u015f\u0131labilecek olana odaklanmak olmas\u0131 gerekti\u011fini vurgulamaya gidiyorum. Bunu da en net \u015fekilde ortaya koyacak bir \u00e7er\u00e7eveyi orada t\u00fcm kat\u0131l\u0131mc\u0131larla a\u00e7\u0131k fikirlilikle payla\u015faca\u011f\u0131m. Halk\u0131m\u0131z\u0131 izolasyon alt\u0131nda ya\u015famaya mahkum etmenin hi\u00e7bir gerek\u00e7esi olamaz. 60 y\u0131l\u0131 a\u015fk\u0131n s\u00fcredir K\u0131br\u0131s T\u00fcrk Halk\u0131 hi\u00e7 su\u00e7u olmamas\u0131na ra\u011fmen temel insan haklar\u0131ndan mahrum edilmektedir. Buna bir son verme zaman\u0131 gelmi\u015ftir. <\/p>\n<p>Say\u0131n Genel Sekreter\u2019in resmi daveti gelmezden \u00f6nce bizim kendileriyle gayriresmi toplant\u0131ya ili\u015fkin isti\u015faremiz \u00e7ok y\u00f6nl\u00fc olarak ba\u015flad\u0131. Gerek New York gerekse Cenevre ile s\u00fcrekli ileti\u015fim halinde BM yetkilileriyle ayr\u0131nt\u0131lar\u0131 konu\u015ftuk. Yo\u011fun, ancak etkili ileti\u015fim sayesinde hemen her g\u00fcn s\u00fcren temaslar yapt\u0131k ve yapmaya da devam ediyoruz. Oraya g\u00fc\u00e7l\u00fc bir heyetle gidiyoruz. M\u00fczakere heyetimiz, Siyasi parti yetkililerimiz, bas\u0131n mensuplar\u0131m\u0131z, resmi g\u00f6revli arkada\u015flar\u0131m\u0131zla k\u0131sa ama yo\u011fun g\u00fcndemli toplant\u0131ya haz\u0131r\u0131z.\u201d<\/p>\n<\/p><\/div>\n<p><script async\n                    defer\n                    crossorigin=\"anonymous\"\n                    src=\"https:\/\/connect.facebook.net\/tr_TR\/sdk.js#xfbml=1&#038;version=v3.3\"\n            ><\/script><br \/>\n<br \/><br \/>\n<br \/><a href=\"https:\/\/brtk.net\/cumhurbaskani-tatar-basin-toplantisi-duzenledi-tatarcenevreye-adanin-gelecegini-iki-devletin-isbirligini-haksiz-izolasyonlarin-kaldirilmasini-konusmaya-gidiyoruz\/\">Kaynak BRT <\/a><\/p>\n","protected":false},"excerpt":{"rendered":"<p>Cumhurba\u015fkan\u0131 Ersin Tatar, Cenevre\u2019ye; adan\u0131n gelece\u011fini, iki devletin i\u015fbirli\u011fini, K\u0131br\u0131s T\u00fcrk halk\u0131n\u0131n e\u015fitli\u011fini, haks\u0131z izolasyonlar\u0131n kald\u0131r\u0131lmas\u0131n\u0131 konu\u015fmaya gideceklerini, yeni siyasetten asla geri d\u00f6n\u00fc\u015f yapmayacaklar\u0131n\u0131 s\u00f6yledi. Tatar, K\u0131br\u0131s m\u00fczakere s\u00fcrecine Crans Montana\u2019dan devam etmenin s\u00f6z konusu olmad\u0131\u011f\u0131n\u0131, bu konuda net olduklar\u0131n\u0131 vurgulad\u0131. Gayriresmi Cenevre toplant\u0131s\u0131na T\u00fcrkiye Cumhuriyeti\u2019nin D\u0131\u015fi\u015fleri Bakan\u0131 Hakan Fidan ile kat\u0131laca\u011f\u0131n\u0131 ifade eden Tatar, [&hellip;]<\/p>\n","protected":false},"author":908,"featured_media":19943,"comment_status":"open","ping_status":"open","sticky":false,"template":"","format":"standard","meta":{"_jetpack_memberships_contains_paid_content":false,"footnotes":"","jetpack_publicize_message":"","jetpack_publicize_feature_enabled":true,"jetpack_social_post_already_shared":true,"jetpack_social_options":{"image_generator_settings":{"template":"highway","default_image_id":0,"font":"","enabled":false},"version":2}},"categories":[253],"tags":[],"class_list":["post-19942","post","type-post","status-publish","format-standard","has-post-thumbnail","hentry","category-gundem"],"jetpack_publicize_connections":[],"jetpack_featured_media_url":"https:\/\/kibrisayna.com\/wp-content\/uploads\/2025\/03\/hk-scaled.jpg","jetpack_sharing_enabled":true,"_links":{"self":[{"href":"https:\/\/kibrisayna.com\/index.php\/wp-json\/wp\/v2\/posts\/19942","targetHints":{"allow":["GET"]}}],"collection":[{"href":"https:\/\/kibrisayna.com\/index.php\/wp-json\/wp\/v2\/posts"}],"about":[{"href":"https:\/\/kibrisayna.com\/index.php\/wp-json\/wp\/v2\/types\/post"}],"author":[{"embeddable":true,"href":"https:\/\/kibrisayna.com\/index.php\/wp-json\/wp\/v2\/users\/908"}],"replies":[{"embeddable":true,"href":"https:\/\/kibrisayna.com\/index.php\/wp-json\/wp\/v2\/comments?post=19942"}],"version-history":[{"count":0,"href":"https:\/\/kibrisayna.com\/index.php\/wp-json\/wp\/v2\/posts\/19942\/revisions"}],"wp:featuredmedia":[{"embeddable":true,"href":"https:\/\/kibrisayna.com\/index.php\/wp-json\/wp\/v2\/media\/19943"}],"wp:attachment":[{"href":"https:\/\/kibrisayna.com\/index.php\/wp-json\/wp\/v2\/media?parent=19942"}],"wp:term":[{"taxonomy":"category","embeddable":true,"href":"https:\/\/kibrisayna.com\/index.php\/wp-json\/wp\/v2\/categories?post=19942"},{"taxonomy":"post_tag","embeddable":true,"href":"https:\/\/kibrisayna.com\/index.php\/wp-json\/wp\/v2\/tags?post=19942"}],"curies":[{"name":"wp","href":"https:\/\/api.w.org\/{rel}","templated":true}]}}