{"id":19940,"date":"2025-03-14T16:52:11","date_gmt":"2025-03-14T13:52:11","guid":{"rendered":"https:\/\/kibrisayna.com\/index.php\/2025\/03\/14\/maliye-bakani-berovaemekliler-rahat-ve-guvenli-bir-yasam-surmeyi-hak-ediyor-brtk\/"},"modified":"2025-03-14T16:52:11","modified_gmt":"2025-03-14T13:52:11","slug":"maliye-bakani-berovaemekliler-rahat-ve-guvenli-bir-yasam-surmeyi-hak-ediyor-brtk","status":"publish","type":"post","link":"https:\/\/kibrisayna.com\/index.php\/2025\/03\/14\/maliye-bakani-berovaemekliler-rahat-ve-guvenli-bir-yasam-surmeyi-hak-ediyor-brtk\/","title":{"rendered":"Maliye Bakan\u0131 Berova:Emekliler rahat ve g\u00fcvenli bir ya\u015fam s\u00fcrmeyi hak ediyor \u2013 BRTK"},"content":{"rendered":"<p> <br \/>\n<\/p>\n<div>\n<div class=\"mariselle-image-container center\">\n                <img loading=\"lazy\" decoding=\"async\" width=\"1226\" height=\"570\" class=\"lazy-image\" alt=\"\" sizes=\"auto, (max-width: 1226px) 100vw, 1226px\" src=\"https:\/\/brtk.net\/wp-content\/uploads\/2025\/03\/14\/QLJWFW.jpg?ver=0e84f40500de4ba6d6f7e31579be150e\" srcset=\"https:\/\/brtk.net\/wp-content\/uploads\/2025\/03\/14\/QLJWFW.jpg?ver=0e84f40500de4ba6d6f7e31579be150e 1226w, https:\/\/brtk.net\/wp-content\/uploads\/2025\/03\/14\/QLJWFW-300x139.jpg?ver=0e84f40500de4ba6d6f7e31579be150e 300w, https:\/\/brtk.net\/wp-content\/uploads\/2025\/03\/14\/QLJWFW-1024x476.jpg?ver=0e84f40500de4ba6d6f7e31579be150e 1024w, https:\/\/brtk.net\/wp-content\/uploads\/2025\/03\/14\/QLJWFW-768x357.jpg?ver=0e84f40500de4ba6d6f7e31579be150e 768w\"\/>                            <\/div>\n<p>Maliye Bakan\u0131 \u00d6zdemir Berova, K\u0131br\u0131s T\u00fcrk Emekliler Derne\u011fi heyetini kabul etti.<\/p>\n<p>Bakanl\u0131ktan verilen bilgiye g\u00f6re, kabulde ilk s\u00f6z\u00fc alan Emekliler Derne\u011fi Ba\u015fkan\u0131 \u00d6zer \u00c7elik yeni y\u00f6netimle Maliye Bakan\u0131 \u00d6zdemir Berova\u2019ya nezaket ziyaretinde bulunduklar\u0131n\u0131 belirtti.<\/p>\n<p>Derne\u011fin \u00e7al\u0131\u015fmalar\u0131 hakk\u0131nda Berova\u2019ya bilgi de veren \u00c7elik, ama\u00e7lar\u0131n\u0131n emeklilerin kazan\u0131lm\u0131\u015f haklar\u0131n\u0131 korumak oldu\u011funu kaydetti. \u00d6zer \u00c7elik, kabulde emeklilerin beklentilerini de dile getirdi.<\/p>\n<p>-Berova<\/p>\n<p>Maliye Bakan\u0131 \u00d6zdemir Berova, K\u0131br\u0131s T\u00fcrk Emekliler Derne\u011fi y\u00f6netiminin ziyaretinden duydu\u011fu memnuniyeti dile getirerek, emeklilerin deneyim, bilgi ve birikimlerinden yararlanman\u0131n son derece \u00f6nemli oldu\u011funu ifade etti. Berova, emeklilerle her f\u0131rsatta bir araya gelerek isti\u015farede bulundu\u011funu da s\u00f6yledi.<\/p>\n<p>Uzun y\u0131llar yo\u011fun ve \u00f6zverili s\u00fcren \u00e7al\u0131\u015fma hayat\u0131n\u0131n sonunda elde edilen emeklili\u011fin kutsal bir hak oldu\u011funu, emeklilerin emeklerinin kar\u015f\u0131l\u0131\u011f\u0131nda rahat ve g\u00fcvenli bir ya\u015fam s\u00fcrmeyi hak etti\u011fini vurgulayan Berova, \u201cAllah hepimize hay\u0131rl\u0131 emeklilik nasip etsin.\u201d dedi.<\/p>\n<\/p><\/div>\n<p><script async\n                    defer\n                    crossorigin=\"anonymous\"\n                    src=\"https:\/\/connect.facebook.net\/tr_TR\/sdk.js#xfbml=1&#038;version=v3.3\"\n            ><\/script><br \/>\n<br \/><br \/>\n<br \/><a href=\"https:\/\/brtk.net\/maliye-bakani-berovaemekliler-rahat-ve-guvenli-bir-yasam-surmeyi-hak-ediyor\/\">Kaynak BRT <\/a><\/p>\n","protected":false},"excerpt":{"rendered":"<p>Maliye Bakan\u0131 \u00d6zdemir Berova, K\u0131br\u0131s T\u00fcrk Emekliler Derne\u011fi heyetini kabul etti. Bakanl\u0131ktan verilen bilgiye g\u00f6re, kabulde ilk s\u00f6z\u00fc alan Emekliler Derne\u011fi Ba\u015fkan\u0131 \u00d6zer \u00c7elik yeni y\u00f6netimle Maliye Bakan\u0131 \u00d6zdemir Berova\u2019ya nezaket ziyaretinde bulunduklar\u0131n\u0131 belirtti. Derne\u011fin \u00e7al\u0131\u015fmalar\u0131 hakk\u0131nda Berova\u2019ya bilgi de veren \u00c7elik, ama\u00e7lar\u0131n\u0131n emeklilerin kazan\u0131lm\u0131\u015f haklar\u0131n\u0131 korumak oldu\u011funu kaydetti. \u00d6zer \u00c7elik, kabulde emeklilerin beklentilerini de [&hellip;]<\/p>\n","protected":false},"author":908,"featured_media":19941,"comment_status":"open","ping_status":"open","sticky":false,"template":"","format":"standard","meta":{"_jetpack_memberships_contains_paid_content":false,"footnotes":"","jetpack_publicize_message":"","jetpack_publicize_feature_enabled":true,"jetpack_social_post_already_shared":true,"jetpack_social_options":{"image_generator_settings":{"template":"highway","default_image_id":0,"font":"","enabled":false},"version":2}},"categories":[253],"tags":[],"class_list":["post-19940","post","type-post","status-publish","format-standard","has-post-thumbnail","hentry","category-gundem"],"jetpack_publicize_connections":[],"jetpack_featured_media_url":"https:\/\/kibrisayna.com\/wp-content\/uploads\/2025\/03\/QLJWFW.jpg","jetpack_sharing_enabled":true,"_links":{"self":[{"href":"https:\/\/kibrisayna.com\/index.php\/wp-json\/wp\/v2\/posts\/19940","targetHints":{"allow":["GET"]}}],"collection":[{"href":"https:\/\/kibrisayna.com\/index.php\/wp-json\/wp\/v2\/posts"}],"about":[{"href":"https:\/\/kibrisayna.com\/index.php\/wp-json\/wp\/v2\/types\/post"}],"author":[{"embeddable":true,"href":"https:\/\/kibrisayna.com\/index.php\/wp-json\/wp\/v2\/users\/908"}],"replies":[{"embeddable":true,"href":"https:\/\/kibrisayna.com\/index.php\/wp-json\/wp\/v2\/comments?post=19940"}],"version-history":[{"count":0,"href":"https:\/\/kibrisayna.com\/index.php\/wp-json\/wp\/v2\/posts\/19940\/revisions"}],"wp:featuredmedia":[{"embeddable":true,"href":"https:\/\/kibrisayna.com\/index.php\/wp-json\/wp\/v2\/media\/19941"}],"wp:attachment":[{"href":"https:\/\/kibrisayna.com\/index.php\/wp-json\/wp\/v2\/media?parent=19940"}],"wp:term":[{"taxonomy":"category","embeddable":true,"href":"https:\/\/kibrisayna.com\/index.php\/wp-json\/wp\/v2\/categories?post=19940"},{"taxonomy":"post_tag","embeddable":true,"href":"https:\/\/kibrisayna.com\/index.php\/wp-json\/wp\/v2\/tags?post=19940"}],"curies":[{"name":"wp","href":"https:\/\/api.w.org\/{rel}","templated":true}]}}