{"id":19914,"date":"2025-03-14T15:07:09","date_gmt":"2025-03-14T12:07:09","guid":{"rendered":"https:\/\/kibrisayna.com\/index.php\/2025\/03\/14\/kktc-mok-secimli-genel-kurulu-yarin-brtk-2\/"},"modified":"2025-03-14T15:07:09","modified_gmt":"2025-03-14T12:07:09","slug":"kktc-mok-secimli-genel-kurulu-yarin-brtk-2","status":"publish","type":"post","link":"https:\/\/kibrisayna.com\/index.php\/2025\/03\/14\/kktc-mok-secimli-genel-kurulu-yarin-brtk-2\/","title":{"rendered":"KKTC MOK se\u00e7imli genel kurulu yar\u0131n \u2013 BRTK"},"content":{"rendered":"<p> <br \/>\n<\/p>\n<div>\n<div class=\"mariselle-image-container center\">\n                <img loading=\"lazy\" decoding=\"async\" width=\"432\" height=\"551\" class=\"lazy-image\" alt=\"\" sizes=\"auto, (max-width: 432px) 100vw, 432px\" src=\"https:\/\/brtk.net\/wp-content\/uploads\/2025\/03\/14\/MOK.jpg?ver=963b548627bbe45aa903a1fb4ad86a0e\" srcset=\"https:\/\/brtk.net\/wp-content\/uploads\/2025\/03\/14\/MOK.jpg?ver=963b548627bbe45aa903a1fb4ad86a0e 432w, https:\/\/brtk.net\/wp-content\/uploads\/2025\/03\/14\/MOK-235x300.jpg?ver=8dd48bf86aa8e76d604421b3d6c88e1f 235w\"\/>                            <\/div>\n<p>KKTC Milli Olimpiyat Komitesi\u2019nde se\u00e7imli genel kurul yar\u0131n yap\u0131lacak.<br \/>Girne \u00d6\u011fretmen Evi\u2019nde saat 11.00\u2019de ba\u015flayacak genel kurulda ba\u015fkanl\u0131k g\u00f6revi i\u00e7in Or\u00e7un Kamal\u0131 tek aday.<br \/>\u00dclke spor y\u00f6netimi dahil Futbol Federasyonu ve Engelliler Spor Federasyonu\u2019nda da g\u00f6revlerde bulunan Or\u00e7un Kamal\u0131, yurt d\u0131\u015f\u0131 organizasyonlar\u0131n g\u00f6rev kadrolar\u0131nda da yer alan bir isim.<br \/>Kamal\u0131 en son Uluslararas\u0131 Tekerlekli Sandalye Basketbol Federasyonu IWBF Europe\u2019un y\u00f6netim kuruluna se\u00e7ilmi\u015fti.<\/p>\n<\/p><\/div>\n<p><script async\n                    defer\n                    crossorigin=\"anonymous\"\n                    src=\"https:\/\/connect.facebook.net\/tr_TR\/sdk.js#xfbml=1&#038;version=v3.3\"\n            ><\/script><br \/>\n<br \/><br \/>\n<br \/><a href=\"https:\/\/brtk.net\/kktc-mok-secimli-genel-kurulu-yarin-2\/\">Kaynak BRT <\/a><\/p>\n","protected":false},"excerpt":{"rendered":"<p>KKTC Milli Olimpiyat Komitesi\u2019nde se\u00e7imli genel kurul yar\u0131n yap\u0131lacak.Girne \u00d6\u011fretmen Evi\u2019nde saat 11.00\u2019de ba\u015flayacak genel kurulda ba\u015fkanl\u0131k g\u00f6revi i\u00e7in Or\u00e7un Kamal\u0131 tek aday.\u00dclke spor y\u00f6netimi dahil Futbol Federasyonu ve Engelliler Spor Federasyonu\u2019nda da g\u00f6revlerde bulunan Or\u00e7un Kamal\u0131, yurt d\u0131\u015f\u0131 organizasyonlar\u0131n g\u00f6rev kadrolar\u0131nda da yer alan bir isim.Kamal\u0131 en son Uluslararas\u0131 Tekerlekli Sandalye Basketbol Federasyonu IWBF [&hellip;]<\/p>\n","protected":false},"author":908,"featured_media":19201,"comment_status":"open","ping_status":"open","sticky":false,"template":"","format":"standard","meta":{"_jetpack_memberships_contains_paid_content":false,"footnotes":"","jetpack_publicize_message":"","jetpack_publicize_feature_enabled":true,"jetpack_social_post_already_shared":true,"jetpack_social_options":{"image_generator_settings":{"template":"highway","default_image_id":0,"font":"","enabled":false},"version":2}},"categories":[9],"tags":[],"class_list":["post-19914","post","type-post","status-publish","format-standard","has-post-thumbnail","hentry","category-spor"],"jetpack_publicize_connections":[],"jetpack_featured_media_url":"https:\/\/kibrisayna.com\/wp-content\/uploads\/2025\/03\/MOK.jpg","jetpack_sharing_enabled":true,"_links":{"self":[{"href":"https:\/\/kibrisayna.com\/index.php\/wp-json\/wp\/v2\/posts\/19914","targetHints":{"allow":["GET"]}}],"collection":[{"href":"https:\/\/kibrisayna.com\/index.php\/wp-json\/wp\/v2\/posts"}],"about":[{"href":"https:\/\/kibrisayna.com\/index.php\/wp-json\/wp\/v2\/types\/post"}],"author":[{"embeddable":true,"href":"https:\/\/kibrisayna.com\/index.php\/wp-json\/wp\/v2\/users\/908"}],"replies":[{"embeddable":true,"href":"https:\/\/kibrisayna.com\/index.php\/wp-json\/wp\/v2\/comments?post=19914"}],"version-history":[{"count":0,"href":"https:\/\/kibrisayna.com\/index.php\/wp-json\/wp\/v2\/posts\/19914\/revisions"}],"wp:featuredmedia":[{"embeddable":true,"href":"https:\/\/kibrisayna.com\/index.php\/wp-json\/wp\/v2\/media\/19201"}],"wp:attachment":[{"href":"https:\/\/kibrisayna.com\/index.php\/wp-json\/wp\/v2\/media?parent=19914"}],"wp:term":[{"taxonomy":"category","embeddable":true,"href":"https:\/\/kibrisayna.com\/index.php\/wp-json\/wp\/v2\/categories?post=19914"},{"taxonomy":"post_tag","embeddable":true,"href":"https:\/\/kibrisayna.com\/index.php\/wp-json\/wp\/v2\/tags?post=19914"}],"curies":[{"name":"wp","href":"https:\/\/api.w.org\/{rel}","templated":true}]}}