{"id":19761,"date":"2025-03-12T20:46:19","date_gmt":"2025-03-12T17:46:19","guid":{"rendered":"https:\/\/kibrisayna.com\/index.php\/2025\/03\/12\/disisleri-bakani-ertugruloglu-gau-ogrencilerini-kabul-etti-brtk\/"},"modified":"2025-03-12T20:46:19","modified_gmt":"2025-03-12T17:46:19","slug":"disisleri-bakani-ertugruloglu-gau-ogrencilerini-kabul-etti-brtk","status":"publish","type":"post","link":"https:\/\/kibrisayna.com\/index.php\/2025\/03\/12\/disisleri-bakani-ertugruloglu-gau-ogrencilerini-kabul-etti-brtk\/","title":{"rendered":"D\u0131\u015fi\u015fleri Bakan\u0131 Ertu\u011frulo\u011flu, GA\u00dc \u00f6\u011frencilerini kabul etti \u2013 BRTK"},"content":{"rendered":"<p> <br \/>\n<\/p>\n<div>\n<div class=\"mariselle-image-container none\">\n                <img loading=\"lazy\" decoding=\"async\" width=\"926\" height=\"591\" class=\"lazy-image\" alt=\"\" sizes=\"auto, (max-width: 926px) 100vw, 926px\" src=\"https:\/\/brtk.net\/wp-content\/uploads\/2025\/03\/12\/Ertugruloglu-ogrenciler-1.jpg?ver=eaf36c71e98c8ef7176ff59ca185eb9a\" srcset=\"https:\/\/brtk.net\/wp-content\/uploads\/2025\/03\/12\/Ertugruloglu-ogrenciler-1.jpg?ver=eaf36c71e98c8ef7176ff59ca185eb9a 926w, https:\/\/brtk.net\/wp-content\/uploads\/2025\/03\/12\/Ertugruloglu-ogrenciler-1-300x191.jpg?ver=eaf36c71e98c8ef7176ff59ca185eb9a 300w, https:\/\/brtk.net\/wp-content\/uploads\/2025\/03\/12\/Ertugruloglu-ogrenciler-1-768x490.jpg?ver=3561414b964557cc2032717a5c628516 768w, https:\/\/brtk.net\/wp-content\/uploads\/2025\/03\/12\/Ertugruloglu-ogrenciler-1-566x360.jpg?ver=3561414b964557cc2032717a5c628516 566w\"\/>                            <\/div>\n<p style=\"font-weight: 300;\"><span style=\"font-weight: 300 !important;\">\u00a0D\u0131\u015fi\u015fleri Bakan\u0131 Tahsin Ertu\u011frulo\u011flu, Girne Amerikan \u00dcniversitesi (GA\u00dc) \u00f6\u011frencilerini kabul etti.<\/span><\/p>\n<p style=\"font-weight: 300;\">Bakanl\u0131ktan verilen bilgiye g\u00f6re, GA\u00dc Siyasal Bilgiler Fak\u00fcltesi ve Hukuk Fak\u00fcltesi \u00f6\u011frencilerini milli K\u0131br\u0131s davas\u0131 ve s\u00fcre\u00e7 hakk\u0131nda bilgilendiren D\u0131\u015fi\u015fleri Bakan\u0131 Ertu\u011frulo\u011flu, \u00f6\u011frencilerin sorular\u0131n\u0131 da yan\u0131tlad\u0131.<\/p>\n<p style=\"font-weight: 300;\">Ziyarette, Do\u00e7. Dr. Hasibe \u015eaho\u011flu, Do\u00e7. Dr. Sad\u0131k Akyar ile Yrd. Do\u00e7. Dr. Alper G\u00fclbay da haz\u0131r bulundu.<\/p>\n<p>\u00a0<\/p>\n<\/p><\/div>\n<p><script async\n                    defer\n                    crossorigin=\"anonymous\"\n                    src=\"https:\/\/connect.facebook.net\/tr_TR\/sdk.js#xfbml=1&#038;version=v3.3\"\n            ><\/script><br \/>\n<br \/><br \/>\n<br \/><a href=\"https:\/\/brtk.net\/disisleri-bakani-ertugruloglu-gau-ogrencilerini-kabul-etti\/\">Kaynak BRT <\/a><\/p>\n","protected":false},"excerpt":{"rendered":"<p>\u00a0D\u0131\u015fi\u015fleri Bakan\u0131 Tahsin Ertu\u011frulo\u011flu, Girne Amerikan \u00dcniversitesi (GA\u00dc) \u00f6\u011frencilerini kabul etti. Bakanl\u0131ktan verilen bilgiye g\u00f6re, GA\u00dc Siyasal Bilgiler Fak\u00fcltesi ve Hukuk Fak\u00fcltesi \u00f6\u011frencilerini milli K\u0131br\u0131s davas\u0131 ve s\u00fcre\u00e7 hakk\u0131nda bilgilendiren D\u0131\u015fi\u015fleri Bakan\u0131 Ertu\u011frulo\u011flu, \u00f6\u011frencilerin sorular\u0131n\u0131 da yan\u0131tlad\u0131. Ziyarette, Do\u00e7. Dr. Hasibe \u015eaho\u011flu, Do\u00e7. Dr. Sad\u0131k Akyar ile Yrd. Do\u00e7. Dr. Alper G\u00fclbay da haz\u0131r bulundu. [&hellip;]<\/p>\n","protected":false},"author":908,"featured_media":19762,"comment_status":"open","ping_status":"open","sticky":false,"template":"","format":"standard","meta":{"_jetpack_memberships_contains_paid_content":false,"footnotes":"","jetpack_publicize_message":"","jetpack_publicize_feature_enabled":true,"jetpack_social_post_already_shared":true,"jetpack_social_options":{"image_generator_settings":{"template":"highway","default_image_id":0,"font":"","enabled":false},"version":2}},"categories":[253],"tags":[],"class_list":["post-19761","post","type-post","status-publish","format-standard","has-post-thumbnail","hentry","category-gundem"],"jetpack_publicize_connections":[],"jetpack_featured_media_url":"https:\/\/kibrisayna.com\/wp-content\/uploads\/2025\/03\/Ertugruloglu-ogrenciler-1.jpg","jetpack_sharing_enabled":true,"_links":{"self":[{"href":"https:\/\/kibrisayna.com\/index.php\/wp-json\/wp\/v2\/posts\/19761","targetHints":{"allow":["GET"]}}],"collection":[{"href":"https:\/\/kibrisayna.com\/index.php\/wp-json\/wp\/v2\/posts"}],"about":[{"href":"https:\/\/kibrisayna.com\/index.php\/wp-json\/wp\/v2\/types\/post"}],"author":[{"embeddable":true,"href":"https:\/\/kibrisayna.com\/index.php\/wp-json\/wp\/v2\/users\/908"}],"replies":[{"embeddable":true,"href":"https:\/\/kibrisayna.com\/index.php\/wp-json\/wp\/v2\/comments?post=19761"}],"version-history":[{"count":0,"href":"https:\/\/kibrisayna.com\/index.php\/wp-json\/wp\/v2\/posts\/19761\/revisions"}],"wp:featuredmedia":[{"embeddable":true,"href":"https:\/\/kibrisayna.com\/index.php\/wp-json\/wp\/v2\/media\/19762"}],"wp:attachment":[{"href":"https:\/\/kibrisayna.com\/index.php\/wp-json\/wp\/v2\/media?parent=19761"}],"wp:term":[{"taxonomy":"category","embeddable":true,"href":"https:\/\/kibrisayna.com\/index.php\/wp-json\/wp\/v2\/categories?post=19761"},{"taxonomy":"post_tag","embeddable":true,"href":"https:\/\/kibrisayna.com\/index.php\/wp-json\/wp\/v2\/tags?post=19761"}],"curies":[{"name":"wp","href":"https:\/\/api.w.org\/{rel}","templated":true}]}}