{"id":19525,"date":"2025-03-10T19:01:18","date_gmt":"2025-03-10T16:01:18","guid":{"rendered":"https:\/\/kibrisayna.com\/index.php\/2025\/03\/10\/yesilirmakin-yasama-dokunulmazligi-ic-tuzuk-geregi-mecliste-ozel-komite-kuruldu-brtk\/"},"modified":"2025-03-10T19:01:18","modified_gmt":"2025-03-10T16:01:18","slug":"yesilirmakin-yasama-dokunulmazligi-ic-tuzuk-geregi-mecliste-ozel-komite-kuruldu-brtk","status":"publish","type":"post","link":"https:\/\/kibrisayna.com\/index.php\/2025\/03\/10\/yesilirmakin-yasama-dokunulmazligi-ic-tuzuk-geregi-mecliste-ozel-komite-kuruldu-brtk\/","title":{"rendered":"Ye\u015fil\u0131rmak\u2019\u0131n yasama dokunulmazl\u0131\u011f\u0131\u2026 \u0130\u00e7 T\u00fcz\u00fck gere\u011fi Meclis\u2019te \u00f6zel komite kuruldu \u2013 BRTK"},"content":{"rendered":"<p> <br \/>\n<\/p>\n<div>\n<div class=\"mariselle-image-container center\">\n                <img loading=\"lazy\" decoding=\"async\" width=\"1600\" height=\"1066\" class=\"lazy-image\" alt=\"\" sizes=\"auto, (max-width: 1600px) 100vw, 1600px\" src=\"https:\/\/brtk.net\/wp-content\/uploads\/2024\/10\/01\/emrah.jpeg?ver=925821ea7b8af548abd60dd8db417322\" srcset=\"https:\/\/brtk.net\/wp-content\/uploads\/2024\/10\/01\/emrah.jpeg?ver=925821ea7b8af548abd60dd8db417322 1600w, https:\/\/brtk.net\/wp-content\/uploads\/2024\/10\/01\/emrah-300x200.jpeg?ver=42f2fb8dfcc26d9248dfffb278d9c74e 300w, https:\/\/brtk.net\/wp-content\/uploads\/2024\/10\/01\/emrah-1024x682.jpeg?ver=42f2fb8dfcc26d9248dfffb278d9c74e 1024w, https:\/\/brtk.net\/wp-content\/uploads\/2024\/10\/01\/emrah-768x512.jpeg?ver=42f2fb8dfcc26d9248dfffb278d9c74e 768w, https:\/\/brtk.net\/wp-content\/uploads\/2024\/10\/01\/emrah-1536x1023.jpeg?ver=85350d0ecdc14f7ee65a6758c3b6389f 1536w\"\/>                            <\/div>\n<p>\u00a0<\/p>\n<p>\u00a0<\/p>\n<p>Ulusal Birlik Partisi Milletvekili Emrah Ye\u015fil\u0131rmak hakk\u0131nda sahte diploma iddias\u0131yla Ba\u015fsavc\u0131l\u0131\u011f\u0131n Meclis\u2019e g\u00f6nderdi\u011fi soru\u015fturma dosyas\u0131 i\u015fleme girdi.<\/p>\n<p>\u0130\u00e7 t\u00fcz\u00fck gere\u011fi Ye\u015fil\u0131rmak\u2019\u0131n yasama dokunulmazl\u0131\u011f\u0131n\u0131n kald\u0131r\u0131lmas\u0131 istemini g\u00f6r\u00fc\u015fmek \u00fczere Meclis\u2019te 5 \u00fcyeli \u00f6zel komite olu\u015fturuldu.<\/p>\n<p>Ulusal Birlik Partisi Milletvekili Emrah Ye\u015fil\u0131rmak hakk\u0131nda ortaya at\u0131lan sahte diploma iddias\u0131 Cumhuriyet Meclisi\u2019nde ele al\u0131nd\u0131.<\/p>\n<p>Ba\u015fsavc\u0131l\u0131\u011f\u0131n haz\u0131rlad\u0131\u011f\u0131 soru\u015fturma dosyas\u0131n\u0131n Meclis\u2019e ula\u015fmas\u0131n\u0131n ard\u0131ndan \u0130\u00e7 T\u00fcz\u00fck gere\u011fi \u00f6zel komite olu\u015fturuldu.<\/p>\n<p>Ye\u015fil\u0131rmak\u2019\u0131n yasama dokunulmazl\u0131\u011f\u0131n\u0131n kald\u0131r\u0131lmas\u0131 istemini g\u00f6r\u00fc\u015fecek olan \u00f6zel komitenin 5 \u00fcyeden olu\u015fmas\u0131 Genel Kurul\u2019da oybirli\u011fi ile kararla\u015ft\u0131r\u0131ld\u0131.<\/p>\n<\/p><\/div>\n<p><script async\n                    defer\n                    crossorigin=\"anonymous\"\n                    src=\"https:\/\/connect.facebook.net\/tr_TR\/sdk.js#xfbml=1&#038;version=v3.3\"\n            ><\/script><br \/>\n<br \/><br \/>\n<br \/><a href=\"https:\/\/brtk.net\/yesilirmakin-yasama-dokunulmazligi-ic-tuzuk-geregi-mecliste-ozel-komite-kuruldu\/\">Kaynak BRT <\/a><\/p>\n","protected":false},"excerpt":{"rendered":"<p>\u00a0 \u00a0 Ulusal Birlik Partisi Milletvekili Emrah Ye\u015fil\u0131rmak hakk\u0131nda sahte diploma iddias\u0131yla Ba\u015fsavc\u0131l\u0131\u011f\u0131n Meclis\u2019e g\u00f6nderdi\u011fi soru\u015fturma dosyas\u0131 i\u015fleme girdi. \u0130\u00e7 t\u00fcz\u00fck gere\u011fi Ye\u015fil\u0131rmak\u2019\u0131n yasama dokunulmazl\u0131\u011f\u0131n\u0131n kald\u0131r\u0131lmas\u0131 istemini g\u00f6r\u00fc\u015fmek \u00fczere Meclis\u2019te 5 \u00fcyeli \u00f6zel komite olu\u015fturuldu. Ulusal Birlik Partisi Milletvekili Emrah Ye\u015fil\u0131rmak hakk\u0131nda ortaya at\u0131lan sahte diploma iddias\u0131 Cumhuriyet Meclisi\u2019nde ele al\u0131nd\u0131. Ba\u015fsavc\u0131l\u0131\u011f\u0131n haz\u0131rlad\u0131\u011f\u0131 soru\u015fturma dosyas\u0131n\u0131n [&hellip;]<\/p>\n","protected":false},"author":908,"featured_media":19526,"comment_status":"open","ping_status":"open","sticky":false,"template":"","format":"standard","meta":{"_jetpack_memberships_contains_paid_content":false,"footnotes":"","jetpack_publicize_message":"","jetpack_publicize_feature_enabled":true,"jetpack_social_post_already_shared":true,"jetpack_social_options":{"image_generator_settings":{"template":"highway","default_image_id":0,"font":"","enabled":false},"version":2}},"categories":[253],"tags":[],"class_list":["post-19525","post","type-post","status-publish","format-standard","has-post-thumbnail","hentry","category-gundem"],"jetpack_publicize_connections":[],"jetpack_featured_media_url":"https:\/\/kibrisayna.com\/wp-content\/uploads\/2025\/03\/emrah.jpeg","jetpack_sharing_enabled":true,"_links":{"self":[{"href":"https:\/\/kibrisayna.com\/index.php\/wp-json\/wp\/v2\/posts\/19525","targetHints":{"allow":["GET"]}}],"collection":[{"href":"https:\/\/kibrisayna.com\/index.php\/wp-json\/wp\/v2\/posts"}],"about":[{"href":"https:\/\/kibrisayna.com\/index.php\/wp-json\/wp\/v2\/types\/post"}],"author":[{"embeddable":true,"href":"https:\/\/kibrisayna.com\/index.php\/wp-json\/wp\/v2\/users\/908"}],"replies":[{"embeddable":true,"href":"https:\/\/kibrisayna.com\/index.php\/wp-json\/wp\/v2\/comments?post=19525"}],"version-history":[{"count":0,"href":"https:\/\/kibrisayna.com\/index.php\/wp-json\/wp\/v2\/posts\/19525\/revisions"}],"wp:featuredmedia":[{"embeddable":true,"href":"https:\/\/kibrisayna.com\/index.php\/wp-json\/wp\/v2\/media\/19526"}],"wp:attachment":[{"href":"https:\/\/kibrisayna.com\/index.php\/wp-json\/wp\/v2\/media?parent=19525"}],"wp:term":[{"taxonomy":"category","embeddable":true,"href":"https:\/\/kibrisayna.com\/index.php\/wp-json\/wp\/v2\/categories?post=19525"},{"taxonomy":"post_tag","embeddable":true,"href":"https:\/\/kibrisayna.com\/index.php\/wp-json\/wp\/v2\/tags?post=19525"}],"curies":[{"name":"wp","href":"https:\/\/api.w.org\/{rel}","templated":true}]}}